{"id":55765,"date":"2022-10-03T10:01:11","date_gmt":"2022-10-03T16:01:11","guid":{"rendered":"https:\/\/ovelanalista.com\/?p=55765"},"modified":"2022-10-03T10:01:11","modified_gmt":"2022-10-03T16:01:11","slug":"crimen-no-cabildea-salida-del-ejercito-de-las-calles-sino-politiqueros-amlo","status":"publish","type":"post","link":"https:\/\/ovelanalista.com\/?p=55765","title":{"rendered":"Crimen no cabildea salida del Ej\u00e9rcito de las calles, sino politiqueros: AMLO"},"content":{"rendered":"<p>El presidente Andr\u00e9s Manuel L\u00f3pez Obrador acus\u00f3 este lunes que son los politiqueros en el Congreso de la Uni\u00f3n y los partidos quienes cabildean para sacar al Ej\u00e9rcito de las calles y no el crimen organizado.<\/p>\n<p data-t=\"{&quot;n&quot;:&quot;blueLinks&quot;}\">El jefe del Ejecutivo federal reiter\u00f3 la necesidad de que las fuerzas armadas contribuyan en tareas de seguridad p\u00fablica en los estados.<\/p>\n<p data-t=\"{&quot;n&quot;:&quot;blueLinks&quot;}\">\u201cNo es eso, no es que las organizaciones de la delincuencia, la delincuencia organizada est\u00e9 presionando para que el Ej\u00e9rcito y la Marina no participen en labores de seguridad p\u00fablica.<\/p>\n<p data-t=\"{&quot;n&quot;:&quot;blueLinks&quot;}\">\u201cM\u00e1s bien yo lo veo como un asunto politiquero, no es que haya inter\u00e9s en un gobierno estatal o en quienes puedan tener v\u00ednculos con la delincuencia organizada y est\u00e9n haciendo una campa\u00f1a para que no se permita el ej\u00e9rcito participar en seguridad p\u00fablica.<\/p>\n<p data-t=\"{&quot;n&quot;:&quot;blueLinks&quot;}\">\u201cEs un asunto de legisladores y partidos de oposici\u00f3n y yo creo que se equivocaron aunque todav\u00eda pueden rectificar\u201d, lanz\u00f3 el mandatario federal.<\/p>\n<p data-t=\"{&quot;n&quot;:&quot;blueLinks&quot;}\">Esta tarde, las comisiones de Puntos Constitucionales y Estudios Legislativos del Senado de la Rep\u00fablica volver\u00e1n a analizar el dictamen de la C\u00e1mara baja para ampliar hasta 2028 la utilizaci\u00f3n del Ej\u00e9rcito y la Marina.<\/p>\n<p class=\"continue-read-break\" data-t=\"{&quot;n&quot;:&quot;blueLinks&quot;}\">Ricardo Monreal, l\u00edder de la bancada de Morena, afirm\u00f3 que esta semana se someter\u00e1 a votaci\u00f3n la iniciativa al tiempo que declar\u00f3 estar en b\u00fasqueda del consenso y di\u00e1logo para avalar la propuesta.<\/p>\n<p data-t=\"{&quot;n&quot;:&quot;blueLinks&quot;}\">\n<p data-t=\"{&quot;n&quot;:&quot;blueLinks&quot;}\">Con informaci\u00f3n de Forbes<\/p>\n","protected":false},"excerpt":{"rendered":"<p>El presidente Andr\u00e9s Manuel L\u00f3pez Obrador acus\u00f3 este lunes que son los politiqueros en el Congreso de la Uni\u00f3n y los partidos quienes cabildean para sacar al Ej\u00e9rcito de las calles y no el crimen organizado. El jefe del Ejecutivo federal reiter\u00f3 la necesidad de que las fuerzas armadas contribuyan en tareas de seguridad p\u00fablica en los estados. \u201cNo es eso, no es que las organizaciones de la delincuencia, la delincuencia organizada est\u00e9 presionando para que el Ej\u00e9rcito y la Marina no participen en labores de seguridad p\u00fablica. \u201cM\u00e1s bien yo lo veo como un asunto politiquero, no es que [&hellip;]<\/p>\n","protected":false},"author":3,"featured_media":54343,"comment_status":"open","ping_status":"open","sticky":false,"template":"","format":"standard","meta":{"_jetpack_newsletter_access":"","_jetpack_dont_email_post_to_subs":false,"_jetpack_newsletter_tier_id":0,"_jetpack_memberships_contains_paywalled_content":false,"_jetpack_feature_clip_id":0,"_jetpack_memberships_contains_paid_content":false,"footnotes":"","jetpack_publicize_message":"","jetpack_publicize_feature_enabled":true,"jetpack_social_post_already_shared":true,"jetpack_social_options":{"image_generator_settings":{"template":"highway","default_image_id":0,"font":"","enabled":false},"version":2},"jetpack_post_was_ever_published":false},"categories":[75,72],"tags":[],"class_list":["post-55765","post","type-post","status-publish","format-standard","has-post-thumbnail","hentry","category-nacional","category-portada","post--single"],"jetpack_publicize_connections":[],"jetpack_featured_media_url":"https:\/\/ovelanalista.com\/wp-content\/uploads\/2022\/09\/AMLO-44.jpeg","jetpack_sharing_enabled":true,"_links":{"self":[{"href":"https:\/\/ovelanalista.com\/index.php?rest_route=\/wp\/v2\/posts\/55765","targetHints":{"allow":["GET"]}}],"collection":[{"href":"https:\/\/ovelanalista.com\/index.php?rest_route=\/wp\/v2\/posts"}],"about":[{"href":"https:\/\/ovelanalista.com\/index.php?rest_route=\/wp\/v2\/types\/post"}],"author":[{"embeddable":true,"href":"https:\/\/ovelanalista.com\/index.php?rest_route=\/wp\/v2\/users\/3"}],"replies":[{"embeddable":true,"href":"https:\/\/ovelanalista.com\/index.php?rest_route=%2Fwp%2Fv2%2Fcomments&post=55765"}],"version-history":[{"count":1,"href":"https:\/\/ovelanalista.com\/index.php?rest_route=\/wp\/v2\/posts\/55765\/revisions"}],"predecessor-version":[{"id":55766,"href":"https:\/\/ovelanalista.com\/index.php?rest_route=\/wp\/v2\/posts\/55765\/revisions\/55766"}],"wp:featuredmedia":[{"embeddable":true,"href":"https:\/\/ovelanalista.com\/index.php?rest_route=\/wp\/v2\/media\/54343"}],"wp:attachment":[{"href":"https:\/\/ovelanalista.com\/index.php?rest_route=%2Fwp%2Fv2%2Fmedia&parent=55765"}],"wp:term":[{"taxonomy":"category","embeddable":true,"href":"https:\/\/ovelanalista.com\/index.php?rest_route=%2Fwp%2Fv2%2Fcategories&post=55765"},{"taxonomy":"post_tag","embeddable":true,"href":"https:\/\/ovelanalista.com\/index.php?rest_route=%2Fwp%2Fv2%2Ftags&post=55765"}],"curies":[{"name":"wp","href":"https:\/\/api.w.org\/{rel}","templated":true}]}}