{"id":55771,"date":"2022-10-03T10:20:36","date_gmt":"2022-10-03T16:20:36","guid":{"rendered":"https:\/\/ovelanalista.com\/?p=55771"},"modified":"2022-10-03T10:11:52","modified_gmt":"2022-10-03T16:11:52","slug":"conclave-en-iguala-no-fue-para-tramar-la-verdad-historica","status":"publish","type":"post","link":"https:\/\/ovelanalista.com\/?p=55771","title":{"rendered":"C\u00f3nclave en Iguala no fue para tramar la verdad hist\u00f3rica"},"content":{"rendered":"<p>El <b>Grupo Interdisciplinario de Expertos Independientes (GIEI) <\/b>del caso <b>Ayotzinapa<\/b> confirm\u00f3 en su investigaci\u00f3n la existencia de un c\u00f3nclave entre autoridades de distintos niveles para la indagatoria por la desaparici\u00f3n de los 43 normalistas, pero\u00a0\u2014a diferencia de la Fiscal\u00eda General de la Rep\u00fablica (FGR)\u2014\u00a0los expertos internacionales no concluyeron que este encuentro se realiz\u00f3 para \u201curdir\u201d la llamada <i>verdad hist\u00f3rica<\/i>, sino para intervenir los tel\u00e9fonos de integrantes del grupo criminal <b>Guerreros Unidos.<\/b><\/p>\n<p data-t=\"{&quot;n&quot;:&quot;blueLinks&quot;}\">En su \u00faltimo informe que dieron a conocer el jueves pasado en conferencia, los especialistas de la <b>Comisi\u00f3n Interamericana de Derechos Humanos (CIDH)<\/b>explicaron que documentaci\u00f3n obtenida durante su indagatoria da cuenta de no una, sino dos reuniones el 7 y 8 de octubre de 2014 en el 27 Batall\u00f3n de Infanter\u00eda del Ej\u00e9rcito, en Iguala, Guerrero.<\/p>\n<div class=\"article-clear-div\"><\/div>\n<blockquote class=\"blockquote-text\"><p>\u201cDesde este lugar, la Agencia de Investigaci\u00f3n Criminal de la PGR, dirigida por Tom\u00e1s Zer\u00f3n de Lucio, organiz\u00f3, con un grupo de m\u00faltiples autoridades civiles y militares, mesas de coordinaci\u00f3n e inteligencia\u201d, detalla el Informe Ayotzinapa III, elaborado por \u00c1ngela Buitrago, Carlos Beristain, Claudia Paz y Paz, y Francisco Cox, integrantes del GIEI.<\/p><\/blockquote>\n<p>\u201cDesde este lugar, la Agencia de Investigaci\u00f3n Criminal de la PGR, dirigida por Tom\u00e1s Zer\u00f3n de Lucio, organiz\u00f3, con un grupo de m\u00faltiples autoridades civiles y militares, mesas de coordinaci\u00f3n e inteligencia\u201d, detalla el Informe Ayotzinapa III, elaborado por \u00c1ngela Buitrago, Carlos Beristain, Claudia Paz y Paz, y Francisco Cox, integrantes del GIEI.<\/p>\n<p data-t=\"{&quot;n&quot;:&quot;blueLinks&quot;}\">En el cap\u00edtulo La construcci\u00f3n de la llamada verdad hist\u00f3rica, revelaron que estos encuentros de alto nivel fueron registrados en archivos militares como \u201cJuntas de Autoridades\u201d y en ambos se orden\u00f3 \u201cidentificaci\u00f3n y seguimiento de telefon\u00eda de las personas implicadas\u201d.<\/p>\n<div class=\"article-clear-div\"><\/div>\n<blockquote class=\"blockquote-text\"><p>\u201cAs\u00ed, en la reuni\u00f3n del 7 de octubre se acord\u00f3: &#8216;En base a la informaci\u00f3n vertida, el maestro Tomas Cer\u00f3n (sic) indic\u00f3 que se procediera de inmediato a establecer una mesa de trabajo entre las procuradur\u00edas para las siguientes acciones: una mesa de inteligencia para establecer los tel\u00e9fonos del personal implicado y hacer seguimiento&#8217;\u201d, revela el mensaje denominado por los expertos internacionales como FCA 23714, fechado el mismo 7 de octubre de 2014.<\/p><\/blockquote>\n<p>\u201cAs\u00ed, en la reuni\u00f3n del 7 de octubre se acord\u00f3: &#8216;En base a la informaci\u00f3n vertida, el maestro Tomas Cer\u00f3n (sic) indic\u00f3 que se procediera de inmediato a establecer una mesa de trabajo entre las procuradur\u00edas para las siguientes acciones: una mesa de inteligencia para establecer los tel\u00e9fonos del personal implicado y hacer seguimiento&#8217;\u201d, revela el mensaje denominado por los expertos internacionales como FCA 23714, fechado el mismo 7 de octubre de 2014.<\/p>\n<p data-t=\"{&quot;n&quot;:&quot;blueLinks&quot;}\">En la reuni\u00f3n del d\u00eda siguiente, abunda el informe, <b>Zer\u00f3n<\/b> solicit\u00f3 a integrantes de PGR\u00a0\u201cidentificar los tel\u00e9fonos de implicados para el seguimiento correspondiente.<\/p>\n<div class=\"article-clear-div\"><\/div>\n<blockquote class=\"blockquote-text\"><p>\u201cA lo que elementos de la PGR le informaron \u2018que ya se identific\u00f3 el tel\u00e9fono del blanco, El Moreno, as\u00ed como de su novia con un registro de m\u00e1s de 70 llamadas, por lo que ya se tiene seguimiento a su domicilio\u201d, seg\u00fan el mensaje FCA 23835, de fecha 8 de octubre de 2014.<\/p><\/blockquote>\n<p>\u201cA lo que elementos de la PGR le informaron \u2018que ya se identific\u00f3 el tel\u00e9fono del blanco, El Moreno, as\u00ed como de su novia con un registro de m\u00e1s de 70 llamadas, por lo que ya se tiene seguimiento a su domicilio\u201d, seg\u00fan el mensaje FCA 23835, de fecha 8 de octubre de 2014.<\/p>\n<p class=\"continue-read-break\" data-t=\"{&quot;n&quot;:&quot;blueLinks&quot;}\">En esta parte de su investigaci\u00f3n, el <b>GIEI <\/b>destac\u00f3 que las comunicaciones oficiales de este par de reuniones tambi\u00e9n revelaron que a partir de esas fechas \u201cse conoc\u00edan y dispusieron seguimientos e interceptaciones sin acatar el menor procedimiento y sin que se vertiera la informaci\u00f3n obtenida dentro del expediente &#8216;oficial&#8217; del caso. Hasta la fecha no se ha podido acceder al contenido de estas intercepciones\u201d.<\/p>\n<p data-t=\"{&quot;n&quot;:&quot;blueLinks&quot;}\">El <b>GIEI<\/b> destac\u00f3 que en este par de encuentros participaron <b>19 funcionarios federales y estatales<\/b>, entre los que destacan los generales <b>Mart\u00edn Cordero<\/b> y <b>Alejandro Saavedra<\/b>, comandantes de la IX Regi\u00f3n y de la 35 Zona Militar, respectivamente, as\u00ed como Tom\u00e1s Zer\u00f3n y Bernardo Mu\u00f1oz, por la AlC; Carlos G\u00f3mez, director de la Polic\u00eda Federal Ministerial; Vidal Dinaleal, del Cenapi; Gualberto Ram\u00edrez, de la Seido; Omar Garc\u00eda Harfuch, identificado por el GIEI como \u201ccomisario de Gendarmer\u00eda\u201d,\u00a0e I\u00f1aky Blanco, entonces procurador de Guerrero, entre otros.<\/p>\n<p data-t=\"{&quot;n&quot;:&quot;blueLinks&quot;}\">Esta versi\u00f3n sobre dicho \u201cc\u00f3nclave\u201d, incluida en su informe de febrero, choca con la narrativa de la <b>FGR<\/b>, la cual, al acusar penalmente al ex procurador<b> Jes\u00fas Murillo<\/b>, sostuvo que en el encuentro del 7 de octubre de 2014 se \u201curdi\u00f3\u201d la verdad hist\u00f3rica.<\/p>\n<p data-t=\"{&quot;n&quot;:&quot;blueLinks&quot;}\">Este fue uno de los principales argumentos que dio el MP de la Federaci\u00f3n al juez para imputarle a <b>Murillo<\/b> los delitos de desaparici\u00f3n forzada, tortura y contra la administraci\u00f3n de justicia.<\/p>\n<p data-t=\"{&quot;n&quot;:&quot;blueLinks&quot;}\">Ni en ese par de reuniones que se\u00f1ala el <b>Informe Ayotzinapa III<\/b>\u00a0ni en otro apartado en el que el GIEI revel\u00f3 que el 24 de octubre\u00a0la AIC instal\u00f3 en el Centro Nacional de Planeaci\u00f3n, An\u00e1lisis e Informaci\u00f3n para el Combate a la Delincuencia una \u201cSala de situaci\u00f3n caso Ayotzinapa\u201d, que\u00a0llamaron un \u201cWar Room\u201d, se \u201curdi\u00f3\u201d la verdad hist\u00f3rica.<\/p>\n<p data-t=\"{&quot;n&quot;:&quot;blueLinks&quot;}\">De acuerdo con el <b>GIEI<\/b>, esta Sala \u201cten\u00eda como objetivo general: \u2018Facilitar el intercambio de informaci\u00f3n entre las dependencias\u2019\u00a0y como objetivo espec\u00edfico: &#8216;la\u00a0recopilaci\u00f3n, procesamiento y an\u00e1lisis de informaci\u00f3n vinculada al <b>caso Ayotzinapa<\/b>, con la finalidad de proporcionar l\u00edneas de acci\u00f3n a las \u00e1reas operativas correspondientes y contribuir a la toma de decisiones\u2019\u201d.<\/p>\n<p data-t=\"{&quot;n&quot;:&quot;blueLinks&quot;}\">Con informaci\u00f3n de Milenio<\/p>\n","protected":false},"excerpt":{"rendered":"<p>El Grupo Interdisciplinario de Expertos Independientes (GIEI) del caso Ayotzinapa confirm\u00f3 en su investigaci\u00f3n la existencia de un c\u00f3nclave entre autoridades de distintos niveles para la indagatoria por la desaparici\u00f3n de los 43 normalistas, pero\u00a0\u2014a diferencia de la Fiscal\u00eda General de la Rep\u00fablica (FGR)\u2014\u00a0los expertos internacionales no concluyeron que este encuentro se realiz\u00f3 para \u201curdir\u201d la llamada verdad hist\u00f3rica, sino para intervenir los tel\u00e9fonos de integrantes del grupo criminal Guerreros Unidos. En su \u00faltimo informe que dieron a conocer el jueves pasado en conferencia, los especialistas de la Comisi\u00f3n Interamericana de Derechos Humanos (CIDH)explicaron que documentaci\u00f3n obtenida durante su indagatoria [&hellip;]<\/p>\n","protected":false},"author":3,"featured_media":55772,"comment_status":"open","ping_status":"open","sticky":false,"template":"","format":"standard","meta":{"_jetpack_newsletter_access":"","_jetpack_dont_email_post_to_subs":false,"_jetpack_newsletter_tier_id":0,"_jetpack_memberships_contains_paywalled_content":false,"_jetpack_feature_clip_id":0,"_jetpack_memberships_contains_paid_content":false,"footnotes":"","jetpack_publicize_message":"","jetpack_publicize_feature_enabled":true,"jetpack_social_post_already_shared":true,"jetpack_social_options":{"image_generator_settings":{"template":"highway","default_image_id":0,"font":"","enabled":false},"version":2},"jetpack_post_was_ever_published":false},"categories":[75,72],"tags":[],"class_list":["post-55771","post","type-post","status-publish","format-standard","has-post-thumbnail","hentry","category-nacional","category-portada","post--single"],"jetpack_publicize_connections":[],"jetpack_featured_media_url":"https:\/\/ovelanalista.com\/wp-content\/uploads\/2022\/10\/DC272F87-72A5-439A-9238-EF53B7BA8DED.jpeg","jetpack_sharing_enabled":true,"_links":{"self":[{"href":"https:\/\/ovelanalista.com\/index.php?rest_route=\/wp\/v2\/posts\/55771","targetHints":{"allow":["GET"]}}],"collection":[{"href":"https:\/\/ovelanalista.com\/index.php?rest_route=\/wp\/v2\/posts"}],"about":[{"href":"https:\/\/ovelanalista.com\/index.php?rest_route=\/wp\/v2\/types\/post"}],"author":[{"embeddable":true,"href":"https:\/\/ovelanalista.com\/index.php?rest_route=\/wp\/v2\/users\/3"}],"replies":[{"embeddable":true,"href":"https:\/\/ovelanalista.com\/index.php?rest_route=%2Fwp%2Fv2%2Fcomments&post=55771"}],"version-history":[{"count":1,"href":"https:\/\/ovelanalista.com\/index.php?rest_route=\/wp\/v2\/posts\/55771\/revisions"}],"predecessor-version":[{"id":55773,"href":"https:\/\/ovelanalista.com\/index.php?rest_route=\/wp\/v2\/posts\/55771\/revisions\/55773"}],"wp:featuredmedia":[{"embeddable":true,"href":"https:\/\/ovelanalista.com\/index.php?rest_route=\/wp\/v2\/media\/55772"}],"wp:attachment":[{"href":"https:\/\/ovelanalista.com\/index.php?rest_route=%2Fwp%2Fv2%2Fmedia&parent=55771"}],"wp:term":[{"taxonomy":"category","embeddable":true,"href":"https:\/\/ovelanalista.com\/index.php?rest_route=%2Fwp%2Fv2%2Fcategories&post=55771"},{"taxonomy":"post_tag","embeddable":true,"href":"https:\/\/ovelanalista.com\/index.php?rest_route=%2Fwp%2Fv2%2Ftags&post=55771"}],"curies":[{"name":"wp","href":"https:\/\/api.w.org\/{rel}","templated":true}]}}