{"id":55774,"date":"2022-10-03T10:30:46","date_gmt":"2022-10-03T16:30:46","guid":{"rendered":"https:\/\/ovelanalista.com\/?p=55774"},"modified":"2022-10-03T10:17:19","modified_gmt":"2022-10-03T16:17:19","slug":"en-senado-morena-busca-acuerdos-en-presentacion-de-plan-militar-y-oposicion-ve-matices","status":"publish","type":"post","link":"https:\/\/ovelanalista.com\/?p=55774","title":{"rendered":"En Senado, Morena busca acuerdos en presentaci\u00f3n de plan militar y oposici\u00f3n ve matices"},"content":{"rendered":"<p data-t=\"{&quot;n&quot;:&quot;blueLinks&quot;}\">Este martes vence el plazo para que las Comisiones Unidas de Puntos Constitucionales y Estudios Legislativos, Segunda, presenten ante el pleno del Senado <a tabindex=\"0\" href=\"https:\/\/www.milenio.com\/politica\/diputados-morena-allanaran-cambios-senado-plan-militar\" target=\"_blank\" rel=\"noopener\" data-t=\"{&quot;n&quot;:&quot;destination&quot;,&quot;t&quot;:13,&quot;b&quot;:1,&quot;c.t&quot;:7}\">el dictamen sobre las Fuerzas Armadas en materia de seguridad p\u00fablica<\/a>.<\/p>\n<p data-t=\"{&quot;n&quot;:&quot;blueLinks&quot;}\">Y aunque, Morena y sus aliados podr\u00edan presentar nuevamente la pr\u00f3rroga hasta 2028, propuesta que fue regresada a comisiones previo a ser votada, este lunes se har\u00e1 <b>un \u00faltimo esfuerzo para lograr acuerdos<\/b>.<\/p>\n<p data-t=\"{&quot;n&quot;:&quot;blueLinks&quot;}\">Ayer, el presidente de la Junta de Coordinaci\u00f3n Pol\u00edtica y l\u00edder de la mayor\u00eda parlamentaria de Morena, <b>Ricardo Monreal<\/b>, <a tabindex=\"0\" href=\"https:\/\/www.milenio.com\/politica\/monreal-preve-plan-militar-votado-martes-senado\" target=\"_blank\" rel=\"noopener\" data-t=\"{&quot;n&quot;:&quot;destination&quot;,&quot;t&quot;:13,&quot;b&quot;:1,&quot;c.t&quot;:7}\">confirm\u00f3 la convocatoria para este partes a discutir y, en su caso, aprobar el dictamen<\/a>, 10 d\u00edas despu\u00e9s de que el pleno lo devolvi\u00f3 a comisiones, debido a la imposibilidad de alcanzar en ese momento la mayor\u00eda calificada de dos terceras partes para aprobarlo.<\/p>\n<div class=\"article-clear-div\"><\/div>\n<blockquote class=\"blockquote-text\"><p>\u201cSeguimos buscando consenso sobre la pr\u00f3rroga para que las Fuerzas Armadas realicen tareas de seguridad p\u00fablica. Se reunir\u00e1n las comisiones dictaminadoras el lunes a las 16 horas, y el martes celebraremos dos sesiones para deliberar y, en su caso, aprobar el dictamen\u201d, se\u00f1al\u00f3 Monreal en un mensaje en redes sociales.<\/p><\/blockquote>\n<p>\u201cSeguimos buscando consenso sobre la pr\u00f3rroga para que las Fuerzas Armadas realicen tareas de seguridad p\u00fablica. Se reunir\u00e1n las comisiones dictaminadoras el lunes a las 16 horas, y el martes celebraremos dos sesiones para deliberar y, en su caso, aprobar el dictamen\u201d, se\u00f1al\u00f3 Monreal en un mensaje en redes sociales.<\/p>\n<p data-t=\"{&quot;n&quot;:&quot;blueLinks&quot;}\">Por la misma v\u00eda, el presidente de la Comisi\u00f3n de Puntos Constitucionales del Senado de la Rep\u00fablica, <b>Eduardo Ram\u00edrez<\/b>, difundi\u00f3 la convocatoria a la reuni\u00f3n extraordinaria de comisiones y reafirm\u00f3 que las bancadas <b>mantienen di\u00e1logo<\/b>con el fin de encontrar los consensos necesarios para avanzar en la reforma.<\/p>\n<p class=\"continue-read-break\" data-t=\"{&quot;n&quot;:&quot;blueLinks&quot;}\">El bloque de contenci\u00f3n del Senado se dijo cerca de construir una<b>reforma integral<\/b> que d\u00e9 certeza legal y jur\u00eddica a las Fuerzas Armadas en las tareas de seguridad p\u00fablica, pero que al mismo tiempo fortalezca a las polic\u00edas estatales y municipales.<\/p>\n<p class=\"\" data-t=\"{&quot;n&quot;:&quot;blueLinks&quot;}\">De acuerdo con fuentes morenistas consultadas por <b>MILENIO<\/b>, hasta el viernes pasado no se contaba con un documento avalado por el PRI, PAN, PRD, Movimiento Ciudadano, Grupo Plural; as\u00ed como de la mayor\u00eda y sus aliados.<\/p>\n<p class=\"\" data-t=\"{&quot;n&quot;:&quot;blueLinks&quot;}\">Incluso, se inform\u00f3 que la oposici\u00f3n<b> no ha cedido a la propuesta original<\/b> para dar una pr\u00f3rroga hasta el 2028 para que la Fuerzas Armadas contin\u00faen en tareas de seguridad p\u00fablica y de seguir as\u00ed Morena presentar\u00eda nuevamente la minuta que lleg\u00f3 de la C\u00e1mara de Diputados.<\/p>\n<p class=\"\" data-t=\"{&quot;n&quot;:&quot;blueLinks&quot;}\">Sin embargo, Ricardo Monreal adelant\u00f3 que este lunes se realizar\u00e1 <b>un \u00faltimo esfuerzo para alcanzar el consenso <\/b>en la reforma constitucional.<\/p>\n<div class=\"article-clear-div\"><\/div>\n<blockquote class=\"blockquote-text\"><p>\u201cNo est\u00e1 asegurada la votaci\u00f3n (para la mayor\u00eda calificada), \u201cpero estamos intentando aceptar propuestas de modificaci\u00f3n al art\u00edculo quinto transitorio\u201d, destac\u00f3.<\/p><\/blockquote>\n<p class=\"\">\u201cNo est\u00e1 asegurada la votaci\u00f3n (para la mayor\u00eda calificada), \u201cpero estamos intentando aceptar propuestas de modificaci\u00f3n al art\u00edculo quinto transitorio\u201d, destac\u00f3.<\/p>\n<p class=\"\" data-t=\"{&quot;n&quot;:&quot;blueLinks&quot;}\">Record\u00f3 que ha <b>dialogado con senadores <\/b>del PRI, PAN, PRD, Movimiento Ciudadano y del Grupo Plural; \u201cestamos intercambiando redacciones\u201d.<\/p>\n<p class=\"\" data-t=\"{&quot;n&quot;:&quot;blueLinks&quot;}\">De lograr los acuerdos en este sentido, asegur\u00f3, <b>se devolver\u00eda la minuta, con modificaciones, a la C\u00e1mara de Diputados<\/b>, cuyos integrantes tendr\u00edan que allanarse o no a estos cambios.<\/p>\n<p class=\"\" data-t=\"{&quot;n&quot;:&quot;blueLinks&quot;}\">Monreal agreg\u00f3 que estas modificaciones son relativas a la<b> rendici\u00f3n de cuentas, supervisi\u00f3n, mecanismos de control<\/b> parlamentario y evaluaci\u00f3n de las tareas que realicen las Fuerzas Armadas en materia de seguridad p\u00fablica.<\/p>\n<p class=\"\" data-t=\"{&quot;n&quot;:&quot;blueLinks&quot;}\">El secretario de Gobernaci\u00f3n, <b>Ad\u00e1n Augusto L\u00f3pez<\/b>, <a tabindex=\"0\" href=\"https:\/\/www.milenio.com\/politica\/adan-augusto-convoca-senado-resolver-problema-inseguridad\" target=\"_blank\" rel=\"noopener\" data-t=\"{&quot;n&quot;:&quot;destination&quot;,&quot;t&quot;:13,&quot;b&quot;:1,&quot;c.t&quot;:7}\">durante su comparecencia el pasado martes<\/a>, manifest\u00f3 su disposici\u00f3n de poder construir un documento en consenso, lo cual fue celebrado por la oposici\u00f3n.<\/p>\n<p class=\"\" data-t=\"{&quot;n&quot;:&quot;blueLinks&quot;}\">Los <b>grupos parlamentarios de oposici\u00f3n<\/b> afirmaron que no hay un rechazo a que las Fuerzas Armadas contin\u00faen en las labores de seguridad p\u00fablica, sino que se deben fortalecer, as\u00ed como a las polic\u00edas estatales y municipales.<\/p>\n<p class=\"\" data-t=\"{&quot;n&quot;:&quot;blueLinks&quot;}\">En varias ocasiones, Monreal afirm\u00f3 que la bancada mayoritaria est\u00e1 en plenitud, en apertura y flexible para encontrar un <b>acuerdo<\/b> con la oposici\u00f3n que permita aprobar con modificaciones la minuta de la C\u00e1mara de Diputados que prorroga hasta 2028 la<b> estancia de las Fuerzas Armadas en tareas de seguridad p\u00fablica<\/b>.<\/p>\n<div class=\"article-clear-div\"><\/div>\n<blockquote class=\"blockquote-text\"><p>\u201cEstamos intentando construir un proyecto para darle seguridad constitucional a las Fuerzas Armadas que, de manera subordinada y regulada prestan labores de seguridad p\u00fablica en los estados y municipios\u2026 Y hemos decidido s\u00ed es necesario modificar la minuta que viene de la C\u00e1mara de Diputados, hacerlo para satisfacci\u00f3n de senadoras y senadores, establecer junto con la ampliaci\u00f3n de plazo, mecanismos de control parlamentario, rendici\u00f3n de cuentas, evaluaci\u00f3n y supervisi\u00f3n de las tareas de las Fuerzas Armadas, as\u00ed como de la Guardia Nacional\u201d, subray\u00f3.<\/p><\/blockquote>\n<p class=\"\">\u201cEstamos intentando construir un proyecto para darle seguridad constitucional a las Fuerzas Armadas que, de manera subordinada y regulada prestan labores de seguridad p\u00fablica en los estados y municipios\u2026 Y hemos decidido s\u00ed es necesario modificar la minuta que viene de la C\u00e1mara de Diputados, hacerlo para satisfacci\u00f3n de senadoras y senadores, establecer junto con la ampliaci\u00f3n de plazo, mecanismos de control parlamentario, rendici\u00f3n de cuentas, evaluaci\u00f3n y supervisi\u00f3n de las tareas de las Fuerzas Armadas, as\u00ed como de la Guardia Nacional\u201d, subray\u00f3.<\/p>\n<p class=\"\" data-t=\"{&quot;n&quot;:&quot;blueLinks&quot;}\">Reconoci\u00f3 que el Senado est\u00e1 en <b>pausa legislativa<\/b>, porque el art\u00edculo quinto transitorio constitucional que se aprob\u00f3 con motivo de la creaci\u00f3n de la Guardia Nacional hace 3 a\u00f1os, se regres\u00f3 a comisiones para estudiarlo m\u00e1s. Y reiter\u00f3 que en la sesi\u00f3n del martes 4 de octubre ser\u00e1 votado el acuerdo que se alcance, si as\u00ed sucede o, en todo caso la minuta que se devolvi\u00f3 a comisiones, porque \u201cla fecha que tenemos despu\u00e9s de haberla retirada de 10 d\u00edas h\u00e1biles, concluye el 5 de octubre\u201d.<\/p>\n<p class=\"\" data-t=\"{&quot;n&quot;:&quot;blueLinks&quot;}\">Hace unos d\u00edas, el coordinador del PRI en el Senado, <b>Miguel Angel Osorio Chong,<\/b>record\u00f3 que existen alternativas legislativas para que esto se apruebe sin plazo establecido.<\/p>\n<div class=\"article-clear-div\"><\/div>\n<blockquote class=\"blockquote-text\"><p>\u201cNo tenemos que ponernos candados, sino no lo hacemos bien\u201d, al referirse que el martes 4 de octubre sea el plazo fatal para aprobar estas modificaciones, \u201csi construimos bien la mesa, vamos a avanzar muy r\u00e1pido\u201d.<\/p><\/blockquote>\n<p class=\"\">\u201cNo tenemos que ponernos candados, sino no lo hacemos bien\u201d, al referirse que el martes 4 de octubre sea el plazo fatal para aprobar estas modificaciones, \u201csi construimos bien la mesa, vamos a avanzar muy r\u00e1pido\u201d.<\/p>\n<p class=\"\" data-t=\"{&quot;n&quot;:&quot;blueLinks&quot;}\">Adem\u00e1s, critic\u00f3 la minuta remitida por la C\u00e1mara de Diputados, porque fue un planteamiento en el que \u201cno se ve el fondo y creemos que <b>esto se puede resolver, se puede componer<\/b>\u201d; por ello, confi\u00f3 en que este acuerdo se pueda construir, porque est\u00e1 el compromiso de Morena y del propio Ad\u00e1n Augusto L\u00f3pez Hern\u00e1ndez.<\/p>\n<div class=\"article-clear-div\"><\/div>\n<blockquote class=\"\"><p>\u201cYo les dir\u00eda que estamos cerca, estamos platicando y lo m\u00e1s importante que puedo informarles es que s\u00ed estamos platicando, s\u00ed estamos tratando de construir\u2026 c\u00f3mo hacer algo integral; no es dejar solamente ah\u00ed metidos en el quinto que se mand\u00f3 por C\u00e1mara de Diputados, c\u00f3mo hacemos algo integral en el que nuestras Fuerzas Armadas tengan certidumbre, pero tambi\u00e9n se tenga <b>regulaci\u00f3n<\/b>.<\/p><\/blockquote>\n<blockquote class=\"blockquote-text\"><p>\u201cSi no hay compromiso de la polic\u00eda estatal, nos vamos ver dentro de unos a\u00f1os pidiendo m\u00e1s ampliaci\u00f3n para las Fuerzas Armadas, sino hay fortalecimiento a los municipios, nos vamos a ver dentro de unos a\u00f1os haciendo lo mismo. Tenemos que hacer algo integral\u201d, subray\u00f3.<\/p><\/blockquote>\n<p class=\"\">\u201cSi no hay compromiso de la polic\u00eda estatal, nos vamos ver dentro de unos a\u00f1os pidiendo m\u00e1s ampliaci\u00f3n para las Fuerzas Armadas, sino hay fortalecimiento a los municipios, nos vamos a ver dentro de unos a\u00f1os haciendo lo mismo. Tenemos que hacer algo integral\u201d, subray\u00f3.<\/p>\n<p class=\"\" data-t=\"{&quot;n&quot;:&quot;blueLinks&quot;}\">Insisti\u00f3 en que el r<b>espaldo y apoyo de las Fuerzas Armadas es fundamental<\/b>, \u201clo hicimos cuando fuimos gobierno, lo pusimos por cinco a\u00f1os en la Constituci\u00f3n y ahora hay que valorar las circunstancias en las que est\u00e1n\u201d.<\/p>\n<p class=\"\" data-t=\"{&quot;n&quot;:&quot;blueLinks&quot;}\">Dijo que hay que pavimentar el camino para que las Fuerzas Armadas <b>retornen a sus cuarteles<\/b> y eso no suceder\u00e1 con una simple modificaci\u00f3n a la Constituci\u00f3n.<\/p>\n<p class=\"\" data-t=\"{&quot;n&quot;:&quot;blueLinks&quot;}\">Al respecto, el coordinador del PRD, <a tabindex=\"0\" href=\"https:\/\/www.milenio.com\/temas\/miguel-angel-mancera\" target=\"_blank\" rel=\"noopener\" data-t=\"{&quot;n&quot;:&quot;destination&quot;,&quot;t&quot;:13,&quot;b&quot;:1,&quot;c.t&quot;:7}\">Miguel Angel Mancera<\/a>, explic\u00f3 que en el encuentro entre la Junta de Coordinaci\u00f3n Pol\u00edtica que se realiz\u00f3 el mi\u00e9rcoles pasado, se propuso que el nuevo documento cuente con un plan de acci\u00f3n donde se hable de cuestiones objetivas, medibles, no s\u00f3lo de buenos deseos.<\/p>\n<div class=\"article-clear-div\"><\/div>\n<blockquote class=\"blockquote-text\"><p>\u201cEsta misma semana buscar\u00edamos explorar si ya se puede instalar una mesa donde haya una posici\u00f3n de saque, por lo pronto, a manera de resumen, lo que les puedo decir, es que nos reunimos, refrendamos el \u00e1nimo de poder buscar propuestas y que cada uno de los grupos pueda llevar una propuesta en los pr\u00f3ximos d\u00edas\u201d, coment\u00f3.<\/p><\/blockquote>\n<p class=\"\">\u201cEsta misma semana buscar\u00edamos explorar si ya se puede instalar una mesa donde haya una posici\u00f3n de saque, por lo pronto, a manera de resumen, lo que les puedo decir, es que nos reunimos, refrendamos el \u00e1nimo de poder buscar propuestas y que cada uno de los grupos pueda llevar una propuesta en los pr\u00f3ximos d\u00edas\u201d, coment\u00f3.<\/p>\n<p class=\"\" data-t=\"{&quot;n&quot;:&quot;blueLinks&quot;}\">De acuerdo con legisladores, <b>hay m\u00e1s de cien mil soldados y marinos<\/b> que desde hace casi tres d\u00e9cadas prestan labores de seguridad p\u00fablica ante la incapacidad de las polic\u00edas civiles y porque, lamentablemente, \u00e9stas son permeadas f\u00e1cilmente y cooptadas por la delincuencia organizada. Y estados y los municipios piden el auxilio de las Fuerzas Armadas, para enfrentar los retos de la inseguridad p\u00fablica.<\/p>\n<p data-t=\"{&quot;n&quot;:&quot;blueLinks&quot;}\">Con informaci\u00f3n de Milenio<\/p>\n","protected":false},"excerpt":{"rendered":"<p>Este martes vence el plazo para que las Comisiones Unidas de Puntos Constitucionales y Estudios Legislativos, Segunda, presenten ante el pleno del Senado el dictamen sobre las Fuerzas Armadas en materia de seguridad p\u00fablica. Y aunque, Morena y sus aliados podr\u00edan presentar nuevamente la pr\u00f3rroga hasta 2028, propuesta que fue regresada a comisiones previo a ser votada, este lunes se har\u00e1 un \u00faltimo esfuerzo para lograr acuerdos. Ayer, el presidente de la Junta de Coordinaci\u00f3n Pol\u00edtica y l\u00edder de la mayor\u00eda parlamentaria de Morena, Ricardo Monreal, confirm\u00f3 la convocatoria para este partes a discutir y, en su caso, aprobar el [&hellip;]<\/p>\n","protected":false},"author":3,"featured_media":55776,"comment_status":"open","ping_status":"open","sticky":false,"template":"","format":"standard","meta":{"_jetpack_newsletter_access":"","_jetpack_dont_email_post_to_subs":false,"_jetpack_newsletter_tier_id":0,"_jetpack_memberships_contains_paywalled_content":false,"_jetpack_feature_clip_id":0,"_jetpack_memberships_contains_paid_content":false,"footnotes":"","jetpack_publicize_message":"","jetpack_publicize_feature_enabled":true,"jetpack_social_post_already_shared":true,"jetpack_social_options":{"image_generator_settings":{"template":"highway","default_image_id":0,"font":"","enabled":false},"version":2},"jetpack_post_was_ever_published":false},"categories":[75,72],"tags":[],"class_list":["post-55774","post","type-post","status-publish","format-standard","has-post-thumbnail","hentry","category-nacional","category-portada","post--single"],"jetpack_publicize_connections":[],"jetpack_featured_media_url":"https:\/\/ovelanalista.com\/wp-content\/uploads\/2022\/10\/037591D5-0734-484C-977A-AAC0EC06CE32.jpeg","jetpack_sharing_enabled":true,"_links":{"self":[{"href":"https:\/\/ovelanalista.com\/index.php?rest_route=\/wp\/v2\/posts\/55774","targetHints":{"allow":["GET"]}}],"collection":[{"href":"https:\/\/ovelanalista.com\/index.php?rest_route=\/wp\/v2\/posts"}],"about":[{"href":"https:\/\/ovelanalista.com\/index.php?rest_route=\/wp\/v2\/types\/post"}],"author":[{"embeddable":true,"href":"https:\/\/ovelanalista.com\/index.php?rest_route=\/wp\/v2\/users\/3"}],"replies":[{"embeddable":true,"href":"https:\/\/ovelanalista.com\/index.php?rest_route=%2Fwp%2Fv2%2Fcomments&post=55774"}],"version-history":[{"count":1,"href":"https:\/\/ovelanalista.com\/index.php?rest_route=\/wp\/v2\/posts\/55774\/revisions"}],"predecessor-version":[{"id":55777,"href":"https:\/\/ovelanalista.com\/index.php?rest_route=\/wp\/v2\/posts\/55774\/revisions\/55777"}],"wp:featuredmedia":[{"embeddable":true,"href":"https:\/\/ovelanalista.com\/index.php?rest_route=\/wp\/v2\/media\/55776"}],"wp:attachment":[{"href":"https:\/\/ovelanalista.com\/index.php?rest_route=%2Fwp%2Fv2%2Fmedia&parent=55774"}],"wp:term":[{"taxonomy":"category","embeddable":true,"href":"https:\/\/ovelanalista.com\/index.php?rest_route=%2Fwp%2Fv2%2Fcategories&post=55774"},{"taxonomy":"post_tag","embeddable":true,"href":"https:\/\/ovelanalista.com\/index.php?rest_route=%2Fwp%2Fv2%2Ftags&post=55774"}],"curies":[{"name":"wp","href":"https:\/\/api.w.org\/{rel}","templated":true}]}}