{"id":55781,"date":"2022-10-03T10:50:17","date_gmt":"2022-10-03T16:50:17","guid":{"rendered":"https:\/\/ovelanalista.com\/?p=55781"},"modified":"2022-10-03T10:28:25","modified_gmt":"2022-10-03T16:28:25","slug":"disculpas-de-amlo-por-ayotzinapa-son-un-engano-que-pida-perdon-por-abarca-anaya","status":"publish","type":"post","link":"https:\/\/ovelanalista.com\/?p=55781","title":{"rendered":"Disculpas de AMLO por Ayotzinapa son un enga\u00f1o; que pida perd\u00f3n por Abarca: Anaya"},"content":{"rendered":"<p>Ricardo Anaya asegur\u00f3 que las disculpas que ha ofrecido el presidente Andr\u00e9s Manuel L\u00f3pez Obrador a los padres de los 43 estudiantes de Ayotzinapa desaparecidos es una vieja t\u00e1ctica de manipulaci\u00f3n que usan los pol\u00edticos para no reconocer sus errores.<\/p>\n<p data-t=\"{&quot;n&quot;:&quot;blueLinks&quot;}\">El panista agreg\u00f3 en su video semanal publicado en sus redes sociales que si L\u00f3pez Obrador quiere pedir disculpas de coraz\u00f3n, entonces que pida perd\u00f3n, pero por la parte de la tragedia de Ayotzinapa que s\u00ed le toca a \u00e9l, que es lo que tiene que ver con Jos\u00e9 Luis Abarca.<\/p>\n<p data-t=\"{&quot;n&quot;:&quot;blueLinks&quot;}\">\u201cPor haber permitido que se convirtiera en presidente municipal de Iguala, a pesar de que le dijeron de los v\u00ednculos de Abarca con el crimen organizado\u201d, expuso Anaya.<\/p>\n<p data-t=\"{&quot;n&quot;:&quot;blueLinks&quot;}\">El excandidato presidencial consider\u00f3 que si en algo concuerdan todos los informes, los del sexenio pasado y los de ahora, es en la actuaci\u00f3n de Abarca en la noche en que desaparecieron los 43 normalistas.<\/p>\n<p data-t=\"{&quot;n&quot;:&quot;blueLinks&quot;}\">Incluso, dijo Anaya, el subsecretario Encinas, al presentar el \u00faltimo informe sobre el caso, reiter\u00f3 que Abarca sin duda est\u00e1 entre quienes dieron la orden de desaparecer a los j\u00f3venes.<\/p>\n<div class=\"article-clear-div\"><\/div>\n<p class=\"continue-read-break\" data-t=\"{&quot;n&quot;:&quot;blueLinks&quot;}\">\u201cYo no soy qui\u00e9n para condenar a Abarca, eso le corresponde a los jueces, y mucho menos estoy diciendo que L\u00f3pez Obrador lo hizo presidente municipal para que mandara desaparecer a 43 j\u00f3venes. Eso ser\u00eda una locura. Pero lo que s\u00ed estoy diciendo es que todos los informes del caso Ayotzinapa se\u00f1alan que Abarca es uno de los principales responsables, y tambi\u00e9n estoy diciendo que L\u00f3pez Obrador no hizo nada para evitar que fuera alcalde por su partido, a pesar de que le presentaron las pruebas contra Abarca\u201d, explic\u00f3.<\/p>\n<p data-t=\"{&quot;n&quot;:&quot;blueLinks&quot;}\">Anaya reiter\u00f3 que si el arrepentimiento de L\u00f3pez Obrador es genuino, que sea honesto pida disculpas por la parte del problema que a \u00e9l le toca.<\/p>\n<p data-t=\"{&quot;n&quot;:&quot;blueLinks&quot;}\">\u201cY si no, por respeto a las v\u00edctimas, pues que mejor no diga nada. Porque quedarse callado respecto de lo que \u00e9l hizo mal y hacer como que pide disculpas, pero por la basura que tiraron los de antes, es un acto de manipulaci\u00f3n\u201d, dijo.<\/p>\n<p data-t=\"{&quot;n&quot;:&quot;blueLinks&quot;}\">Anaya reiter\u00f3 que si el arrepentimiento de L\u00f3pez Obrador es genuino, que sea honesto pida disculpas por la parte del problema que a \u00e9l le toca.<\/p>\n<p data-t=\"{&quot;n&quot;:&quot;blueLinks&quot;}\">\u201cY si no, por respeto a las v\u00edctimas, pues que mejor no diga nada. Porque quedarse callado respecto de lo que \u00e9l hizo mal y hacer como que pide disculpas, pero por la basura que tiraron los de antes, es un acto de manipulaci\u00f3n\u201d, dijo.<\/p>\n<p data-t=\"{&quot;n&quot;:&quot;blueLinks&quot;}\">Con informaci\u00f3n de Forbes<\/p>\n","protected":false},"excerpt":{"rendered":"<p>Ricardo Anaya asegur\u00f3 que las disculpas que ha ofrecido el presidente Andr\u00e9s Manuel L\u00f3pez Obrador a los padres de los 43 estudiantes de Ayotzinapa desaparecidos es una vieja t\u00e1ctica de manipulaci\u00f3n que usan los pol\u00edticos para no reconocer sus errores. El panista agreg\u00f3 en su video semanal publicado en sus redes sociales que si L\u00f3pez Obrador quiere pedir disculpas de coraz\u00f3n, entonces que pida perd\u00f3n, pero por la parte de la tragedia de Ayotzinapa que s\u00ed le toca a \u00e9l, que es lo que tiene que ver con Jos\u00e9 Luis Abarca. \u201cPor haber permitido que se convirtiera en presidente municipal [&hellip;]<\/p>\n","protected":false},"author":3,"featured_media":25690,"comment_status":"open","ping_status":"open","sticky":false,"template":"","format":"standard","meta":{"_jetpack_newsletter_access":"","_jetpack_dont_email_post_to_subs":false,"_jetpack_newsletter_tier_id":0,"_jetpack_memberships_contains_paywalled_content":false,"_jetpack_feature_clip_id":0,"_jetpack_memberships_contains_paid_content":false,"footnotes":"","jetpack_publicize_message":"","jetpack_publicize_feature_enabled":true,"jetpack_social_post_already_shared":true,"jetpack_social_options":{"image_generator_settings":{"template":"highway","default_image_id":0,"font":"","enabled":false},"version":2},"jetpack_post_was_ever_published":false},"categories":[75,72],"tags":[],"class_list":["post-55781","post","type-post","status-publish","format-standard","has-post-thumbnail","hentry","category-nacional","category-portada","post--single"],"jetpack_publicize_connections":[],"jetpack_featured_media_url":"https:\/\/ovelanalista.com\/wp-content\/uploads\/2022\/03\/ricardo-anaya.jpeg","jetpack_sharing_enabled":true,"_links":{"self":[{"href":"https:\/\/ovelanalista.com\/index.php?rest_route=\/wp\/v2\/posts\/55781","targetHints":{"allow":["GET"]}}],"collection":[{"href":"https:\/\/ovelanalista.com\/index.php?rest_route=\/wp\/v2\/posts"}],"about":[{"href":"https:\/\/ovelanalista.com\/index.php?rest_route=\/wp\/v2\/types\/post"}],"author":[{"embeddable":true,"href":"https:\/\/ovelanalista.com\/index.php?rest_route=\/wp\/v2\/users\/3"}],"replies":[{"embeddable":true,"href":"https:\/\/ovelanalista.com\/index.php?rest_route=%2Fwp%2Fv2%2Fcomments&post=55781"}],"version-history":[{"count":1,"href":"https:\/\/ovelanalista.com\/index.php?rest_route=\/wp\/v2\/posts\/55781\/revisions"}],"predecessor-version":[{"id":55782,"href":"https:\/\/ovelanalista.com\/index.php?rest_route=\/wp\/v2\/posts\/55781\/revisions\/55782"}],"wp:featuredmedia":[{"embeddable":true,"href":"https:\/\/ovelanalista.com\/index.php?rest_route=\/wp\/v2\/media\/25690"}],"wp:attachment":[{"href":"https:\/\/ovelanalista.com\/index.php?rest_route=%2Fwp%2Fv2%2Fmedia&parent=55781"}],"wp:term":[{"taxonomy":"category","embeddable":true,"href":"https:\/\/ovelanalista.com\/index.php?rest_route=%2Fwp%2Fv2%2Fcategories&post=55781"},{"taxonomy":"post_tag","embeddable":true,"href":"https:\/\/ovelanalista.com\/index.php?rest_route=%2Fwp%2Fv2%2Ftags&post=55781"}],"curies":[{"name":"wp","href":"https:\/\/api.w.org\/{rel}","templated":true}]}}