{"id":55783,"date":"2022-10-03T11:30:52","date_gmt":"2022-10-03T17:30:52","guid":{"rendered":"https:\/\/ovelanalista.com\/?p=55783"},"modified":"2022-10-03T11:30:52","modified_gmt":"2022-10-03T17:30:52","slug":"alito-moreno-fue-abucheado-en-la-toma-de-protesta-de-tere-jimenez-como-gobernadora-de-aguascalientes","status":"publish","type":"post","link":"https:\/\/ovelanalista.com\/?p=55783","title":{"rendered":"Alito Moreno fue abucheado en la toma de protesta de Tere Jim\u00e9nez como gobernadora de Aguascalientes"},"content":{"rendered":"<p class=\"paragraph\">El dirigente nacional del Partido Revolucionario Institucional (<b>PRI<\/b>), <b>Alejandro \u201cAlito\u201d Moreno<\/b>, fue <b>abucheado<\/b> este s\u00e1bado durante la <b>toma de protesta de Teresa Jim\u00e9nez<\/b> como <b>Gobernadora de Aguascalientes<\/b> por la coalici\u00f3n Va por M\u00e9xico.<\/p>\n<p class=\"paragraph\">Y es que al agradecer la asistencia de los militantes de dicha alianza, la ahora mandataria fue nombrando, uno a uno, a sus dirigentes nacionales; pero a diferencia de <b>Marko Cort\u00e9s<\/b> (Partido Acci\u00f3n Nacional) y de <b>Jes\u00fas Zambrano<\/b> (Partido de la Revoluci\u00f3n Democr\u00e1tica), quienes fueron ovacionados, <b>\u201cAlito\u201d se llev\u00f3 el rechazo <\/b>de tanto de los panistas como perredistas.<\/p>\n<p><b>\u201cAl presidente nacional del PRI, Alejandro Moreno, gracias que est\u00e1s aqu\u00ed, amigo\u201d<\/b>, dijo Tere Jim\u00e9nez.<\/p>\n<blockquote class=\"twitter-tweet\" data-width=\"550\" data-dnt=\"true\">\n<p lang=\"es\" dir=\"ltr\">Alito Moreno ignorado y abucheado en toma de protesta de Tere Jim\u00e9nez en Aguascalientes. <a href=\"https:\/\/t.co\/9d0QKfBISy\">pic.twitter.com\/9d0QKfBISy<\/a><\/p>\n<p>&mdash; Shion (@ChicShion) <a href=\"https:\/\/twitter.com\/ChicShion\/status\/1576374925203759105?ref_src=twsrc%5Etfw\">October 2, 2022<\/a><\/p><\/blockquote>\n<p><script async src=\"https:\/\/platform.twitter.com\/widgets.js\" charset=\"utf-8\"><\/script><\/p>\n<p class=\"paragraph\">Pero eso no fue todo. Moreno C\u00e1rdenas tambi\u00e9n<b> fue evadido durante el evento <\/b>por Cort\u00e9s y Zambrano, quienes rompieron cualquier tipo de relaci\u00f3n con el l\u00edder priista luego de que dicho partido present\u00f3 y voto en la <b>C\u00e1mara de Diputados<\/b> la iniciativa para extender la presencia de las<b>Fuerzas Armadas en tareas de seguridad p\u00fablica hasta 2028<\/b>, tal y como lo quiere el presidente <b>Andr\u00e9s Manuel L\u00f3pez Obrador.<\/b><\/p>\n<p class=\"paragraph\">Cabe mencionar que no es la primera vez que Cort\u00e9s y Zambrano le niegan el saludo a \u201cAlito\u201d despu\u00e9s de una toma de protesta, pues lo hicieron el pasado 15 de septiembre en la de<b> Esteban Villegas<\/b> como gobernador de<b> Durango.<\/b><\/p>\n<p class=\"paragraph\">Pese a que la gran mayor\u00eda de los priistas en el Senado, encabezados por Miguel \u00c1ngel Osorio Chong, han se\u00f1alado que votar\u00e1n en contra de la reforma, los l\u00edderes del PAN y PRD no saben si continuar\u00e1 la<b> coalici\u00f3n Va por M\u00e9xico <\/b>rumbo a las elecciones de 2023, en Estado de M\u00e9xico y Coahuila, as\u00ed como la presidencial en 2024.<\/p>\n<p class=\"paragraph\">Adem\u00e1s de los presidentes de los tres partidos de la coalici\u00f3n, estuvieron presentes <b>Rosa Icela Rodr\u00edguez Vel\u00e1zquez<\/b>, titular de la Secretaria de Seguridad y Protecci\u00f3n Ciudadana (SSPC) en representaci\u00f3n de AMLO, los gobernadores de Chihuahua, Guanajuato, Durango y Zacatecas: <b>Maru Campos, Diego Sinhu\u00e9, Esteban Villegas y David Monreal, <\/b>respectivamente.<\/p>\n<p class=\"paragraph\">Tambi\u00e9n estuvo el panista <b>Santiago Creel Miranda<\/b>, presidente de la Mesa Directiva de la C\u00e1mara de Diputados; as\u00ed como la ex candidata presidencial de 2012 por dicho partido, <b>Josefina V\u00e1zquez Mota.<\/b><\/p>\n<p class=\"paragraph\"><b>Tere Jim\u00e9nez se convirti\u00f3 en la primera mujer que gobernar\u00e1 Aguascalientes<\/b>, luego de suceder al panista Mart\u00edn Orozco Sandoval, cargo que ocupar\u00e1 hasta 2028<\/p>\n<p class=\"paragraph\"><b>\u201cAunque sea la primera mujer de Aguascalientes en ocupar este cargo, estoy segura de que no ser\u00e9 la \u00faltima\u201d<\/b>, dijo en sus redes sociales.<\/p>\n<p class=\"paragraph\">En la sesi\u00f3n solemne, la mandataria llam\u00f3 a la unidad y expres\u00f3 que para seguir construyendo un mejor Aguascalientes, \u201cpara tener paz, seguridad y la justicia, todos tenemos una responsabilidad. Yo har\u00e9 mi parte y lo har\u00e9 bien\u201d.<\/p>\n<p class=\"paragraph\">\u201cMi deber me exige conducirme de manera responsable y en apego a nuestras facultades, todos podemos sumarnos, todos podemos aportar. La construcci\u00f3n de la grandeza de Aguascalientes nos exige lo mejor, por ello, no vamos a improvisar, actuaremos guiados con un plan estrat\u00e9gico con las necesidades m\u00e1s urgentes del estado\u201d, expres\u00f3.<\/p>\n<p>Con informaci\u00f3n de Infobae<\/p>\n","protected":false},"excerpt":{"rendered":"<p>El dirigente nacional del Partido Revolucionario Institucional (PRI), Alejandro \u201cAlito\u201d Moreno, fue abucheado este s\u00e1bado durante la toma de protesta de Teresa Jim\u00e9nez como Gobernadora de Aguascalientes por la coalici\u00f3n Va por M\u00e9xico. Y es que al agradecer la asistencia de los militantes de dicha alianza, la ahora mandataria fue nombrando, uno a uno, a sus dirigentes nacionales; pero a diferencia de Marko Cort\u00e9s (Partido Acci\u00f3n Nacional) y de Jes\u00fas Zambrano (Partido de la Revoluci\u00f3n Democr\u00e1tica), quienes fueron ovacionados, \u201cAlito\u201d se llev\u00f3 el rechazo de tanto de los panistas como perredistas. \u201cAl presidente nacional del PRI, Alejandro Moreno, gracias que [&hellip;]<\/p>\n","protected":false},"author":3,"featured_media":55784,"comment_status":"open","ping_status":"open","sticky":false,"template":"","format":"standard","meta":{"_jetpack_newsletter_access":"","_jetpack_dont_email_post_to_subs":false,"_jetpack_newsletter_tier_id":0,"_jetpack_memberships_contains_paywalled_content":false,"_jetpack_feature_clip_id":0,"_jetpack_memberships_contains_paid_content":false,"footnotes":"","jetpack_publicize_message":"","jetpack_publicize_feature_enabled":true,"jetpack_social_post_already_shared":true,"jetpack_social_options":{"image_generator_settings":{"template":"highway","default_image_id":0,"font":"","enabled":false},"version":2},"jetpack_post_was_ever_published":false},"categories":[75,72],"tags":[],"class_list":["post-55783","post","type-post","status-publish","format-standard","has-post-thumbnail","hentry","category-nacional","category-portada","post--single"],"jetpack_publicize_connections":[],"jetpack_featured_media_url":"https:\/\/ovelanalista.com\/wp-content\/uploads\/2022\/10\/23422459-3294-47D0-A75E-E31E3E74B053.jpeg","jetpack_sharing_enabled":true,"_links":{"self":[{"href":"https:\/\/ovelanalista.com\/index.php?rest_route=\/wp\/v2\/posts\/55783","targetHints":{"allow":["GET"]}}],"collection":[{"href":"https:\/\/ovelanalista.com\/index.php?rest_route=\/wp\/v2\/posts"}],"about":[{"href":"https:\/\/ovelanalista.com\/index.php?rest_route=\/wp\/v2\/types\/post"}],"author":[{"embeddable":true,"href":"https:\/\/ovelanalista.com\/index.php?rest_route=\/wp\/v2\/users\/3"}],"replies":[{"embeddable":true,"href":"https:\/\/ovelanalista.com\/index.php?rest_route=%2Fwp%2Fv2%2Fcomments&post=55783"}],"version-history":[{"count":1,"href":"https:\/\/ovelanalista.com\/index.php?rest_route=\/wp\/v2\/posts\/55783\/revisions"}],"predecessor-version":[{"id":55785,"href":"https:\/\/ovelanalista.com\/index.php?rest_route=\/wp\/v2\/posts\/55783\/revisions\/55785"}],"wp:featuredmedia":[{"embeddable":true,"href":"https:\/\/ovelanalista.com\/index.php?rest_route=\/wp\/v2\/media\/55784"}],"wp:attachment":[{"href":"https:\/\/ovelanalista.com\/index.php?rest_route=%2Fwp%2Fv2%2Fmedia&parent=55783"}],"wp:term":[{"taxonomy":"category","embeddable":true,"href":"https:\/\/ovelanalista.com\/index.php?rest_route=%2Fwp%2Fv2%2Fcategories&post=55783"},{"taxonomy":"post_tag","embeddable":true,"href":"https:\/\/ovelanalista.com\/index.php?rest_route=%2Fwp%2Fv2%2Ftags&post=55783"}],"curies":[{"name":"wp","href":"https:\/\/api.w.org\/{rel}","templated":true}]}}