{"id":56487,"date":"2022-10-07T15:00:23","date_gmt":"2022-10-07T21:00:23","guid":{"rendered":"https:\/\/ovelanalista.com\/?p=56487"},"modified":"2022-10-07T13:44:32","modified_gmt":"2022-10-07T19:44:32","slug":"mi-carino-es-parejo-hacia-las-corcholatas-afirma-lopez-obrador","status":"publish","type":"post","link":"https:\/\/ovelanalista.com\/?p=56487","title":{"rendered":"&#8220;Mi cari\u00f1o es parejo&#8221; hacia las &#8216;corcholatas&#8217;, afirma L\u00f3pez Obrador"},"content":{"rendered":"<p data-t=\"{&quot;n&quot;:&quot;blueLinks&quot;}\">&#8220;Tengo dos hermanos y una hermana\u2026 Y el cari\u00f1o es parejo\u201d, se\u00f1al\u00f3 el presidente Andr\u00e9s Manuel L\u00f3pez Obrador al referirse a quienes \u00e9l mismo acu\u00f1\u00f3 el mote de corcholatas.<\/p>\n<p data-t=\"{&quot;n&quot;:&quot;blueLinks&quot;}\">En su conferencia de ayer, el mandatario federal habl\u00f3 brevemente del cari\u00f1o y reconocimiento que tiene por la jefa de Gobierno de la Ciudad de M\u00e9xico, Claudia Sheinbaum; el canciller Marcelo Ebrard y el secretario de Gobernaci\u00f3n, Ad\u00e1n Augusto L\u00f3pez, quienes aspiran a relevarlo en el cargo para la elecci\u00f3n de 2024.<\/p>\n<p data-t=\"{&quot;n&quot;:&quot;blueLinks&quot;}\">El comentario del jefe del Ejecutivo federal se dio a prop\u00f3sito de una pregunta sobre una problem\u00e1tica en un unidad habitacional en la zona de San Sim\u00f3n, Tlatelolco, y la presunta falta de atenci\u00f3n de la jefa de Gobierno a reclamos de los vecinos.<\/p>\n<div class=\"article-clear-div\"><\/div>\n<p data-t=\"{&quot;n&quot;:&quot;blueLinks&quot;}\">\u201cYo no le doy instrucciones a Claudia, ella es la jefa de Gobierno, fue electa de manera democr\u00e1tica. Tengo, eso s\u00ed, una muy buena relaci\u00f3n con ella\u2026\u201d, comentaba el jefe del Ejecutivo y luego agreg\u00f3:\u00a0y para que no se vaya a malinterpretar, como tengo muy buena relaci\u00f3n, son como mis hermanos, Marcelo y Ad\u00e1n y ella. O sea, tengo dos hermanos y una hermana, para que se interprete bien.<\/p>\n<p data-t=\"{&quot;n&quot;:&quot;blueLinks&quot;}\">De inmediato sigui\u00f3: \u201cHay cari\u00f1o parejo. \u00bfHay cari\u00f1o o no hay cari\u00f1o? S\u00ed, hay cari\u00f1o, parejo. Los tres y otros, \u00a1eh!, que no menciono porque\u2026\u201d.<\/p>\n<p data-t=\"{&quot;n&quot;:&quot;blueLinks&quot;}\">\u2013\u00bfMonreal? \u2013se le pregunt\u00f3.<\/p>\n<p class=\"continue-read-break\" data-t=\"{&quot;n&quot;:&quot;blueLinks&quot;}\">\u2013Todos, todos, todos. Los tres son muy buenos servidores p\u00fablicos y Claudia es muy buena servidora p\u00fablica \u2013se\u00f1al\u00f3.<\/p>\n<p data-t=\"{&quot;n&quot;:&quot;blueLinks&quot;}\">\n<p data-t=\"{&quot;n&quot;:&quot;blueLinks&quot;}\">Con informaci\u00f3n de la Jornada<\/p>\n","protected":false},"excerpt":{"rendered":"<p>&#8220;Tengo dos hermanos y una hermana\u2026 Y el cari\u00f1o es parejo\u201d, se\u00f1al\u00f3 el presidente Andr\u00e9s Manuel L\u00f3pez Obrador al referirse a quienes \u00e9l mismo acu\u00f1\u00f3 el mote de corcholatas. En su conferencia de ayer, el mandatario federal habl\u00f3 brevemente del cari\u00f1o y reconocimiento que tiene por la jefa de Gobierno de la Ciudad de M\u00e9xico, Claudia Sheinbaum; el canciller Marcelo Ebrard y el secretario de Gobernaci\u00f3n, Ad\u00e1n Augusto L\u00f3pez, quienes aspiran a relevarlo en el cargo para la elecci\u00f3n de 2024. El comentario del jefe del Ejecutivo federal se dio a prop\u00f3sito de una pregunta sobre una problem\u00e1tica en un [&hellip;]<\/p>\n","protected":false},"author":3,"featured_media":56488,"comment_status":"open","ping_status":"open","sticky":false,"template":"","format":"standard","meta":{"_jetpack_newsletter_access":"","_jetpack_dont_email_post_to_subs":false,"_jetpack_newsletter_tier_id":0,"_jetpack_memberships_contains_paywalled_content":false,"_jetpack_feature_clip_id":0,"_jetpack_memberships_contains_paid_content":false,"footnotes":"","jetpack_publicize_message":"","jetpack_publicize_feature_enabled":true,"jetpack_social_post_already_shared":true,"jetpack_social_options":{"image_generator_settings":{"template":"highway","default_image_id":0,"font":"","enabled":false},"version":2},"jetpack_post_was_ever_published":false},"categories":[75,72],"tags":[],"class_list":["post-56487","post","type-post","status-publish","format-standard","has-post-thumbnail","hentry","category-nacional","category-portada","post--single"],"jetpack_publicize_connections":[],"jetpack_featured_media_url":"https:\/\/ovelanalista.com\/wp-content\/uploads\/2022\/10\/SHEINBAUM.png","jetpack_sharing_enabled":true,"_links":{"self":[{"href":"https:\/\/ovelanalista.com\/index.php?rest_route=\/wp\/v2\/posts\/56487","targetHints":{"allow":["GET"]}}],"collection":[{"href":"https:\/\/ovelanalista.com\/index.php?rest_route=\/wp\/v2\/posts"}],"about":[{"href":"https:\/\/ovelanalista.com\/index.php?rest_route=\/wp\/v2\/types\/post"}],"author":[{"embeddable":true,"href":"https:\/\/ovelanalista.com\/index.php?rest_route=\/wp\/v2\/users\/3"}],"replies":[{"embeddable":true,"href":"https:\/\/ovelanalista.com\/index.php?rest_route=%2Fwp%2Fv2%2Fcomments&post=56487"}],"version-history":[{"count":1,"href":"https:\/\/ovelanalista.com\/index.php?rest_route=\/wp\/v2\/posts\/56487\/revisions"}],"predecessor-version":[{"id":56489,"href":"https:\/\/ovelanalista.com\/index.php?rest_route=\/wp\/v2\/posts\/56487\/revisions\/56489"}],"wp:featuredmedia":[{"embeddable":true,"href":"https:\/\/ovelanalista.com\/index.php?rest_route=\/wp\/v2\/media\/56488"}],"wp:attachment":[{"href":"https:\/\/ovelanalista.com\/index.php?rest_route=%2Fwp%2Fv2%2Fmedia&parent=56487"}],"wp:term":[{"taxonomy":"category","embeddable":true,"href":"https:\/\/ovelanalista.com\/index.php?rest_route=%2Fwp%2Fv2%2Fcategories&post=56487"},{"taxonomy":"post_tag","embeddable":true,"href":"https:\/\/ovelanalista.com\/index.php?rest_route=%2Fwp%2Fv2%2Ftags&post=56487"}],"curies":[{"name":"wp","href":"https:\/\/api.w.org\/{rel}","templated":true}]}}