{"id":56524,"date":"2022-10-07T15:10:10","date_gmt":"2022-10-07T21:10:10","guid":{"rendered":"https:\/\/ovelanalista.com\/?p=56524"},"modified":"2022-10-07T14:59:54","modified_gmt":"2022-10-07T20:59:54","slug":"ejercito-detecto-amenaza-de-huachicoleros-a-amlo","status":"publish","type":"post","link":"https:\/\/ovelanalista.com\/?p=56524","title":{"rendered":"Ej\u00e9rcito detect\u00f3 amenaza de huachicoleros a AMLO"},"content":{"rendered":"<p data-t=\"{&quot;n&quot;:&quot;blueLinks&quot;}\">El informe se fech\u00f3 el 10 de febrero de 2019, tarjeta n\u00famero 157 con atenci\u00f3n al subjefe de Inteligencia de la Secretar\u00eda de la\u00a0<strong><a tabindex=\"0\" href=\"https:\/\/www.eluniversal.com.mx\/tag\/sedena\" target=\"_blank\" rel=\"noopener\" data-t=\"{&quot;n&quot;:&quot;destination&quot;,&quot;t&quot;:13,&quot;b&quot;:1,&quot;c.t&quot;:7}\">Defensa Nacional (Sedena)<\/a><\/strong>. El asunto: informar de un audio de inter\u00e9s en torno al<strong>\u00a0caso \u00c1guila.<\/strong><\/p>\n<p data-t=\"{&quot;n&quot;:&quot;blueLinks&quot;}\">La Defensa Nacional investigaba a\u00a0<strong>Sergio \u00c1guila Lu\u00e9vanos<\/strong>, alias El Capi, quien era capit\u00e1n en retiro del Ej\u00e9rcito, especialista en electr\u00f3nica de aviaci\u00f3n y secretario de Seguridad P\u00fablica del municipio de Villa Corona, en Jalisco.<\/p>\n<p data-t=\"{&quot;n&quot;:&quot;blueLinks&quot;}\">En agosto de 2019,\u00a0<strong>El Capi<\/strong> fue detenido y acusado de delincuencia organizada, con la finalidad de cometer acopio y tr\u00e1fico de armas.<\/p>\n<p data-t=\"{&quot;n&quot;:&quot;blueLinks&quot;}\">Tambi\u00e9n detuvieron al teniente<strong>\u00a0Jes\u00fas Marcelo Chac\u00f3n Pati\u00f1o<\/strong>, alias Tartamudo, a quien identificaban como l\u00edder del grupo.<\/p>\n<p data-t=\"{&quot;n&quot;:&quot;blueLinks&quot;}\">En el operativo se detuvo a siete personas m\u00e1s y se realiz\u00f3 de manera simult\u00e1nea en los estados de Sinaloa, Jalisco y la Ciudad de M\u00e9xico.<\/p>\n<p data-t=\"{&quot;n&quot;:&quot;blueLinks&quot;}\">El audio que desat\u00f3 el reporte se obtuvo a las 21:43 horas del 8 de febrero de 2019.<\/p>\n<p data-t=\"{&quot;n&quot;:&quot;blueLinks&quot;}\">El Capi, se lee en la tarjeta interna, respondi\u00f3 a una pregunta de un hombre no conocido, quien le dijo que no llegaron las piezas de los\u00a0<strong>rifles AR-15<\/strong>\u00a0porque le ped\u00edan pagar por adelantado y no estuvo de acuerdo, por lo que empez\u00f3 a buscar las armas con otro proveedor.<\/p>\n<div class=\"article-clear-div\"><\/div>\n<p class=\"continue-read-break\" data-t=\"{&quot;n&quot;:&quot;blueLinks&quot;}\">Se explica que el grupo criminal est\u00e1 en crisis financiera porque con la estrategia contra el huachicoleo \u201cno tienen dinero\u201d, y empezaron a extorsionar y a robar, pero eso s\u00f3lo les alcanzaba para lo m\u00e1s b\u00e1sico.<\/p>\n<p class=\"articlePage_hiddenContent-DS-EntryPoint1-1\" data-t=\"{&quot;n&quot;:&quot;blueLinks&quot;}\">\n<div class=\"article-clear-div articlePage_hiddenContent-DS-EntryPoint1-1\"><\/div>\n<div class=\"article-image-slot articlePage_hiddenContent-DS-EntryPoint1-1\" data-image-href=\"https:\/\/www.msn.com\/es-mx\/noticias\/mundo\/ej%C3%A9rcito-detect%C3%B3-amenaza-de-huachicoleros-a-amlo\/ar-AA12HmeY?cvid=b44c022bea0f4ddcbc16f7b27ceff01f&amp;fullscreen=true#image=2\" data-doc-id=\"cms\/api\/amp\/image\/AA12Hc0g\" data-rendered=\"true\">\n<div class=\"article-image-container\" data-t=\"{&quot;n&quot;:&quot;OpenModal&quot;,&quot;t&quot;:13}\"><a class=\"article-image-height-wrapper\" href=\"https:\/\/www.msn.com\/es-mx\/noticias\/mundo\/ej%C3%A9rcito-detect%C3%B3-amenaza-de-huachicoleros-a-amlo\/ar-AA12HmeY?cvid=b44c022bea0f4ddcbc16f7b27ceff01f&amp;fullscreen=true#image=2\" target=\"_self\" data-t=\"{&quot;n&quot;:&quot;destination&quot;,&quot;t&quot;:14,&quot;b&quot;:1,&quot;c.t&quot;:14}\" rel=\"noopener\"><img decoding=\"async\" class=\"article-image\" tabindex=\"0\" title=\"huachicol_amlo_okok_144619978.jpg\" src=\"https:\/\/img-s-msn-com.akamaized.net\/tenant\/amp\/entityid\/AA12Hc0g.img?w=567&amp;h=756&amp;m=6\" alt=\"huachicol_amlo_okok_144619978.jpg\" \/><\/a><\/div>\n<div class=\"image-caption-container\">A continuaci\u00f3n, el reporte presenta una cita de audio en la que se habla de una presunta uni\u00f3n criminal para asesinar al presidente\u00a0<strong>Andr\u00e9s Manuel L\u00f3pez Obrado<\/strong>r, porque no quiso que se \u201carreglaran\u201d y \u201cse meti\u00f3 con quien no deb\u00eda\u201d.<\/div>\n<\/div>\n<div><\/div>\n<div>\n<p class=\"\" data-t=\"{&quot;n&quot;:&quot;blueLinks&quot;}\">\u201cSupuestamente este viejo ya se oye mucho que le van a dar piso al presidente de la Rep\u00fablica [en referencia a Andr\u00e9s Manuel L\u00f3pez Obrador], nada m\u00e1s est\u00e1n fraguando bien, se unieron toda la palomilla y pues ya le dijeron que se arreglaran, pero el se\u00f1or les dijo que no, y creo que el se\u00f1or ya tiene precio su cabeza, por lo que se va a poner color de hormiga, porque se meti\u00f3 con quien no deb\u00eda de haberse metido\u201d, se lee en el documento, el cual fue obtenido luego de los\u00a0<strong>hackeos<\/strong>\u00a0a la Sedena por parte del grupo Guacamaya.<\/p>\n<p class=\"\" data-t=\"{&quot;n&quot;:&quot;blueLinks&quot;}\">La cita es destacada en el breve documento \u2014de \u00fanicamente una hoja\u2014 y en el punto D se afirma que seguir\u00e1n con la investigaci\u00f3n de la amenaza.<\/p>\n<p class=\"\" data-t=\"{&quot;n&quot;:&quot;blueLinks&quot;}\">\u201cSe contin\u00faa con el seguimiento t\u00e9cnico al \u2018caso \u00c1guila\u2019, con la finalidad de ampliar la informaci\u00f3n t\u00e9cnica generada, as\u00ed como de los actores delictivos que se mencionan y de quien o quienes se se\u00f1ala como responsables de las amenazas en contra del Titular del Poder Ejecutivo, con el fin de informar oportunamente a la superioridad sobre el particular\u201d, se informa.<\/p>\n<p class=\"\" data-t=\"{&quot;n&quot;:&quot;blueLinks&quot;}\">El documento lo firma<strong>\u00a0Lorenzo Garc\u00eda Gamboa<\/strong>, quien funge como director del Centro Regional de Fusi\u00f3n de Inteligencia Noroeste (Cerfino).<\/p>\n<p class=\"\" data-t=\"{&quot;n&quot;:&quot;blueLinks&quot;}\">En otros documentos consultados sobre el caso \u00c1guila se lee que el Ej\u00e9rcito acord\u00f3 entregar un reconocimiento a los analistas que participaron en el proceso de investigaci\u00f3n.<\/p>\n<\/div>\n<p data-t=\"{&quot;n&quot;:&quot;blueLinks&quot;}\">\n<p data-t=\"{&quot;n&quot;:&quot;blueLinks&quot;}\">Con informaci\u00f3n de El Universal<\/p>\n<p class=\"articlePage_hiddenContent-DS-EntryPoint1-1\" data-t=\"{&quot;n&quot;:&quot;blueLinks&quot;}\">\n<p class=\"articlePage_hiddenContent-DS-EntryPoint1-1\" data-t=\"{&quot;n&quot;:&quot;blueLinks&quot;}\">\n<p class=\"articlePage_hiddenContent-DS-EntryPoint1-1\" data-t=\"{&quot;n&quot;:&quot;blueLinks&quot;}\">\n<p class=\"articlePage_hiddenContent-DS-EntryPoint1-1\" data-t=\"{&quot;n&quot;:&quot;blueLinks&quot;}\">\n<p class=\"articlePage_hiddenContent-DS-EntryPoint1-1\" data-t=\"{&quot;n&quot;:&quot;blueLinks&quot;}\">\n","protected":false},"excerpt":{"rendered":"<p>El informe se fech\u00f3 el 10 de febrero de 2019, tarjeta n\u00famero 157 con atenci\u00f3n al subjefe de Inteligencia de la Secretar\u00eda de la\u00a0Defensa Nacional (Sedena). El asunto: informar de un audio de inter\u00e9s en torno al\u00a0caso \u00c1guila. La Defensa Nacional investigaba a\u00a0Sergio \u00c1guila Lu\u00e9vanos, alias El Capi, quien era capit\u00e1n en retiro del Ej\u00e9rcito, especialista en electr\u00f3nica de aviaci\u00f3n y secretario de Seguridad P\u00fablica del municipio de Villa Corona, en Jalisco. En agosto de 2019,\u00a0El Capi fue detenido y acusado de delincuencia organizada, con la finalidad de cometer acopio y tr\u00e1fico de armas. Tambi\u00e9n detuvieron al teniente\u00a0Jes\u00fas Marcelo Chac\u00f3n [&hellip;]<\/p>\n","protected":false},"author":3,"featured_media":56525,"comment_status":"open","ping_status":"open","sticky":false,"template":"","format":"standard","meta":{"_jetpack_newsletter_access":"","_jetpack_dont_email_post_to_subs":false,"_jetpack_newsletter_tier_id":0,"_jetpack_memberships_contains_paywalled_content":false,"_jetpack_feature_clip_id":0,"_jetpack_memberships_contains_paid_content":false,"footnotes":"","jetpack_publicize_message":"","jetpack_publicize_feature_enabled":true,"jetpack_social_post_already_shared":true,"jetpack_social_options":{"image_generator_settings":{"template":"highway","default_image_id":0,"font":"","enabled":false},"version":2},"jetpack_post_was_ever_published":false},"categories":[75,72],"tags":[],"class_list":["post-56524","post","type-post","status-publish","format-standard","has-post-thumbnail","hentry","category-nacional","category-portada","post--single"],"jetpack_publicize_connections":[],"jetpack_featured_media_url":"https:\/\/ovelanalista.com\/wp-content\/uploads\/2022\/10\/Eje\u0301rcito.jpeg","jetpack_sharing_enabled":true,"_links":{"self":[{"href":"https:\/\/ovelanalista.com\/index.php?rest_route=\/wp\/v2\/posts\/56524","targetHints":{"allow":["GET"]}}],"collection":[{"href":"https:\/\/ovelanalista.com\/index.php?rest_route=\/wp\/v2\/posts"}],"about":[{"href":"https:\/\/ovelanalista.com\/index.php?rest_route=\/wp\/v2\/types\/post"}],"author":[{"embeddable":true,"href":"https:\/\/ovelanalista.com\/index.php?rest_route=\/wp\/v2\/users\/3"}],"replies":[{"embeddable":true,"href":"https:\/\/ovelanalista.com\/index.php?rest_route=%2Fwp%2Fv2%2Fcomments&post=56524"}],"version-history":[{"count":1,"href":"https:\/\/ovelanalista.com\/index.php?rest_route=\/wp\/v2\/posts\/56524\/revisions"}],"predecessor-version":[{"id":56526,"href":"https:\/\/ovelanalista.com\/index.php?rest_route=\/wp\/v2\/posts\/56524\/revisions\/56526"}],"wp:featuredmedia":[{"embeddable":true,"href":"https:\/\/ovelanalista.com\/index.php?rest_route=\/wp\/v2\/media\/56525"}],"wp:attachment":[{"href":"https:\/\/ovelanalista.com\/index.php?rest_route=%2Fwp%2Fv2%2Fmedia&parent=56524"}],"wp:term":[{"taxonomy":"category","embeddable":true,"href":"https:\/\/ovelanalista.com\/index.php?rest_route=%2Fwp%2Fv2%2Fcategories&post=56524"},{"taxonomy":"post_tag","embeddable":true,"href":"https:\/\/ovelanalista.com\/index.php?rest_route=%2Fwp%2Fv2%2Ftags&post=56524"}],"curies":[{"name":"wp","href":"https:\/\/api.w.org\/{rel}","templated":true}]}}