{"id":56530,"date":"2022-10-07T15:20:41","date_gmt":"2022-10-07T21:20:41","guid":{"rendered":"https:\/\/ovelanalista.com\/?p=56530"},"modified":"2022-10-07T15:03:55","modified_gmt":"2022-10-07T21:03:55","slug":"sepultan-al-alcalde-conrado-mendoza-y-a-su-padre-en-san-miguel-totolapan","status":"publish","type":"post","link":"https:\/\/ovelanalista.com\/?p=56530","title":{"rendered":"Sepultan al alcalde Conrado Mendoza y a su padre en San Miguel Totolapan"},"content":{"rendered":"<p data-t=\"{&quot;n&quot;:&quot;blueLinks&quot;}\">El alcalde\u00a0<b>Conrado Mendoza Almeda<\/b>\u00a0y su padre, Juan Mendoza Acosta, fueron sepultados esta ma\u00f1ana en el pante\u00f3n de\u00a0<b>San Miguel Totolapan<\/b>, en Guerrero.<\/p>\n<div class=\"article-image-container\" data-t=\"{&quot;n&quot;:&quot;OpenModal&quot;,&quot;t&quot;:13}\">\n<p data-t=\"{&quot;n&quot;:&quot;blueLinks&quot;}\">El sepelio ocurri\u00f3\u00a0<a tabindex=\"0\" href=\"https:\/\/www.milenio.com\/policia\/ataque-san-miguel-totolapan-guerrero-caso\" target=\"_blank\" rel=\"noopener\" data-t=\"{&quot;n&quot;:&quot;destination&quot;,&quot;t&quot;:13,&quot;b&quot;:1,&quot;c.t&quot;:7}\">dos d\u00edas despu\u00e9s de los ataques<\/a>\u00a0perpetrados por presuntos integrantes de \u201cLos Tequileros\u201d, pues los cuerpos de ambos pol\u00edticos fueron enviados al Servicio M\u00e9dico Forense (<b>Semefo<\/b>) de Iguala para que se les practicara la necropsia de ley.<\/p>\n<p data-t=\"{&quot;n&quot;:&quot;blueLinks&quot;}\">Los dos f\u00e9retros salieron de la casa paterna, ubicada a una cuadra del Palacio Municipal, acompa\u00f1ados por familiares y amigos hasta el cementerio de la localidad.<\/p>\n<div class=\"article-clear-div\"><\/div>\n<p data-t=\"{&quot;n&quot;:&quot;blueLinks&quot;}\">El cortejo fue encabezado por dos camionetas y uno de los f\u00e9retros fue cubierto con la bandera nacional.<\/p>\n<p data-t=\"{&quot;n&quot;:&quot;blueLinks&quot;}\">El otro f\u00e9retro, de color gris, fue cargado por ciudadanos y amigos de la familia. En tanto,\u00a0<b>elementos de la polic\u00eda estatal escoltaron al contingente<\/b>\u00a0a bordo de dos patrullas.<\/p>\n<p data-t=\"{&quot;n&quot;:&quot;blueLinks&quot;}\">A trav\u00e9s de un equipo de sonido, el cortejo fue acompa\u00f1ado con la canci\u00f3n \u201cMi \u00faltima caravana\u201d, de Gerardo D\u00edaz, lo que desat\u00f3 el llanto de varias personas.<\/p>\n<p data-t=\"{&quot;n&quot;:&quot;blueLinks&quot;}\">La titular de la Fiscal\u00eda General del Estado (<b>FGE<\/b>), Sandra Luz Valdovinos Salmer\u00f3n, se traslad\u00f3 hoy a la Tierra Caliente de la entidad para tener los detalles de la masacre en San Miguel Totolapan.<\/p>\n<\/div>\n<p data-t=\"{&quot;n&quot;:&quot;blueLinks&quot;}\">\n<p data-t=\"{&quot;n&quot;:&quot;blueLinks&quot;}\">Con informaci\u00f3n de Milenio<\/p>\n","protected":false},"excerpt":{"rendered":"<p>El alcalde\u00a0Conrado Mendoza Almeda\u00a0y su padre, Juan Mendoza Acosta, fueron sepultados esta ma\u00f1ana en el pante\u00f3n de\u00a0San Miguel Totolapan, en Guerrero. El sepelio ocurri\u00f3\u00a0dos d\u00edas despu\u00e9s de los ataques\u00a0perpetrados por presuntos integrantes de \u201cLos Tequileros\u201d, pues los cuerpos de ambos pol\u00edticos fueron enviados al Servicio M\u00e9dico Forense (Semefo) de Iguala para que se les practicara la necropsia de ley. Los dos f\u00e9retros salieron de la casa paterna, ubicada a una cuadra del Palacio Municipal, acompa\u00f1ados por familiares y amigos hasta el cementerio de la localidad. El cortejo fue encabezado por dos camionetas y uno de los f\u00e9retros fue cubierto con [&hellip;]<\/p>\n","protected":false},"author":3,"featured_media":56531,"comment_status":"open","ping_status":"open","sticky":false,"template":"","format":"standard","meta":{"_jetpack_newsletter_access":"","_jetpack_dont_email_post_to_subs":false,"_jetpack_newsletter_tier_id":0,"_jetpack_memberships_contains_paywalled_content":false,"_jetpack_feature_clip_id":0,"_jetpack_memberships_contains_paid_content":false,"footnotes":"","jetpack_publicize_message":"","jetpack_publicize_feature_enabled":true,"jetpack_social_post_already_shared":true,"jetpack_social_options":{"image_generator_settings":{"template":"highway","default_image_id":0,"font":"","enabled":false},"version":2},"jetpack_post_was_ever_published":false},"categories":[75,72],"tags":[],"class_list":["post-56530","post","type-post","status-publish","format-standard","has-post-thumbnail","hentry","category-nacional","category-portada","post--single"],"jetpack_publicize_connections":[],"jetpack_featured_media_url":"https:\/\/ovelanalista.com\/wp-content\/uploads\/2022\/10\/San-Miguel-Totolapan-2.jpeg","jetpack_sharing_enabled":true,"_links":{"self":[{"href":"https:\/\/ovelanalista.com\/index.php?rest_route=\/wp\/v2\/posts\/56530","targetHints":{"allow":["GET"]}}],"collection":[{"href":"https:\/\/ovelanalista.com\/index.php?rest_route=\/wp\/v2\/posts"}],"about":[{"href":"https:\/\/ovelanalista.com\/index.php?rest_route=\/wp\/v2\/types\/post"}],"author":[{"embeddable":true,"href":"https:\/\/ovelanalista.com\/index.php?rest_route=\/wp\/v2\/users\/3"}],"replies":[{"embeddable":true,"href":"https:\/\/ovelanalista.com\/index.php?rest_route=%2Fwp%2Fv2%2Fcomments&post=56530"}],"version-history":[{"count":1,"href":"https:\/\/ovelanalista.com\/index.php?rest_route=\/wp\/v2\/posts\/56530\/revisions"}],"predecessor-version":[{"id":56532,"href":"https:\/\/ovelanalista.com\/index.php?rest_route=\/wp\/v2\/posts\/56530\/revisions\/56532"}],"wp:featuredmedia":[{"embeddable":true,"href":"https:\/\/ovelanalista.com\/index.php?rest_route=\/wp\/v2\/media\/56531"}],"wp:attachment":[{"href":"https:\/\/ovelanalista.com\/index.php?rest_route=%2Fwp%2Fv2%2Fmedia&parent=56530"}],"wp:term":[{"taxonomy":"category","embeddable":true,"href":"https:\/\/ovelanalista.com\/index.php?rest_route=%2Fwp%2Fv2%2Fcategories&post=56530"},{"taxonomy":"post_tag","embeddable":true,"href":"https:\/\/ovelanalista.com\/index.php?rest_route=%2Fwp%2Fv2%2Ftags&post=56530"}],"curies":[{"name":"wp","href":"https:\/\/api.w.org\/{rel}","templated":true}]}}