{"id":56533,"date":"2022-10-07T15:30:10","date_gmt":"2022-10-07T21:30:10","guid":{"rendered":"https:\/\/ovelanalista.com\/?p=56533"},"modified":"2022-10-07T15:06:10","modified_gmt":"2022-10-07T21:06:10","slug":"lider-de-la-familia-advierte-que-responderan-a-los-tequileros-por-masacre-de-20-en-guerrero-fgr-y-sspc-identifican-a-el-fresa","status":"publish","type":"post","link":"https:\/\/ovelanalista.com\/?p=56533","title":{"rendered":"L\u00edder de \u201cLa Familia\u201d advierte que responder\u00e1n a \u201cLos Tequileros\u201d por masacre de 20 en Guerrero; FGR y SSPC identifican a \u201cEl Fresa\u201d"},"content":{"rendered":"<p data-t=\"{&quot;n&quot;:&quot;blueLinks&quot;}\"><strong>Por Juan Omar Fierro<\/strong><\/p>\n<p data-t=\"{&quot;n&quot;:&quot;blueLinks&quot;}\">El presunto criminal que aparece en un video para relatar c\u00f3mo sobrevivi\u00f3 a la masacre de 20 personas en el municipio de San Miguel Tototolapan, Guerrero,\u00a0<strong>es Jos\u00e9 Alfredo Hurtado Olascoaga, \u201cEl Fresa\u201d<\/strong>, confirmaron fuentes federales.<\/p>\n<p data-t=\"{&quot;n&quot;:&quot;blueLinks&quot;}\">Consultados por\u00a0<em>Aristegui Noticias<\/em>, fuentes de la\u00a0<strong>Fiscal\u00eda General de la Rep\u00fablica (FGR) y de la Secretar\u00eda de Seguridad y Protecci\u00f3n Ciudadana (SSPyC)<\/strong>\u00a0se\u00f1alaron que tras los primeros an\u00e1lisis realizados al video que muestra a un hombre corpulento de cabello rizado color negro, los rasgos de dicha persona corresponden a las caracter\u00edsticas de Alfredo Hurtado, \u201cEl Fresa\u201d, segundo al mando del grupo delictivo \u201cLa Familia Michoacana\u201d.<\/p>\n<p data-t=\"{&quot;n&quot;:&quot;blueLinks&quot;}\">Reportes de inteligencia militar se\u00f1alan que\u00a0<strong>el l\u00edder m\u00e1ximo de \u201cLa Familia\u201d es Jhonny Hurtado Olascoaga, alias \u201cEl Pez\u201d o \u201cEl Se\u00f1or del Agua\u201d, hermano de \u201cEl Fresa\u201d<\/strong>, quien se encuentra s\u00f3lo por debajo de su familiar en la estructura de esa organizaci\u00f3n criminal, seg\u00fan un correo electr\u00f3nico enviado entre mandos de la Secretar\u00eda de la Defensa Nacional (Sedena).<\/p>\n<p class=\"continue-read-break\" data-t=\"{&quot;n&quot;:&quot;blueLinks&quot;}\">El reporte forma parte de los\u00a0<strong>seis terabytes de informaci\u00f3n disponibles en los #SedenaLeaks<\/strong>, es decir, de los 4 millones de comunicaciones que el colectivo \u201cGuacamaya\u201d logr\u00f3 extraer de los servidores de la Sedena tras hackear una vulnerabilidad de sus sistemas electr\u00f3nicos,<\/p>\n<p class=\"\" data-t=\"{&quot;n&quot;:&quot;blueLinks&quot;}\">Your browser doesn\u2019t support iframes<\/p>\n<p class=\"\" data-t=\"{&quot;n&quot;:&quot;blueLinks&quot;}\">De acuerdo con la informaci\u00f3n de las autoridades,\u00a0<strong>la zona de operaci\u00f3n de \u201cEl Fresa\u201d abarca la colindancia entre Guerrero y El Estado de M\u00e9xico<\/strong>, por lo que controla las actividades delictivas en municipios como Ixtapan de la Sal, Tejupilco, Tlatlaya, Sultepec, Amatepec, San Miguel Totolapan, Coatepec Harinas, Arcelia, Zacualpan, San Sim\u00f3n Guerrero y Texcaltitl\u00e1n, entre otros ayuntamientos que pertenecen a la regi\u00f3n conocida como \u201cTierra Caliente\u201d<\/p>\n<div class=\"article-clear-div\"><\/div>\n<p class=\"\" data-t=\"{&quot;n&quot;:&quot;blueLinks&quot;}\">La Fiscal\u00eda General de Justicia del Estado de M\u00e9xico<strong>\u00a0ofrece una recompensa de hasta 500 mil pesos por informaci\u00f3n que lleve a su captura<\/strong>, debido a que se le considera un generador de violencia y se le vincula con diversas agresiones a servidores p\u00fablicos de la polic\u00eda estatal y de la propia fiscal\u00eda.<\/p>\n<p class=\"\" data-t=\"{&quot;n&quot;:&quot;blueLinks&quot;}\">\n<div class=\"article-clear-div\"><\/div>\n<div class=\"article-image-slot\" data-image-href=\"https:\/\/www.msn.com\/es-mx\/noticias\/mexico\/l%C3%ADder-de-la-familia-advierte-que-responder%C3%A1n-a-los-tequileros-por-masacre-de-20-en-guerrero-fgr-y-sspc-identifican-a-el-fresa\/ar-AA12I9ex?cvid=b44c022bea0f4ddcbc16f7b27ceff01f&amp;fullscreen=true#image=1\" data-doc-id=\"cms\/api\/amp\/image\/AA12I9ew\" data-rendered=\"true\">\n<div class=\"article-image-container\" data-t=\"{&quot;n&quot;:&quot;OpenModal&quot;,&quot;t&quot;:13}\">\n<div style=\"width: 710px\" class=\"wp-caption alignnone\"><a class=\"article-image-height-wrapper\" href=\"https:\/\/www.msn.com\/es-mx\/noticias\/mexico\/l%C3%ADder-de-la-familia-advierte-que-responder%C3%A1n-a-los-tequileros-por-masacre-de-20-en-guerrero-fgr-y-sspc-identifican-a-el-fresa\/ar-AA12I9ex?cvid=b44c022bea0f4ddcbc16f7b27ceff01f&amp;fullscreen=true#image=1\" data-t=\"{&quot;n&quot;:&quot;destination&quot;,&quot;t&quot;:14,&quot;b&quot;:1,&quot;c.t&quot;:14}\"><img loading=\"lazy\" decoding=\"async\" class=\"article-image\" tabindex=\"0\" title=\"L\u00edder de \u201cLa Familia\u201d advierte que responder\u00e1n a \u201cLos Tequileros\u201d por masacre de 20 en Guerrero; FGR y SSPC identifican a \u201cEl Fresa\u201d\" src=\"https:\/\/img-s-msn-com.akamaized.net\/tenant\/amp\/entityid\/AA12I9ew.img?w=700&amp;h=1009&amp;m=6&amp;x=83&amp;y=426&amp;s=469&amp;d=335\" alt=\"L\u00edder de \u201cLa Familia\u201d advierte que responder\u00e1n a \u201cLos Tequileros\u201d por masacre de 20 en Guerrero; FGR y SSPC identifican a \u201cEl Fresa\u201d\" width=\"700\" height=\"1009\" \/><\/a><p class=\"wp-caption-text\">L\u00edder de \u201cLa Familia\u201d advierte que responder\u00e1n a \u201cLos Tequileros\u201d por masacre de 20 en Guerrero; FGR y SSPC identifican a \u201cEl Fresa\u201d\u00a9\u00a0Proporcionado por Aristegui Noticias<\/p><\/div>\n<div class=\"image-caption-container\"><\/div>\n<\/div>\n<\/div>\n<p class=\"\" data-t=\"{&quot;n&quot;:&quot;blueLinks&quot;}\"><strong>Confesiones en video<\/strong><\/p>\n<p class=\"\" data-t=\"{&quot;n&quot;:&quot;blueLinks&quot;}\">En el video<strong>\u00a0grabado por Jos\u00e9 Alfredo Hurtado Olascoaga para relatar lo ocurrido el pasado 5 de octubre<\/strong>\u00a0en el municipio de San Miguel Totolapan, \u201cEl Fresa\u201d dijo que se salv\u00f3 gracias a que se moviliza en veh\u00edculos blindados y a que el grupo de agresores \u201ccomi\u00f3 ansias\u201d y comenz\u00f3 a disparar contra sus familiares y amigos antes de que descendiera de su unidad.<\/p>\n<p class=\"\" data-t=\"{&quot;n&quot;:&quot;blueLinks&quot;}\">Responsabiliz\u00f3 de la masacre al actual cabecilla del grupo criminal \u201cLos Tequileros\u201d,<strong>\u00a0el ex diputado local del PRI y ex alcalde de San Miguel Totolapan, Sa\u00fal Beltr\u00e1n Orozco,<\/strong>\u00a0mismo que fue acusado por el ex fiscal del Estado de Guerrero, Xavier Olea, de ser compadre del primer l\u00edder de esa organizaci\u00f3n delictiva, Raybel Jacobo de Almonte, alias \u201cEl Tequilero\u201d, supuestamente fallecido en 2019.<\/p>\n<p class=\"\" data-t=\"{&quot;n&quot;:&quot;blueLinks&quot;}\">Debido a que la Fiscal\u00eda de Guerrero intent\u00f3 desaforarlo,\u00a0<strong>Beltr\u00e1n Orozco pidi\u00f3 licencia a su cargo y a partir de mayo del 2018, desapareci\u00f3 p\u00fablicamente,<\/strong>\u00a0por lo que actualmente se le considera pr\u00f3fugo de la justicia. \u201cEl Fresa\u201d advierte que buscar\u00e1 a Sa\u00fal Beltr\u00e1n para tomar venganza, lo que implica la posibilidad de que la violencia repunte en esa regi\u00f3n de Guerrero.<\/p>\n<p class=\"\" data-t=\"{&quot;n&quot;:&quot;blueLinks&quot;}\">Mostrando una video en el que se observa una fila de al menos cinco veh\u00edculos incendiados,<strong>\u00a0\u201cEl Fresa\u201d afirm\u00f3 que los autores de la masacre intentaron perseguirlo,<\/strong>\u00a0pero que los llev\u00f3 hacia una brecha donde fueron emboscados por sicarios de su organizaci\u00f3n criminal,\u00a0<strong>\u201cpor lo que ya no queda ninguno vivo\u201d.<\/strong><\/p>\n<p class=\"\" data-t=\"{&quot;n&quot;:&quot;blueLinks&quot;}\">Adem\u00e1s, relat\u00f3 que el d\u00eda de los hechos\u00a0<strong>se iba a reunir con el alcalde perredista de San Miguel Totolapan, Conrado Mendoza Almeida<\/strong>, y su padre, Juan Mendoza Acosta, antecesor en el cargo de su hijo Conrado, en el domicilio particular de ambos.<\/p>\n<p class=\"\" data-t=\"{&quot;n&quot;:&quot;blueLinks&quot;}\">Revel\u00f3 que apoy\u00f3 a ambos pol\u00edticos locales para repeler a \u201cLos Tequileros\u201d y expulsarlos del municipio, con el prop\u00f3sito de poner fin a las extorsiones que viv\u00edan los pobladores.<\/p>\n<p class=\"\" data-t=\"{&quot;n&quot;:&quot;blueLinks&quot;}\">Por \u00faltimo, el presunto delincuente se\u00f1ala que\u00a0<strong>posee una casa muy cerca de la presidencia municipal de San Miguel Totolapan<\/strong>, edificio que fue atacado por los presuntos sicarios de \u201cLos Tequileros\u201d junto con la casa particular del alcalde.<\/p>\n<p class=\"\" data-t=\"{&quot;n&quot;:&quot;blueLinks&quot;}\">El presunto criminal porta una camiseta GUCCI\u00a0 y un reloj de alta gama, adem\u00e1s de confesar que acostumbra moverse sin escolta y que ya lo rega\u00f1\u00f3 su hermano \u201cEl Pez\u201d, por lo que ya no se volver\u00e1 a confiar.<\/p>\n<p data-t=\"{&quot;n&quot;:&quot;blueLinks&quot;}\"><img decoding=\"async\" src=\"https:\/\/img-s-msn-com.akamaized.net\/tenant\/amp\/entityid\/AA12IACK.img?w=700&amp;h=943&amp;m=6\" alt=\"L\u00edder de \u201cLa Familia\u201d advierte que responder\u00e1n a \u201cLos Tequileros\u201d por masacre de 20 en Guerrero; FGR y SSPC identifican a \u201cEl Fresa\u201d\" \/><\/p>\n<p data-t=\"{&quot;n&quot;:&quot;blueLinks&quot;}\">\n<p data-t=\"{&quot;n&quot;:&quot;blueLinks&quot;}\">Con informaci\u00f3n de Aristegui Noticias<\/p>\n","protected":false},"excerpt":{"rendered":"<p>Por Juan Omar Fierro El presunto criminal que aparece en un video para relatar c\u00f3mo sobrevivi\u00f3 a la masacre de 20 personas en el municipio de San Miguel Tototolapan, Guerrero,\u00a0es Jos\u00e9 Alfredo Hurtado Olascoaga, \u201cEl Fresa\u201d, confirmaron fuentes federales. Consultados por\u00a0Aristegui Noticias, fuentes de la\u00a0Fiscal\u00eda General de la Rep\u00fablica (FGR) y de la Secretar\u00eda de Seguridad y Protecci\u00f3n Ciudadana (SSPyC)\u00a0se\u00f1alaron que tras los primeros an\u00e1lisis realizados al video que muestra a un hombre corpulento de cabello rizado color negro, los rasgos de dicha persona corresponden a las caracter\u00edsticas de Alfredo Hurtado, \u201cEl Fresa\u201d, segundo al mando del grupo delictivo \u201cLa [&hellip;]<\/p>\n","protected":false},"author":3,"featured_media":56534,"comment_status":"open","ping_status":"open","sticky":false,"template":"","format":"standard","meta":{"_jetpack_newsletter_access":"","_jetpack_dont_email_post_to_subs":false,"_jetpack_newsletter_tier_id":0,"_jetpack_memberships_contains_paywalled_content":false,"_jetpack_feature_clip_id":0,"_jetpack_memberships_contains_paid_content":false,"footnotes":"","jetpack_publicize_message":"","jetpack_publicize_feature_enabled":true,"jetpack_social_post_already_shared":true,"jetpack_social_options":{"image_generator_settings":{"template":"highway","default_image_id":0,"font":"","enabled":false},"version":2},"jetpack_post_was_ever_published":false},"categories":[75,72],"tags":[],"class_list":["post-56533","post","type-post","status-publish","format-standard","has-post-thumbnail","hentry","category-nacional","category-portada","post--single"],"jetpack_publicize_connections":[],"jetpack_featured_media_url":"https:\/\/ovelanalista.com\/wp-content\/uploads\/2022\/10\/los-mas-buscados.jpeg","jetpack_sharing_enabled":true,"_links":{"self":[{"href":"https:\/\/ovelanalista.com\/index.php?rest_route=\/wp\/v2\/posts\/56533","targetHints":{"allow":["GET"]}}],"collection":[{"href":"https:\/\/ovelanalista.com\/index.php?rest_route=\/wp\/v2\/posts"}],"about":[{"href":"https:\/\/ovelanalista.com\/index.php?rest_route=\/wp\/v2\/types\/post"}],"author":[{"embeddable":true,"href":"https:\/\/ovelanalista.com\/index.php?rest_route=\/wp\/v2\/users\/3"}],"replies":[{"embeddable":true,"href":"https:\/\/ovelanalista.com\/index.php?rest_route=%2Fwp%2Fv2%2Fcomments&post=56533"}],"version-history":[{"count":1,"href":"https:\/\/ovelanalista.com\/index.php?rest_route=\/wp\/v2\/posts\/56533\/revisions"}],"predecessor-version":[{"id":56535,"href":"https:\/\/ovelanalista.com\/index.php?rest_route=\/wp\/v2\/posts\/56533\/revisions\/56535"}],"wp:featuredmedia":[{"embeddable":true,"href":"https:\/\/ovelanalista.com\/index.php?rest_route=\/wp\/v2\/media\/56534"}],"wp:attachment":[{"href":"https:\/\/ovelanalista.com\/index.php?rest_route=%2Fwp%2Fv2%2Fmedia&parent=56533"}],"wp:term":[{"taxonomy":"category","embeddable":true,"href":"https:\/\/ovelanalista.com\/index.php?rest_route=%2Fwp%2Fv2%2Fcategories&post=56533"},{"taxonomy":"post_tag","embeddable":true,"href":"https:\/\/ovelanalista.com\/index.php?rest_route=%2Fwp%2Fv2%2Ftags&post=56533"}],"curies":[{"name":"wp","href":"https:\/\/api.w.org\/{rel}","templated":true}]}}