{"id":56539,"date":"2022-10-07T15:50:09","date_gmt":"2022-10-07T21:50:09","guid":{"rendered":"https:\/\/ovelanalista.com\/?p=56539"},"modified":"2022-10-07T15:09:40","modified_gmt":"2022-10-07T21:09:40","slug":"capturan-a-dos-ladrones-con-costales-llenos-de-nuez-en-lerdo","status":"publish","type":"post","link":"https:\/\/ovelanalista.com\/?p=56539","title":{"rendered":"Capturan a dos ladrones con costales llenos de nuez en Lerdo"},"content":{"rendered":"<p data-t=\"{&quot;n&quot;:&quot;blueLinks&quot;}\">Dos individuos fueron\u00a0<b>detenidos en un predio cuando ya llevaban en su camioneta varios costales llenos de nuez<\/b>, por lo que terminaron en la c\u00e1rcel al ser detenidos por elementos de la Direcci\u00f3n de\u00a0<b>Seguridad P\u00fablica<\/b>\u00a0Municipal de Lerdo.<\/p>\n<div class=\"article-image-container\" data-t=\"{&quot;n&quot;:&quot;OpenModal&quot;,&quot;t&quot;:13}\">\n<p data-t=\"{&quot;n&quot;:&quot;blueLinks&quot;}\">La aprehensi\u00f3n se registr\u00f3 en el<b>\u00a0ejido La Goma<\/b>, municipio de<b>\u00a0Lerdo, Durango<\/b>, lugar al que acudieron efectivos de la dependencia polic\u00edaca al recibir la llamada de auxilio del propietario del sector.<\/p>\n<p data-t=\"{&quot;n&quot;:&quot;blueLinks&quot;}\">Uno de los inculpados result\u00f3 ser empleado en la peque\u00f1a propiedad, por lo que fueron trasladados a la celdas municipales donde quedaron a disposici\u00f3n de la autoridad competente.<\/p>\n<div class=\"article-clear-div\"><\/div>\n<p data-t=\"{&quot;n&quot;:&quot;blueLinks&quot;}\">Los ladrones de nuez responden a los nombres de\u00a0<b>Rafael de 19 a\u00f1os de edad y Miguel de 27<\/b>, ambos con vivienda en la ciudad de\u00a0<b>G\u00f3mez Palacio, Durango.<\/b><\/p>\n<p data-t=\"{&quot;n&quot;:&quot;blueLinks&quot;}\">H\u00e9ctor Mart\u00ednez, director de la dependencia polic\u00edaca exhort\u00f3 a quienes son v\u00edctimas del robo de nuez o cualquier delito a qu\u00e9 denuncien ante la autoridad competente.<\/p>\n<p data-t=\"{&quot;n&quot;:&quot;blueLinks&quot;}\">Cabe hacer menci\u00f3n que se lleva a cabo un operativo especial de vigilancia en coordinaci\u00f3n con personal de la\u00a0<b>Secretar\u00eda de la<\/b>\u00a0<b>Defensa Nacional, para evitar el robo de nuez en el municipio de Lerdo, Durango.<\/b><\/p>\n<p data-t=\"{&quot;n&quot;:&quot;blueLinks&quot;}\">\n<p data-t=\"{&quot;n&quot;:&quot;blueLinks&quot;}\">Con informaci\u00f3n de Milenio<\/p>\n<\/div>\n","protected":false},"excerpt":{"rendered":"<p>Dos individuos fueron\u00a0detenidos en un predio cuando ya llevaban en su camioneta varios costales llenos de nuez, por lo que terminaron en la c\u00e1rcel al ser detenidos por elementos de la Direcci\u00f3n de\u00a0Seguridad P\u00fablica\u00a0Municipal de Lerdo. La aprehensi\u00f3n se registr\u00f3 en el\u00a0ejido La Goma, municipio de\u00a0Lerdo, Durango, lugar al que acudieron efectivos de la dependencia polic\u00edaca al recibir la llamada de auxilio del propietario del sector. Uno de los inculpados result\u00f3 ser empleado en la peque\u00f1a propiedad, por lo que fueron trasladados a la celdas municipales donde quedaron a disposici\u00f3n de la autoridad competente. Los ladrones de nuez responden a [&hellip;]<\/p>\n","protected":false},"author":3,"featured_media":56540,"comment_status":"open","ping_status":"open","sticky":false,"template":"","format":"standard","meta":{"_jetpack_newsletter_access":"","_jetpack_dont_email_post_to_subs":false,"_jetpack_newsletter_tier_id":0,"_jetpack_memberships_contains_paywalled_content":false,"_jetpack_feature_clip_id":0,"_jetpack_memberships_contains_paid_content":false,"footnotes":"","jetpack_publicize_message":"","jetpack_publicize_feature_enabled":true,"jetpack_social_post_already_shared":true,"jetpack_social_options":{"image_generator_settings":{"template":"highway","default_image_id":0,"font":"","enabled":false},"version":2},"jetpack_post_was_ever_published":false},"categories":[75,72],"tags":[],"class_list":["post-56539","post","type-post","status-publish","format-standard","has-post-thumbnail","hentry","category-nacional","category-portada","post--single"],"jetpack_publicize_connections":[],"jetpack_featured_media_url":"https:\/\/ovelanalista.com\/wp-content\/uploads\/2022\/10\/Lerdo.jpeg","jetpack_sharing_enabled":true,"_links":{"self":[{"href":"https:\/\/ovelanalista.com\/index.php?rest_route=\/wp\/v2\/posts\/56539","targetHints":{"allow":["GET"]}}],"collection":[{"href":"https:\/\/ovelanalista.com\/index.php?rest_route=\/wp\/v2\/posts"}],"about":[{"href":"https:\/\/ovelanalista.com\/index.php?rest_route=\/wp\/v2\/types\/post"}],"author":[{"embeddable":true,"href":"https:\/\/ovelanalista.com\/index.php?rest_route=\/wp\/v2\/users\/3"}],"replies":[{"embeddable":true,"href":"https:\/\/ovelanalista.com\/index.php?rest_route=%2Fwp%2Fv2%2Fcomments&post=56539"}],"version-history":[{"count":1,"href":"https:\/\/ovelanalista.com\/index.php?rest_route=\/wp\/v2\/posts\/56539\/revisions"}],"predecessor-version":[{"id":56541,"href":"https:\/\/ovelanalista.com\/index.php?rest_route=\/wp\/v2\/posts\/56539\/revisions\/56541"}],"wp:featuredmedia":[{"embeddable":true,"href":"https:\/\/ovelanalista.com\/index.php?rest_route=\/wp\/v2\/media\/56540"}],"wp:attachment":[{"href":"https:\/\/ovelanalista.com\/index.php?rest_route=%2Fwp%2Fv2%2Fmedia&parent=56539"}],"wp:term":[{"taxonomy":"category","embeddable":true,"href":"https:\/\/ovelanalista.com\/index.php?rest_route=%2Fwp%2Fv2%2Fcategories&post=56539"},{"taxonomy":"post_tag","embeddable":true,"href":"https:\/\/ovelanalista.com\/index.php?rest_route=%2Fwp%2Fv2%2Ftags&post=56539"}],"curies":[{"name":"wp","href":"https:\/\/api.w.org\/{rel}","templated":true}]}}