{"id":56912,"date":"2022-10-10T16:41:41","date_gmt":"2022-10-10T22:41:41","guid":{"rendered":"https:\/\/ovelanalista.com\/?p=56912"},"modified":"2022-10-10T16:41:41","modified_gmt":"2022-10-10T22:41:41","slug":"amlo-me-va-a-tener-que-entregar-la-banda-presidencial-silvano-aureoles","status":"publish","type":"post","link":"https:\/\/ovelanalista.com\/?p=56912","title":{"rendered":"AMLO &#8220;me va a tener que entregar la banda presidencial&#8221;: Silvano Aureoles"},"content":{"rendered":"<p data-t=\"{&quot;n&quot;:&quot;blueLinks&quot;}\">Durante el Consejo Estatal del Partido de la Revoluci\u00f3n Democr\u00e1tica (<b>PRD<\/b>), Silvano Aureoles Conejo dijo que Andr\u00e9s Manuel L\u00f3pez Obrador <b>le tendr\u00e1 que entregar\u00a0<\/b><b>la banda presidencial<\/b> en 2024.<\/p>\n<blockquote><p>&#8220;Con todo el dolor de su coraz\u00f3n, pero el que hoy despacha en Palacio Nacional me va a tener que entregar la banda presidencial y luego, para que se les quite, voy a volver a aperturar (sic) Los Pinos porque ese es un capricho que no tiene nada que ver con la austeridad y con esas teor\u00edas que nos han vendido&#8221;.<\/p><\/blockquote>\n<p data-t=\"{&quot;n&quot;:&quot;blueLinks&quot;}\">El ex funcionario record\u00f3 que hace media semana anunci\u00f3 formalmente su <a tabindex=\"0\" href=\"https:\/\/www.milenio.com\/politica\/silvano-aureoles-destapa-aspiracion-presidencia-2024\" target=\"_blank\" rel=\"noopener\" data-t=\"{&quot;n&quot;:&quot;destination&quot;,&quot;t&quot;:13,&quot;b&quot;:1,&quot;c.t&quot;:7}\">aspiraci\u00f3n a la Presidencia de la Rep\u00fablica<\/a>\u00a0y que realizar\u00eda una gira por el pa\u00eds, cuesti\u00f3n que fue aplaudida por sus compa\u00f1eros de partido.<\/p>\n<div class=\"article-clear-div\"><\/div>\n<blockquote><p>&#8220;Las cosas se determinan y se decretan. Cuando dije que iba a ser presidente de Zit\u00e1cuaro, el primero que se burl\u00f3 de m\u00ed fue el presidente estatal del partido, en aquellos a\u00f1os era\u00a0Desiderio Camacho, me dijo: &#8216;b\u00fasquese otro municipio, compa\u00f1ero, ese nunca lo va a ganar&#8217;. Y <b>he ganado Zit\u00e1cuaro como cinco veces<\/b>&#8220;.<\/p><\/blockquote>\n<p data-t=\"{&quot;n&quot;:&quot;blueLinks&quot;}\">Indic\u00f3 que, cuando aspir\u00f3 a la gubernatura de Michoac\u00e1n, recibi\u00f3 el comentario &#8220;\u00bf<b>de cu\u00e1l fumar\u00eda este g\u00fcey<\/b>?&#8221; y logr\u00f3 estar al frente de la administraci\u00f3n estatal.<\/p>\n<div class=\"article-clear-div\"><\/div>\n<blockquote><p>&#8220;No acabo de inventarme o pensar que voy a ser presidente de la Rep\u00fablica, <b>es mi proyecto de vida<\/b>. Voy a ser presidente de M\u00e9xico&#8221;.<\/p><\/blockquote>\n<blockquote class=\"twitter-tweet\" data-width=\"550\" data-dnt=\"true\">\n<p lang=\"es\" dir=\"ltr\">Nosotros sabemos gobernar, quiero que mi partido refrende su vocaci\u00f3n de gobierno, en Michoac\u00e1n vamos a volver a ser la primera fuerza pol\u00edtica en el 2024. <a href=\"https:\/\/twitter.com\/hashtag\/ClaroQueS%C3%AD?src=hash&amp;ref_src=twsrc%5Etfw\">#ClaroQueS\u00ed<\/a> <a href=\"https:\/\/twitter.com\/hashtag\/SigamosAdelante?src=hash&amp;ref_src=twsrc%5Etfw\">#SigamosAdelante<\/a> <a href=\"https:\/\/twitter.com\/PRDMichoacan?ref_src=twsrc%5Etfw\">@PRDMichoacan<\/a> <a href=\"https:\/\/t.co\/0HMDSULRCq\">pic.twitter.com\/0HMDSULRCq<\/a><\/p>\n<p>&mdash; Silvano Aureoles (@Silvano_A) <a href=\"https:\/\/twitter.com\/Silvano_A\/status\/1579211005108039680?ref_src=twsrc%5Etfw\">October 9, 2022<\/a><\/p><\/blockquote>\n<p><script async src=\"https:\/\/platform.twitter.com\/widgets.js\" charset=\"utf-8\"><\/script><\/p>\n<p data-t=\"{&quot;n&quot;:&quot;blueLinks&quot;}\">Adelant\u00f3 que, en caso de ganar las elecciones de 2024, har\u00eda de Palacio Nacional un museo y cuestion\u00f3 que en ese edificio vive <b>el presidente L\u00f3pez Obrador porque &#8220;se siente rey&#8221;<\/b>.<\/p>\n<div class=\"article-clear-div\"><\/div>\n<blockquote class=\"blockquote-text\"><p>&#8220;Esa es la verdadera raz\u00f3n, porque se siente todo poderoso y porque quiere borrar de la faz de la historia, el pasado Cardenista, pero nosotros no lo vamos a permitir&#8221;.<\/p><\/blockquote>\n<p>&#8220;Esa es la verdadera raz\u00f3n, porque se siente todo poderoso y porque quiere borrar de la faz de la historia, el pasado Cardenista, pero nosotros no lo vamos a permitir&#8221;.<\/p>\n<blockquote><p>&#8220;As\u00ed como les dije de Zit\u00e1cuaro y de Michoac\u00e1n, as\u00ed, gr\u00e1benselo, t\u00e9nganlo presente, <b>voy a ser presidente de la Rep\u00fablica, a huevo<\/b>&#8220;.<\/p><\/blockquote>\n<p data-t=\"{&quot;n&quot;:&quot;blueLinks&quot;}\">Silvano Aureoles agreg\u00f3 que seguir\u00e1 su recorrido por el pa\u00eds y mencion\u00f3 que ya ha visitado entre seis y siete entidades. Por ello, retomar\u00e1 su viaje por el centro del pa\u00eds.<\/p>\n<div class=\"article-clear-div\"><\/div>\n<blockquote><p>&#8220;El pr\u00f3ximo mi\u00e9rcoles reinicio en Puebla, Tlaxcala, Veracruz y as\u00ed me sigo por todos los estados. <b>A fin de a\u00f1o, habr\u00e9 recorrido los 32 estados y en enero le vuelvo a empezar<\/b>, porque voy a levantar a mi partido, yo soy militante y fundador del PRD&#8221;.<\/p><\/blockquote>\n<p>Con informaci\u00f3n de Milenio<\/p>\n","protected":false},"excerpt":{"rendered":"<p>Durante el Consejo Estatal del Partido de la Revoluci\u00f3n Democr\u00e1tica (PRD), Silvano Aureoles Conejo dijo que Andr\u00e9s Manuel L\u00f3pez Obrador le tendr\u00e1 que entregar\u00a0la banda presidencial en 2024. &#8220;Con todo el dolor de su coraz\u00f3n, pero el que hoy despacha en Palacio Nacional me va a tener que entregar la banda presidencial y luego, para que se les quite, voy a volver a aperturar (sic) Los Pinos porque ese es un capricho que no tiene nada que ver con la austeridad y con esas teor\u00edas que nos han vendido&#8221;. El ex funcionario record\u00f3 que hace media semana anunci\u00f3 formalmente su [&hellip;]<\/p>\n","protected":false},"author":3,"featured_media":56913,"comment_status":"open","ping_status":"open","sticky":false,"template":"","format":"standard","meta":{"_jetpack_newsletter_access":"","_jetpack_dont_email_post_to_subs":false,"_jetpack_newsletter_tier_id":0,"_jetpack_memberships_contains_paywalled_content":false,"_jetpack_feature_clip_id":0,"_jetpack_memberships_contains_paid_content":false,"footnotes":"","jetpack_publicize_message":"","jetpack_publicize_feature_enabled":true,"jetpack_social_post_already_shared":true,"jetpack_social_options":{"image_generator_settings":{"template":"highway","default_image_id":0,"font":"","enabled":false},"version":2},"jetpack_post_was_ever_published":false},"categories":[75,72],"tags":[],"class_list":["post-56912","post","type-post","status-publish","format-standard","has-post-thumbnail","hentry","category-nacional","category-portada","post--single"],"jetpack_publicize_connections":[],"jetpack_featured_media_url":"https:\/\/ovelanalista.com\/wp-content\/uploads\/2022\/10\/EADAEFCF-101F-4E49-91D3-9957263E84FD.jpeg","jetpack_sharing_enabled":true,"_links":{"self":[{"href":"https:\/\/ovelanalista.com\/index.php?rest_route=\/wp\/v2\/posts\/56912","targetHints":{"allow":["GET"]}}],"collection":[{"href":"https:\/\/ovelanalista.com\/index.php?rest_route=\/wp\/v2\/posts"}],"about":[{"href":"https:\/\/ovelanalista.com\/index.php?rest_route=\/wp\/v2\/types\/post"}],"author":[{"embeddable":true,"href":"https:\/\/ovelanalista.com\/index.php?rest_route=\/wp\/v2\/users\/3"}],"replies":[{"embeddable":true,"href":"https:\/\/ovelanalista.com\/index.php?rest_route=%2Fwp%2Fv2%2Fcomments&post=56912"}],"version-history":[{"count":1,"href":"https:\/\/ovelanalista.com\/index.php?rest_route=\/wp\/v2\/posts\/56912\/revisions"}],"predecessor-version":[{"id":56914,"href":"https:\/\/ovelanalista.com\/index.php?rest_route=\/wp\/v2\/posts\/56912\/revisions\/56914"}],"wp:featuredmedia":[{"embeddable":true,"href":"https:\/\/ovelanalista.com\/index.php?rest_route=\/wp\/v2\/media\/56913"}],"wp:attachment":[{"href":"https:\/\/ovelanalista.com\/index.php?rest_route=%2Fwp%2Fv2%2Fmedia&parent=56912"}],"wp:term":[{"taxonomy":"category","embeddable":true,"href":"https:\/\/ovelanalista.com\/index.php?rest_route=%2Fwp%2Fv2%2Fcategories&post=56912"},{"taxonomy":"post_tag","embeddable":true,"href":"https:\/\/ovelanalista.com\/index.php?rest_route=%2Fwp%2Fv2%2Ftags&post=56912"}],"curies":[{"name":"wp","href":"https:\/\/api.w.org\/{rel}","templated":true}]}}