{"id":56915,"date":"2022-10-10T17:00:20","date_gmt":"2022-10-10T23:00:20","guid":{"rendered":"https:\/\/ovelanalista.com\/?p=56915"},"modified":"2022-10-10T16:50:18","modified_gmt":"2022-10-10T22:50:18","slug":"david-monreal-tranquiliza-a-amlo-no-hemos-firmado-nada-con-eu","status":"publish","type":"post","link":"https:\/\/ovelanalista.com\/?p=56915","title":{"rendered":"David Monreal \u2018tranquiliza\u2019 a AMLO: \u2018No hemos firmado nada con EU\u2019"},"content":{"rendered":"<p class=\"sub-headline container font_secondary\">El gobernador se\u00f1al\u00f3 que las reuniones con autoridades de EU se dan en un \u2018ambiente\u2019 de colaboraci\u00f3n y coordinaci\u00f3n.<\/p>\n<p class=\"body-paragraph \">El Gobierno de Zacatecas no firm\u00f3 <a href=\"https:\/\/www.elfinanciero.com.mx\/nacional\/2022\/10\/10\/acuerdos-de-cooperacion-en-seguridad-como-el-de-eu-y-zacatecas-estan-prohibidos-amlo\/\">ning\u00fan acuerdo de colaboraci\u00f3n con Estados Unidos<\/a>, asegur\u00f3 este lunes el gobernador David Monreal.<\/p>\n<p class=\"body-paragraph \">\u201cQuiero expresarles que no hay nada de que preocuparse porque no se firm\u00f3 nada; son <b>reuniones de colaboraci\u00f3n y coordinaci\u00f3n <\/b>al amparo de los tratados internacionales\u201d, dijo en conferencia.<\/p>\n<p class=\"body-paragraph \">Y es que m\u00e1s temprano, el presidente Andr\u00e9s Manuel L\u00f3pez Obrador afirm\u00f3 que constitucionalmente <b>est\u00e1 prohibido <\/b>que administraciones locales pacten este tipo de acuerdos.<\/p>\n<p class=\"body-paragraph \">\u201cEl titular del Ejecutivo\u00a0de acuerdo con el art\u00edculo 89 es el responsable de la pol\u00edtica exterior\u00a0y representa al Estado mexicano, pero tambi\u00e9n en la Constituci\u00f3n est\u00e1 expresamente prohibido que los gobiernos estatales suscriban convenios con gobiernos extranjeros\u201d, expuso.<\/p>\n<p class=\"body-paragraph \">L\u00f3pez Obrador afirm\u00f3 que la reuni\u00f3n es parte de la \u201ccampa\u00f1a\u201d de miembros de la pol\u00edtica estadounidense en la antesala de las elecciones de noviembre.<\/p>\n<p class=\"body-paragraph \">\u201cEs parte de lo mismo en la temporada y entonces se declaran cosas pero\u00a0<b>no pasa a mayores si no hay nada escrito<\/b>, convenido\u201d, explic\u00f3.<\/p>\n<h2>\u00bfPor qu\u00e9 se reuni\u00f3 David Monreal con Ken Salazar?<\/h2>\n<p class=\"body-paragraph \">El gobernador zacatecano explic\u00f3 que una de las razones del encuentro fue que el Gobierno de EU recomend\u00f3 a sus ciudadanos <a href=\"https:\/\/www.elfinanciero.com.mx\/nacional\/2022\/08\/17\/eu-emite-alerta-de-viaje-a-6-estados-por-olas-de-violencia\/\">no visitar su estado<\/a>.<\/p>\n<p class=\"body-paragraph \">\u201cHemos buscado y pedido que nos expliquen las razones de la alerta\u201d, agreg\u00f3 en declaraciones ante los medios de comunicaci\u00f3n.<\/p>\n<p class=\"body-paragraph \">Monreal indic\u00f3 que las reuniones de coordinaci\u00f3n y colaboraci\u00f3n con la administraci\u00f3n de Joe Biden tambi\u00e9n se dan debido <b>al alto n\u00famero de zacatecas y zacatecanos<\/b> que cuentan ya con la nacionalidad estadounidense.<\/p>\n<p class=\"body-paragraph \">\u201cEl intercambio de experiencias y mejores pr\u00e1cticas a trav\u00e9s del di\u00e1logo, es fundamental para atender el reto compartido de<b> poner fin a la violencia y alcanzar la pacificaci\u00f3n del pa\u00eds<\/b>. Desde el <a href=\"https:\/\/twitter.com\/gobiernozac\">@gobiernozac<\/a> seguiremos actuando con firmeza y respeto a la ley para lograrlo\u201d, public\u00f3 el gobernador en su cuenta de Twitter.<\/p>\n<p>Con informaci\u00f3n de El Financiero<\/p>\n","protected":false},"excerpt":{"rendered":"<p>El gobernador se\u00f1al\u00f3 que las reuniones con autoridades de EU se dan en un \u2018ambiente\u2019 de colaboraci\u00f3n y coordinaci\u00f3n. El Gobierno de Zacatecas no firm\u00f3 ning\u00fan acuerdo de colaboraci\u00f3n con Estados Unidos, asegur\u00f3 este lunes el gobernador David Monreal. \u201cQuiero expresarles que no hay nada de que preocuparse porque no se firm\u00f3 nada; son reuniones de colaboraci\u00f3n y coordinaci\u00f3n al amparo de los tratados internacionales\u201d, dijo en conferencia. Y es que m\u00e1s temprano, el presidente Andr\u00e9s Manuel L\u00f3pez Obrador afirm\u00f3 que constitucionalmente est\u00e1 prohibido que administraciones locales pacten este tipo de acuerdos. \u201cEl titular del Ejecutivo\u00a0de acuerdo con el art\u00edculo [&hellip;]<\/p>\n","protected":false},"author":3,"featured_media":56916,"comment_status":"open","ping_status":"open","sticky":false,"template":"","format":"standard","meta":{"_jetpack_newsletter_access":"","_jetpack_dont_email_post_to_subs":false,"_jetpack_newsletter_tier_id":0,"_jetpack_memberships_contains_paywalled_content":false,"_jetpack_feature_clip_id":0,"_jetpack_memberships_contains_paid_content":false,"footnotes":"","jetpack_publicize_message":"","jetpack_publicize_feature_enabled":true,"jetpack_social_post_already_shared":true,"jetpack_social_options":{"image_generator_settings":{"template":"highway","default_image_id":0,"font":"","enabled":false},"version":2},"jetpack_post_was_ever_published":false},"categories":[75,72],"tags":[],"class_list":["post-56915","post","type-post","status-publish","format-standard","has-post-thumbnail","hentry","category-nacional","category-portada","post--single"],"jetpack_publicize_connections":[],"jetpack_featured_media_url":"https:\/\/ovelanalista.com\/wp-content\/uploads\/2022\/10\/C69EF344-0185-4593-AF7D-B4DDD667C42D.jpeg","jetpack_sharing_enabled":true,"_links":{"self":[{"href":"https:\/\/ovelanalista.com\/index.php?rest_route=\/wp\/v2\/posts\/56915","targetHints":{"allow":["GET"]}}],"collection":[{"href":"https:\/\/ovelanalista.com\/index.php?rest_route=\/wp\/v2\/posts"}],"about":[{"href":"https:\/\/ovelanalista.com\/index.php?rest_route=\/wp\/v2\/types\/post"}],"author":[{"embeddable":true,"href":"https:\/\/ovelanalista.com\/index.php?rest_route=\/wp\/v2\/users\/3"}],"replies":[{"embeddable":true,"href":"https:\/\/ovelanalista.com\/index.php?rest_route=%2Fwp%2Fv2%2Fcomments&post=56915"}],"version-history":[{"count":1,"href":"https:\/\/ovelanalista.com\/index.php?rest_route=\/wp\/v2\/posts\/56915\/revisions"}],"predecessor-version":[{"id":56917,"href":"https:\/\/ovelanalista.com\/index.php?rest_route=\/wp\/v2\/posts\/56915\/revisions\/56917"}],"wp:featuredmedia":[{"embeddable":true,"href":"https:\/\/ovelanalista.com\/index.php?rest_route=\/wp\/v2\/media\/56916"}],"wp:attachment":[{"href":"https:\/\/ovelanalista.com\/index.php?rest_route=%2Fwp%2Fv2%2Fmedia&parent=56915"}],"wp:term":[{"taxonomy":"category","embeddable":true,"href":"https:\/\/ovelanalista.com\/index.php?rest_route=%2Fwp%2Fv2%2Fcategories&post=56915"},{"taxonomy":"post_tag","embeddable":true,"href":"https:\/\/ovelanalista.com\/index.php?rest_route=%2Fwp%2Fv2%2Ftags&post=56915"}],"curies":[{"name":"wp","href":"https:\/\/api.w.org\/{rel}","templated":true}]}}