{"id":57377,"date":"2022-10-13T11:30:06","date_gmt":"2022-10-13T17:30:06","guid":{"rendered":"https:\/\/ovelanalista.com\/?p=57377"},"modified":"2022-10-13T09:59:47","modified_gmt":"2022-10-13T15:59:47","slug":"carstens-chumel-loret-de-mola-los-43-posibles-presidenciales-del-bloque-conservador-segun-amlo","status":"publish","type":"post","link":"https:\/\/ovelanalista.com\/?p=57377","title":{"rendered":"Carstens, Chumel, Loret de Mola: los 43 posibles presidenciales del \u201cbloque conservador\u201d, seg\u00fan AMLO"},"content":{"rendered":"<p data-t=\"{&quot;n&quot;:&quot;blueLinks&quot;}\">El presidente Andr\u00e9s Manuel L\u00f3pez Obrador (<strong>AMLO<\/strong>) present\u00f3 los nombres de quienes llam\u00f3 los pre candidatos del bloque\u00a0<strong>conservador<\/strong>\u00a0para el 2024<\/p>\n<div class=\"article-image-container\" data-t=\"{&quot;n&quot;:&quot;OpenModal&quot;,&quot;t&quot;:13}\">\n<p data-t=\"{&quot;n&quot;:&quot;blueLinks&quot;}\">Durante la\u00a0<a tabindex=\"0\" href=\"https:\/\/www.youtube.com\/watch?v=oizC0OSha1E\" target=\"_blank\" rel=\"noopener\" data-t=\"{&quot;n&quot;:&quot;destination&quot;,&quot;t&quot;:13,&quot;b&quot;:1,&quot;c.t&quot;:7}\"><strong>conferencia<\/strong>\u00a0<\/a>de prensa matutina, el mandatario dijo que en lugar de 38, salieron 42 nombres de quienes aspiran a la\u00a0<b>presidencia el pr\u00f3ximo sexenio<\/b>.<\/p>\n<p data-t=\"{&quot;n&quot;:&quot;blueLinks&quot;}\">Agust\u00edn Carstens, Alejandro Moreno, Beatriz Paredes, Carlos Loret de Mola, Carlos Medina Plascencia, Claudio X Gonz\u00e1lez y Denise Dresser, son algunos de los nombres que present\u00f3 en una diapositiva.<\/p>\n<blockquote class=\"twitter-tweet\" data-width=\"550\" data-dnt=\"true\">\n<p lang=\"es\" dir=\"ltr\">El presidente present\u00f3 una lista con los nombres de los que su gobierno ha identificado como los posibles candidatos &quot;del bloque conservador&quot; para las elecci\u00f3n presidencial del 2024. <a href=\"https:\/\/t.co\/mWwG3fy4eA\">pic.twitter.com\/mWwG3fy4eA<\/a><\/p>\n<p>&mdash; Animal Pol\u00edtico (@Pajaropolitico) <a href=\"https:\/\/twitter.com\/Pajaropolitico\/status\/1580560082974408704?ref_src=twsrc%5Etfw\">October 13, 2022<\/a><\/p><\/blockquote>\n<p><script async src=\"https:\/\/platform.twitter.com\/widgets.js\" charset=\"utf-8\"><\/script><\/p>\n<h2 class=\"article-sub-heading\">Los nombres de los candidatos a 2024 seg\u00fan AMLO<\/h2>\n<p data-t=\"{&quot;n&quot;:&quot;blueLinks&quot;}\">Durante la lectura de los supuestos pre candidatos, L\u00f3pez Obrador destac\u00f3 que entre los nombres se encuentran Ildefonso Guajardo quien fue secretario de econom\u00eda con el presidente\u00a0<strong>Enrique Pe\u00f1a Nieto<\/strong>.<\/p>\n<p data-t=\"{&quot;n&quot;:&quot;blueLinks&quot;}\">\u201cJos\u00e9 \u00c1ngel Gurr\u00eda, el \u00e1ngel de la dependencia. Es que fue secretario de Hacienda y de Relaciones Exteriores con Ernesto Zedillo. \u00c9l dijo que el neoliberalismo iba a durar 20 o 30 a\u00f1os y le atin\u00f3\u201d, dijo el presidente.<\/p>\n<p data-t=\"{&quot;n&quot;:&quot;blueLinks&quot;}\">Al leer el nombre de la senadora del partido Movimiento Ciudadano,\u00a0<strong>Patricia Mercado<\/strong>, el presidente declar\u00f3 que \u201cella ayud\u00f3 en el fraude de 2006\u201d.<\/p>\n<p data-t=\"{&quot;n&quot;:&quot;blueLinks&quot;}\">\u201cSac\u00f3 como un mill\u00f3n de votos, se dijo que la diferencia \u201cformal\u201d 240 mil votos con los que gan\u00f3 Calder\u00f3n y ella se llev\u00f3 como un mill\u00f3n\u201d, mencion\u00f3 el mandatario.<\/p>\n<div class=\"wp-caption alignnone\">\n<div class=\"article-clear-div\"><\/div>\n<div class=\"article-image-slot\" data-image-href=\"https:\/\/www.msn.com\/es-mx\/noticias\/mexico\/carstens-chumel-loret-de-mola-los-43-posibles-presidenciales-del-bloque-conservador-seg%C3%BAn-amlo\/ar-AA12VjT0?ocid=EMMX&amp;cvid=3546264ca8904aa7aac0a21d95cc4415&amp;fullscreen=true#image=2\" data-doc-id=\"cms\/api\/amp\/image\/AA12Vmln\" data-rendered=\"true\">\n<div class=\"article-image-container\" data-t=\"{&quot;n&quot;:&quot;OpenModal&quot;,&quot;t&quot;:13}\">\n<div style=\"width: 778px\" class=\"wp-caption alignnone\"><a class=\"article-image-height-wrapper\" href=\"https:\/\/www.msn.com\/es-mx\/noticias\/mexico\/carstens-chumel-loret-de-mola-los-43-posibles-presidenciales-del-bloque-conservador-seg%C3%BAn-amlo\/ar-AA12VjT0?ocid=EMMX&amp;cvid=3546264ca8904aa7aac0a21d95cc4415&amp;fullscreen=true#image=2\" data-t=\"{&quot;n&quot;:&quot;destination&quot;,&quot;t&quot;:14,&quot;b&quot;:1,&quot;c.t&quot;:14}\"><img loading=\"lazy\" decoding=\"async\" class=\"article-image\" tabindex=\"0\" title=\"AMLO candidatos 2024\" src=\"https:\/\/img-s-msn-com.akamaized.net\/tenant\/amp\/entityid\/AA12Vmln.img?w=768&amp;h=436&amp;m=6\" alt=\"AMLO candidatos 2024\" width=\"768\" height=\"436\" \/><\/a><p class=\"wp-caption-text\">AMLO candidatos 2024\u00a9\u00a0Proporcionado por Animal Pol\u00edtico<\/p><\/div>\n<p class=\"continue-read-break\" data-t=\"{&quot;n&quot;:&quot;blueLinks&quot;}\">Los dem\u00e1s nombres de los que AMLO consider\u00f3 candidatos del bloque conservador para 2024 son Chumel Torres, Dami\u00e1n Zepeda, Dante Delgado, Demetrio Sodi de la Tijera, Diego Fern\u00e1ndez de Cevallos, Emilio \u00c1lvarez Icaza, Enrique Alfaro, Enrique de la Madrid.<\/p>\n<p data-t=\"{&quot;n&quot;:&quot;blueLinks&quot;}\">Tambi\u00e9n mencion\u00f3 a Fernando Canales Clariond, Gabriel Quadri, Gilberto Lozano, Gustavo de Hoyos, Gustavo Madero, Juan Carlos Romero Hicks, Kenia L\u00f3pez Rabadan, Lilly T\u00e9llez, Lorenzo C\u00f3rdova, Luis Donaldo Colosio Riojas, Margarita Zavala, Marko Cort\u00e9s, Maru Campos, Mauricio Kuri, Mauricio Vila, Miguel \u00c1ngel Mancerca, Miguel \u00c1ngel Osorio Chong, Miguel \u00c1ngel Riquelme.<\/p>\n<p data-t=\"{&quot;n&quot;:&quot;blueLinks&quot;}\">Por \u00faltimo destac\u00f3 a Pedro Ferriz de Con, Ricardo Anaya, Samuel Garc\u00eda, Santiago Creel, Silvano Aureoles, X\u00f3chitl G\u00e1kvez Ruiz y agreg\u00f3 al exgobernador de Tamaulipas, Francisco Garc\u00eda Cabeza de Vaca.<\/p>\n<p data-t=\"{&quot;n&quot;:&quot;blueLinks&quot;}\">\n<p data-t=\"{&quot;n&quot;:&quot;blueLinks&quot;}\">Con informaci\u00f3n de Animal Pol\u00edtico<\/p>\n<div class=\"image-caption-container\"><\/div>\n<\/div>\n<\/div>\n<\/div>\n<\/div>\n","protected":false},"excerpt":{"rendered":"<p>El presidente Andr\u00e9s Manuel L\u00f3pez Obrador (AMLO) present\u00f3 los nombres de quienes llam\u00f3 los pre candidatos del bloque\u00a0conservador\u00a0para el 2024 Durante la\u00a0conferencia\u00a0de prensa matutina, el mandatario dijo que en lugar de 38, salieron 42 nombres de quienes aspiran a la\u00a0presidencia el pr\u00f3ximo sexenio. Agust\u00edn Carstens, Alejandro Moreno, Beatriz Paredes, Carlos Loret de Mola, Carlos Medina Plascencia, Claudio X Gonz\u00e1lez y Denise Dresser, son algunos de los nombres que present\u00f3 en una diapositiva. El presidente present\u00f3 una lista con los nombres de los que su gobierno ha identificado como los posibles candidatos &quot;del bloque conservador&quot; para las elecci\u00f3n presidencial del 2024. [&hellip;]<\/p>\n","protected":false},"author":3,"featured_media":57378,"comment_status":"open","ping_status":"open","sticky":false,"template":"","format":"standard","meta":{"_jetpack_newsletter_access":"","_jetpack_dont_email_post_to_subs":false,"_jetpack_newsletter_tier_id":0,"_jetpack_memberships_contains_paywalled_content":false,"_jetpack_feature_clip_id":0,"_jetpack_memberships_contains_paid_content":false,"footnotes":"","jetpack_publicize_message":"","jetpack_publicize_feature_enabled":true,"jetpack_social_post_already_shared":true,"jetpack_social_options":{"image_generator_settings":{"template":"highway","default_image_id":0,"font":"","enabled":false},"version":2},"jetpack_post_was_ever_published":false},"categories":[75,72],"tags":[],"class_list":["post-57377","post","type-post","status-publish","format-standard","has-post-thumbnail","hentry","category-nacional","category-portada","post--single"],"jetpack_publicize_connections":[],"jetpack_featured_media_url":"https:\/\/ovelanalista.com\/wp-content\/uploads\/2022\/10\/amlo-12.jpeg","jetpack_sharing_enabled":true,"_links":{"self":[{"href":"https:\/\/ovelanalista.com\/index.php?rest_route=\/wp\/v2\/posts\/57377","targetHints":{"allow":["GET"]}}],"collection":[{"href":"https:\/\/ovelanalista.com\/index.php?rest_route=\/wp\/v2\/posts"}],"about":[{"href":"https:\/\/ovelanalista.com\/index.php?rest_route=\/wp\/v2\/types\/post"}],"author":[{"embeddable":true,"href":"https:\/\/ovelanalista.com\/index.php?rest_route=\/wp\/v2\/users\/3"}],"replies":[{"embeddable":true,"href":"https:\/\/ovelanalista.com\/index.php?rest_route=%2Fwp%2Fv2%2Fcomments&post=57377"}],"version-history":[{"count":1,"href":"https:\/\/ovelanalista.com\/index.php?rest_route=\/wp\/v2\/posts\/57377\/revisions"}],"predecessor-version":[{"id":57379,"href":"https:\/\/ovelanalista.com\/index.php?rest_route=\/wp\/v2\/posts\/57377\/revisions\/57379"}],"wp:featuredmedia":[{"embeddable":true,"href":"https:\/\/ovelanalista.com\/index.php?rest_route=\/wp\/v2\/media\/57378"}],"wp:attachment":[{"href":"https:\/\/ovelanalista.com\/index.php?rest_route=%2Fwp%2Fv2%2Fmedia&parent=57377"}],"wp:term":[{"taxonomy":"category","embeddable":true,"href":"https:\/\/ovelanalista.com\/index.php?rest_route=%2Fwp%2Fv2%2Fcategories&post=57377"},{"taxonomy":"post_tag","embeddable":true,"href":"https:\/\/ovelanalista.com\/index.php?rest_route=%2Fwp%2Fv2%2Ftags&post=57377"}],"curies":[{"name":"wp","href":"https:\/\/api.w.org\/{rel}","templated":true}]}}