{"id":57469,"date":"2022-10-13T16:10:56","date_gmt":"2022-10-13T22:10:56","guid":{"rendered":"https:\/\/ovelanalista.com\/?p=57469"},"modified":"2022-10-13T15:22:24","modified_gmt":"2022-10-13T21:22:24","slug":"luego-de-aval-a-reforma-militar-mexico-avanza-para-alcanzar-la-paz-ignacio-mier","status":"publish","type":"post","link":"https:\/\/ovelanalista.com\/?p=57469","title":{"rendered":"Luego de aval a reforma militar, &#8220;M\u00e9xico avanza para alcanzar la paz&#8221;: Ignacio Mier"},"content":{"rendered":"<p>Luego de aval a reforma militar, &#8220;M\u00e9xico avanza para alcanzar la paz&#8221;: Ignacio Mier El coordinador de\u00a0<strong>Morena\u00a0<\/strong>en San L\u00e1zaro,<strong>\u00a0Ignacio Mier<\/strong>, celebr\u00f3 la aprobaci\u00f3n por la mayor\u00eda de las\u00a0<strong>reformas<\/strong>\u00a0a la<a tabindex=\"0\" href=\"https:\/\/www.eluniversal.com.mx\/tag\/fuerzas-armadas\" target=\"_blank\" rel=\"noopener\" data-t=\"{&quot;n&quot;:&quot;destination&quot;,&quot;t&quot;:13,&quot;b&quot;:1,&quot;c.t&quot;:7}\"><strong>\u00a0Guardia Nacional<\/strong><\/a>\u00a0(GN) y la promovida por \u00e9l, en materia de los llamados Bienes Mostrencos, y asegur\u00f3 que con ello,\u00a0<strong>M\u00e9xico avanza para alcanzar la paz<\/strong>.<\/p>\n<p data-t=\"{&quot;n&quot;:&quot;blueLinks&quot;}\">\u201cAplaudo el respaldo de mis compa\u00f1eras y compa\u00f1eros diputados, con ello se dio un paso m\u00e1s hacia la consolidaci\u00f3n de la GN y que aunado a la aprobaci\u00f3n de la reforma de bienes mostrencos permitir\u00e1 avanzar en la ruta para alcanzar la paz\u201d, afirm\u00f3.<\/p>\n<p data-t=\"{&quot;n&quot;:&quot;blueLinks&quot;}\">El legislador record\u00f3 que tras su aval, la reforma para ampliar la presencia del ej\u00e9rcito en las calles, pasar\u00e1 a las legislaturas de las entidades federativas y al Congreso de la Ciudad de M\u00e9xico para sus efectos constitucionales.<\/p>\n<p data-t=\"{&quot;n&quot;:&quot;blueLinks&quot;}\">\n<p data-t=\"{&quot;n&quot;:&quot;blueLinks&quot;}\">Con esta reforma, explic\u00f3, &#8220;se da mayor tiempo para consolidar a la Guardia Nacional como una instituci\u00f3n de seguridad capacidad y comprometida con el bienestar de los mexicanos&#8221;.<\/p>\n<p data-t=\"{&quot;n&quot;:&quot;blueLinks&quot;}\">La reforma establece que las tareas de las fuerzas armadas se mantendr\u00e1n en el \u00e1mbito de la seguridad p\u00fablica, al tiempo que se capacita a los \u00f3rdenes policiales &#8220;que no ser\u00e1n en ning\u00fan caso sustituidos&#8221;.<\/p>\n<div class=\"article-clear-div\"><\/div>\n<p class=\"continue-read-break\" data-t=\"{&quot;n&quot;:&quot;blueLinks&quot;}\">Adem\u00e1s, semestralmente el Presidente har\u00e1 llegar al Congreso de la Uni\u00f3n un informe sobre las actividades del Ej\u00e9rcito y la Marina para que los resultados de sus actividades sean analizados por una comisi\u00f3n bicameral.<\/p>\n<p class=\"\" data-t=\"{&quot;n&quot;:&quot;blueLinks&quot;}\">\n<p class=\"\" data-t=\"{&quot;n&quot;:&quot;blueLinks&quot;}\">Mier Velazco se\u00f1al\u00f3 que el dictamen responde a los tres principios que deben guiar a todo cuerpo policiaco a fin de garantizar el respeto a los derechos humanos: obediencia, honor y disciplina.<\/p>\n<p class=\"\" data-t=\"{&quot;n&quot;:&quot;blueLinks&quot;}\">Asegur\u00f3 que alargar la permanencia de las fuerzas armadas como apoyo de la Guardia Nacional en sus tareas, &#8220;es permitir el cumplimiento pleno de estas premisas&#8221;.<\/p>\n<p class=\"\" data-t=\"{&quot;n&quot;:&quot;blueLinks&quot;}\">Asimismo, dijo que con la aprobaci\u00f3n de la iniciativa sobre bienes mostrencos se asegura el fortalecimiento institucional de la seguridad p\u00fablica, \u201cya que el Sistema Nacional de Seguridad, a trav\u00e9s de la dependencia que tiene delegada la responsabilidad de la seguridad ciudadana, puede disponer de los recursos financieros abandonados en la banca comercial\u201d.<\/p>\n<p class=\"\" data-t=\"{&quot;n&quot;:&quot;blueLinks&quot;}\">Finalmente, dijo que estas acciones no significan la militarizaci\u00f3n del pa\u00eds como refieren sus adversarios pol\u00edticos, y se\u00f1al\u00f3 que &#8220;son pasos firmes en la construcci\u00f3n de instituciones de seguridad probas y capaces en los tres niveles de Gobierno&#8221;.<\/p>\n<p data-t=\"{&quot;n&quot;:&quot;blueLinks&quot;}\">\n<p data-t=\"{&quot;n&quot;:&quot;blueLinks&quot;}\">Con informaci\u00f3n de El Universal<\/p>\n","protected":false},"excerpt":{"rendered":"<p>Luego de aval a reforma militar, &#8220;M\u00e9xico avanza para alcanzar la paz&#8221;: Ignacio Mier El coordinador de\u00a0Morena\u00a0en San L\u00e1zaro,\u00a0Ignacio Mier, celebr\u00f3 la aprobaci\u00f3n por la mayor\u00eda de las\u00a0reformas\u00a0a la\u00a0Guardia Nacional\u00a0(GN) y la promovida por \u00e9l, en materia de los llamados Bienes Mostrencos, y asegur\u00f3 que con ello,\u00a0M\u00e9xico avanza para alcanzar la paz. \u201cAplaudo el respaldo de mis compa\u00f1eras y compa\u00f1eros diputados, con ello se dio un paso m\u00e1s hacia la consolidaci\u00f3n de la GN y que aunado a la aprobaci\u00f3n de la reforma de bienes mostrencos permitir\u00e1 avanzar en la ruta para alcanzar la paz\u201d, afirm\u00f3. El legislador record\u00f3 que [&hellip;]<\/p>\n","protected":false},"author":3,"featured_media":57470,"comment_status":"open","ping_status":"open","sticky":false,"template":"","format":"standard","meta":{"_jetpack_newsletter_access":"","_jetpack_dont_email_post_to_subs":false,"_jetpack_newsletter_tier_id":0,"_jetpack_memberships_contains_paywalled_content":false,"_jetpack_feature_clip_id":0,"_jetpack_memberships_contains_paid_content":false,"footnotes":"","jetpack_publicize_message":"","jetpack_publicize_feature_enabled":true,"jetpack_social_post_already_shared":true,"jetpack_social_options":{"image_generator_settings":{"template":"highway","default_image_id":0,"font":"","enabled":false},"version":2},"jetpack_post_was_ever_published":false},"categories":[75,72],"tags":[],"class_list":["post-57469","post","type-post","status-publish","format-standard","has-post-thumbnail","hentry","category-nacional","category-portada","post--single"],"jetpack_publicize_connections":[],"jetpack_featured_media_url":"https:\/\/ovelanalista.com\/wp-content\/uploads\/2022\/10\/Ignacio-Mier.jpeg","jetpack_sharing_enabled":true,"_links":{"self":[{"href":"https:\/\/ovelanalista.com\/index.php?rest_route=\/wp\/v2\/posts\/57469","targetHints":{"allow":["GET"]}}],"collection":[{"href":"https:\/\/ovelanalista.com\/index.php?rest_route=\/wp\/v2\/posts"}],"about":[{"href":"https:\/\/ovelanalista.com\/index.php?rest_route=\/wp\/v2\/types\/post"}],"author":[{"embeddable":true,"href":"https:\/\/ovelanalista.com\/index.php?rest_route=\/wp\/v2\/users\/3"}],"replies":[{"embeddable":true,"href":"https:\/\/ovelanalista.com\/index.php?rest_route=%2Fwp%2Fv2%2Fcomments&post=57469"}],"version-history":[{"count":1,"href":"https:\/\/ovelanalista.com\/index.php?rest_route=\/wp\/v2\/posts\/57469\/revisions"}],"predecessor-version":[{"id":57471,"href":"https:\/\/ovelanalista.com\/index.php?rest_route=\/wp\/v2\/posts\/57469\/revisions\/57471"}],"wp:featuredmedia":[{"embeddable":true,"href":"https:\/\/ovelanalista.com\/index.php?rest_route=\/wp\/v2\/media\/57470"}],"wp:attachment":[{"href":"https:\/\/ovelanalista.com\/index.php?rest_route=%2Fwp%2Fv2%2Fmedia&parent=57469"}],"wp:term":[{"taxonomy":"category","embeddable":true,"href":"https:\/\/ovelanalista.com\/index.php?rest_route=%2Fwp%2Fv2%2Fcategories&post=57469"},{"taxonomy":"post_tag","embeddable":true,"href":"https:\/\/ovelanalista.com\/index.php?rest_route=%2Fwp%2Fv2%2Ftags&post=57469"}],"curies":[{"name":"wp","href":"https:\/\/api.w.org\/{rel}","templated":true}]}}