{"id":59070,"date":"2022-10-26T12:50:37","date_gmt":"2022-10-26T18:50:37","guid":{"rendered":"https:\/\/ovelanalista.com\/?p=59070"},"modified":"2022-10-26T12:42:06","modified_gmt":"2022-10-26T18:42:06","slug":"la-razon-de-mi-detencion-fue-injusta-absuelven-al-bronco-por-delitos-electorales","status":"publish","type":"post","link":"https:\/\/ovelanalista.com\/?p=59070","title":{"rendered":"\u2018La raz\u00f3n de mi detenci\u00f3n fue injusta\u2019: absuelven al Bronco por delitos electorales"},"content":{"rendered":"<p data-t=\"{&quot;n&quot;:&quot;blueLinks&quot;}\">El exgobernador\u00a0<strong>Jaime Rodr\u00edguez Calder\u00f3n, el Bronco<\/strong>, fue absuelto del delito de desv\u00edo de recursos p\u00fablicos para fines pol\u00edticos.<\/p>\n<div class=\"article-image-container\" data-t=\"{&quot;n&quot;:&quot;OpenModal&quot;,&quot;t&quot;:13}\">\u201cLa raz\u00f3n de mi detenci\u00f3n, siempre lo dije, fue injusta y fuera de toda legalidad. Hoy, un juez federal lo confirma. He sido absuelto del supuesto\u00a0<strong>delito electoral<\/strong>\u201d, public\u00f3 el Bronco este martes.<\/div>\n<div data-t=\"{&quot;n&quot;:&quot;OpenModal&quot;,&quot;t&quot;:13}\"><\/div>\n<div data-t=\"{&quot;n&quot;:&quot;OpenModal&quot;,&quot;t&quot;:13}\">https:\/\/twitter.com\/JaimeRdzNL\/status\/1585061361071296512?ref_src=twsrc%5Etfw%7Ctwcamp%5Etweetembed%7Ctwterm%5E1585061361071296512%7Ctwgr%5E37d86bbcfe18a9a997a942f1c158e2eb69f33fd8%7Ctwcon%5Es1_c10&amp;ref_url=https%3A%2F%2Fwww.animalpolitico.com%2F2022%2F10%2Fbronco-absuelto-delitos-electorales-exgobernador-nuevo-leon%2F<\/div>\n<div data-t=\"{&quot;n&quot;:&quot;OpenModal&quot;,&quot;t&quot;:13}\"><\/div>\n<div data-t=\"{&quot;n&quot;:&quot;OpenModal&quot;,&quot;t&quot;:13}\">\n<p data-t=\"{&quot;n&quot;:&quot;blueLinks&quot;}\">Gabriel Garc\u00eda, abogado del exgobernador de Nuevo Le\u00f3n, dijo a<em><a tabindex=\"0\" href=\"https:\/\/abcnoticias.mx\/local\/2022\/10\/25\/he-sido-absuelto-el-bronco-173836.html\" target=\"_blank\" rel=\"noopener\" data-t=\"{&quot;n&quot;:&quot;destination&quot;,&quot;t&quot;:13,&quot;b&quot;:1,&quot;c.t&quot;:7}\">\u00a0ABC Noticias<\/a><\/em>\u00a0que el juez no encontr\u00f3 elementos para continuar con el procedimiento.<\/p>\n<div class=\"article-clear-div\"><\/div>\n<p data-t=\"{&quot;n&quot;:&quot;blueLinks&quot;}\">\u201cDesde un principio establecimos que la autoridad local no era la competente para conocer de este tipo de hechos y nos fue concedida esta petici\u00f3n, un Tribunal Colegiado determin\u00f3 que un Juez Federal era quien deb\u00eda tomar conocimiento, por el contexto de la elecci\u00f3n presidencial de donde se derivan estos supuestos hechos\u201d, dijo el defensor.<\/p>\n<p data-t=\"{&quot;n&quot;:&quot;blueLinks&quot;}\">e acuerdo con un reporte del diario\u00a0<em><a tabindex=\"0\" href=\"https:\/\/www.reforma.com\/absuelven-a-el-bronco-en-caso-de-aportaciones-ilegales\/ar2492817?v=2\" target=\"_blank\" rel=\"noopener\" data-t=\"{&quot;n&quot;:&quot;destination&quot;,&quot;t&quot;:13,&quot;b&quot;:1,&quot;c.t&quot;:7}\">Reforma<\/a><\/em>, un juez de control del Centro de Justicia Penal Federal de Nuevo Le\u00f3n fue quien determin\u00f3 suspender el caso contra Rodr\u00edguez Mondrag\u00f3n,\u00a0<a tabindex=\"0\" href=\"https:\/\/www.animalpolitico.com\/2022\/03\/detienen-jaime-rodriguez-bronco-exgobernador-nuevo-leon\/\" target=\"_blank\" rel=\"noopener\" data-t=\"{&quot;n&quot;:&quot;destination&quot;,&quot;t&quot;:13,&quot;b&quot;:1,&quot;c.t&quot;:7}\">detenido desde el pasado 15 de marzo.<\/a><\/p>\n<p data-t=\"{&quot;n&quot;:&quot;blueLinks&quot;}\">En junio pasado,\u00a0<a tabindex=\"0\" href=\"https:\/\/www.animalpolitico.com\/2022\/06\/el-bronco-prision-domiciliaria-procesos-penales\/\" target=\"_blank\" rel=\"noopener\" data-t=\"{&quot;n&quot;:&quot;destination&quot;,&quot;t&quot;:13,&quot;b&quot;:1,&quot;c.t&quot;:7}\">el exgobernador de Nuevo Le\u00f3n obtuvo el cambio de medida cautelar<\/a>\u00a0y pudo enfrentar los procesos desde casa por cuestiones de salud.<\/p>\n<p class=\"continue-read-break\" data-t=\"{&quot;n&quot;:&quot;blueLinks&quot;}\">Rodr\u00edguez Calder\u00f3n gobern\u00f3 Nuevo Le\u00f3n de 2015 a 2021. Gan\u00f3 el cargo como candidato independiente y bajo esa misma figura aspir\u00f3 a la Presidencia de la Rep\u00fablica en 2018.<\/p>\n<p data-t=\"{&quot;n&quot;:&quot;blueLinks&quot;}\">Fue acusado de desviar recursos p\u00fablicos para promover sus aspiraciones presidenciales.<\/p>\n<\/div>\n<p data-t=\"{&quot;n&quot;:&quot;blueLinks&quot;}\">\n<p data-t=\"{&quot;n&quot;:&quot;blueLinks&quot;}\">Con informaci\u00f3n de Animal Pol\u00edtico<\/p>\n","protected":false},"excerpt":{"rendered":"<p>El exgobernador\u00a0Jaime Rodr\u00edguez Calder\u00f3n, el Bronco, fue absuelto del delito de desv\u00edo de recursos p\u00fablicos para fines pol\u00edticos. \u201cLa raz\u00f3n de mi detenci\u00f3n, siempre lo dije, fue injusta y fuera de toda legalidad. Hoy, un juez federal lo confirma. He sido absuelto del supuesto\u00a0delito electoral\u201d, public\u00f3 el Bronco este martes. https:\/\/twitter.com\/JaimeRdzNL\/status\/1585061361071296512?ref_src=twsrc%5Etfw%7Ctwcamp%5Etweetembed%7Ctwterm%5E1585061361071296512%7Ctwgr%5E37d86bbcfe18a9a997a942f1c158e2eb69f33fd8%7Ctwcon%5Es1_c10&amp;ref_url=https%3A%2F%2Fwww.animalpolitico.com%2F2022%2F10%2Fbronco-absuelto-delitos-electorales-exgobernador-nuevo-leon%2F Gabriel Garc\u00eda, abogado del exgobernador de Nuevo Le\u00f3n, dijo a\u00a0ABC Noticias\u00a0que el juez no encontr\u00f3 elementos para continuar con el procedimiento. \u201cDesde un principio establecimos que la autoridad local no era la competente para conocer de este tipo de hechos y nos fue concedida esta petici\u00f3n, un Tribunal Colegiado [&hellip;]<\/p>\n","protected":false},"author":3,"featured_media":59071,"comment_status":"open","ping_status":"open","sticky":false,"template":"","format":"standard","meta":{"_jetpack_newsletter_access":"","_jetpack_dont_email_post_to_subs":false,"_jetpack_newsletter_tier_id":0,"_jetpack_memberships_contains_paywalled_content":false,"_jetpack_feature_clip_id":0,"_jetpack_memberships_contains_paid_content":false,"footnotes":"","jetpack_publicize_message":"","jetpack_publicize_feature_enabled":true,"jetpack_social_post_already_shared":true,"jetpack_social_options":{"image_generator_settings":{"template":"highway","default_image_id":0,"font":"","enabled":false},"version":2},"jetpack_post_was_ever_published":false},"categories":[75,72],"tags":[],"class_list":["post-59070","post","type-post","status-publish","format-standard","has-post-thumbnail","hentry","category-nacional","category-portada","post--single"],"jetpack_publicize_connections":[],"jetpack_featured_media_url":"https:\/\/ovelanalista.com\/wp-content\/uploads\/2022\/10\/Bronco-1.jpeg","jetpack_sharing_enabled":true,"_links":{"self":[{"href":"https:\/\/ovelanalista.com\/index.php?rest_route=\/wp\/v2\/posts\/59070","targetHints":{"allow":["GET"]}}],"collection":[{"href":"https:\/\/ovelanalista.com\/index.php?rest_route=\/wp\/v2\/posts"}],"about":[{"href":"https:\/\/ovelanalista.com\/index.php?rest_route=\/wp\/v2\/types\/post"}],"author":[{"embeddable":true,"href":"https:\/\/ovelanalista.com\/index.php?rest_route=\/wp\/v2\/users\/3"}],"replies":[{"embeddable":true,"href":"https:\/\/ovelanalista.com\/index.php?rest_route=%2Fwp%2Fv2%2Fcomments&post=59070"}],"version-history":[{"count":1,"href":"https:\/\/ovelanalista.com\/index.php?rest_route=\/wp\/v2\/posts\/59070\/revisions"}],"predecessor-version":[{"id":59072,"href":"https:\/\/ovelanalista.com\/index.php?rest_route=\/wp\/v2\/posts\/59070\/revisions\/59072"}],"wp:featuredmedia":[{"embeddable":true,"href":"https:\/\/ovelanalista.com\/index.php?rest_route=\/wp\/v2\/media\/59071"}],"wp:attachment":[{"href":"https:\/\/ovelanalista.com\/index.php?rest_route=%2Fwp%2Fv2%2Fmedia&parent=59070"}],"wp:term":[{"taxonomy":"category","embeddable":true,"href":"https:\/\/ovelanalista.com\/index.php?rest_route=%2Fwp%2Fv2%2Fcategories&post=59070"},{"taxonomy":"post_tag","embeddable":true,"href":"https:\/\/ovelanalista.com\/index.php?rest_route=%2Fwp%2Fv2%2Ftags&post=59070"}],"curies":[{"name":"wp","href":"https:\/\/api.w.org\/{rel}","templated":true}]}}