{"id":59073,"date":"2022-10-26T13:00:22","date_gmt":"2022-10-26T19:00:22","guid":{"rendered":"https:\/\/ovelanalista.com\/?p=59073"},"modified":"2022-10-26T12:45:22","modified_gmt":"2022-10-26T18:45:22","slug":"discuten-reforma-electoral-oposicion-rechaza-legislar-contra-ine-y-sesiones-coincidiran-con-mundial","status":"publish","type":"post","link":"https:\/\/ovelanalista.com\/?p=59073","title":{"rendered":"Discuten reforma electoral: oposici\u00f3n rechaza legislar contra INE y sesiones coincidir\u00e1n con Mundial"},"content":{"rendered":"<p>Este martes inici\u00f3 la discusi\u00f3n de la reforma electoral entre\u00a0<strong>Comisiones de Reforma Pol\u00edtico-Electoral, Puntos Constitucionales y Gobernaci\u00f3n de la C\u00e1mara de Diputados,<\/strong>\u00a0con la advertencia de los l\u00edderes de las bancadas del\u00a0<strong>PAN, PRD y PRI<\/strong>\u00a0de que no aprobar\u00e1n ninguna iniciativa que afecte a los \u00f3rganos electorales -como el<strong>\u00a0INE<\/strong>\u00a0o el\u00a0<strong>Tribunal Electoral del Poder Judicial de la Federaci\u00f3n (TEPJF)<\/strong>-, mientras que\u00a0<strong>Movimiento Ciudadano<\/strong>\u00a0acus\u00f3 que la discusi\u00f3n es una farsa para favorecer la propuesta del presidente\u00a0<strong>Andr\u00e9s Manuel L\u00f3pez Obrador<\/strong>.<\/p>\n<p data-t=\"{&quot;n&quot;:&quot;blueLinks&quot;}\">A propuesta del presidente de la\u00a0<strong>Junta de Coordinaci\u00f3n Pol\u00edtica (Jucopo)<\/strong>, el morenista\u00a0<strong>Ignacio Mier,<\/strong>\u00a0se aprob\u00f3 la creaci\u00f3n de un grupo de 21 integrantes de las tres Comisiones, que sistematizar\u00e1n las 107 iniciativas, adem\u00e1s de la del presidente. Cada partido ser\u00e1 representado por 3 integrantes.<\/p>\n<p data-t=\"{&quot;n&quot;:&quot;blueLinks&quot;}\">El coordinador del PRI en la C\u00e1mara,\u00a0<strong>Rub\u00e9n Moreira<\/strong>, dijo:<\/p>\n<p data-t=\"{&quot;n&quot;:&quot;blueLinks&quot;}\"><strong>No vamos a permitir que se da\u00f1e al INE, ni al Tribunal Electoral federal, y esto entendido en su autonom\u00eda, en su certeza, en su transparencia, en todas las condiciones que hagan posible su trabajo.<\/strong><\/p>\n<p class=\"continue-read-break\" data-t=\"{&quot;n&quot;:&quot;blueLinks&quot;}\"><strong>Alejandro Moreno<\/strong>, quien es<strong>\u00a0l\u00edder nacional del PRI<\/strong>\u00a0y diputado federal, dijo que su partido\u00a0\u201cde manera firme, categ\u00f3rica y contundente, se\u00f1alamos que en el PRI no aprobaremos nada que da\u00f1e al Instituto Nacional Electoral y al Tribunal Federal Electoral\u201d.<\/p>\n<div class=\"article-image-slot\" data-image-href=\"https:\/\/www.msn.com\/es-mx\/noticias\/mexico\/discuten-reforma-electoral-oposici%C3%B3n-rechaza-legislar-contra-ine-y-sesiones-coincidir%C3%A1n-con-mundial\/ar-AA13mUWF?cvid=b3d3172a7a784659aeceb1fdfd0dc585&amp;fullscreen=true#image=1\" data-doc-id=\"cms\/api\/amp\/image\/AA13mEbB\" data-rendered=\"true\">\n<div class=\"article-image-container\" data-t=\"{&quot;n&quot;:&quot;OpenModal&quot;,&quot;t&quot;:13}\">\n<div style=\"width: 710px\" class=\"wp-caption alignnone\"><a class=\"article-image-height-wrapper\" href=\"https:\/\/www.msn.com\/es-mx\/noticias\/mexico\/discuten-reforma-electoral-oposici%C3%B3n-rechaza-legislar-contra-ine-y-sesiones-coincidir%C3%A1n-con-mundial\/ar-AA13mUWF?cvid=b3d3172a7a784659aeceb1fdfd0dc585&amp;fullscreen=true#image=1\" data-t=\"{&quot;n&quot;:&quot;destination&quot;,&quot;t&quot;:14,&quot;b&quot;:1,&quot;c.t&quot;:14}\"><img loading=\"lazy\" decoding=\"async\" class=\"article-image\" tabindex=\"0\" title=\"Discuten reforma electoral: oposici\u00f3n rechaza legislar contra INE y sesiones coincidir\u00e1n con Mundial\" src=\"https:\/\/img-s-msn-com.akamaized.net\/tenant\/amp\/entityid\/AA13mEbB.img?w=700&amp;h=500&amp;m=6&amp;x=31&amp;y=93&amp;s=36&amp;d=36\" alt=\"Discuten reforma electoral: oposici\u00f3n rechaza legislar contra INE y sesiones coincidir\u00e1n con Mundial\" width=\"700\" height=\"500\" \/><\/a><p class=\"wp-caption-text\">Discuten reforma electoral: oposici\u00f3n rechaza legislar contra INE y sesiones coincidir\u00e1n con Mundial\u00a9\u00a0Proporcionado por Aristegui Noticias<\/p><\/div>\n<div class=\"image-caption-container\"><\/div>\n<\/div>\n<\/div>\n<p class=\"\" data-t=\"{&quot;n&quot;:&quot;blueLinks&quot;}\">Mientras que el coordinador de la bancada del PAN,\u00a0<strong>Jorge Romero<\/strong>, asegur\u00f3 que en su grupo parlamentario\u00a0 \u201c<strong>no habremos de dictaminar una reforma que es dada desde otro poder<\/strong>\u201d, en referencia a la iniciativa que impulsa el presidente L\u00f3pez Obrador.<\/p>\n<p class=\"\" data-t=\"{&quot;n&quot;:&quot;blueLinks&quot;}\">El PAN, dijo Romero, impulsa la segunda vuelta electoral, elecciones primarias y paritarias, as\u00ed como reducir o ajustar la llamada sobrerrepresentaci\u00f3n de los partidos en las C\u00e1maras.<\/p>\n<p class=\"\" data-t=\"{&quot;n&quot;:&quot;blueLinks&quot;}\">El coordinador del PRD, Luis Ch\u00e1zaro, public\u00f3 un tuit diciendo:<\/p>\n<p class=\"\" data-t=\"{&quot;n&quot;:&quot;blueLinks&quot;}\"><strong>El INE\u00a0no es del gobierno en turno, no es de los partidos pol\u00edticos, debe ser de las y los ciudadanos. En el PRD\u00a0refrendamos la defensa a las instituciones y el andamiaje democr\u00e1tico que tanto nos ha costado a los mexicanos.<\/strong><\/p>\n<div class=\"\"><strong>Salvador Caro Cabrera<\/strong>, de\u00a0<strong>Movimiento Ciudadano,<\/strong>\u00a0anunci\u00f3 en la ma\u00f1ana que esta discusi\u00f3n es una farsa y dijo que su partido no participar\u00e1 en ella. A \u00e9l se sum\u00f3 la expriista Ivonne Ortega, quien envi\u00f3 una carta a la Jucopo acusando, de igual modo, \u201cuna farsa\u201d.<\/div>\n<p class=\"\" data-t=\"{&quot;n&quot;:&quot;blueLinks&quot;}\"><strong>El mundial<\/strong><\/p>\n<p class=\"\" data-t=\"{&quot;n&quot;:&quot;blueLinks&quot;}\">De acuerdo con el calendario de las Comisiones unidad que analizan la reforma electoral, el debate de la misma ocurrir\u00e1 exactamente los d\u00edas en que la Selecci\u00f3n Mexicana sostendr\u00e1 sus partidos del\u00a0<strong>Mundial de Qatrar 2022, con\u00a0<\/strong><strong>Polonia, Argentina y Arabia Saudita<\/strong>, es decir, el\u00a0<strong>22, 26 y 30 de noviembre<\/strong>, respectivamente.<\/p>\n<p class=\"\" data-t=\"{&quot;n&quot;:&quot;blueLinks&quot;}\">Sobre el grupo de trabajo de 21 diputados, \u00e9ste ma\u00f1ana deber\u00e1 quedar integrado de manera formal y se le dar\u00e1 hasta el pr\u00f3ximo martes 1 de noviembre para todas las propuestas existentes o nuevas sean integradas.<\/p>\n<blockquote class=\"twitter-tweet\" data-width=\"550\" data-dnt=\"true\">\n<p lang=\"es\" dir=\"ltr\">Construir la Reforma Electoral, sin duda, pasa primero por una vocaci\u00f3n democr\u00e1tica de los part\u00edcipes en el ejercicio, por ello en la reuni\u00f3n propuse la integraci\u00f3n de un grupo de trabajo compuesto por 21 diputadas y diputados para garantizar un an\u00e1lisis m\u00e1s amplio y plural. <a href=\"https:\/\/t.co\/6LZcaXfmJf\">pic.twitter.com\/6LZcaXfmJf<\/a><\/p>\n<p>&mdash; Ignacio Mier Velazco (@NachoMierV) <a href=\"https:\/\/twitter.com\/NachoMierV\/status\/1584981686382907393?ref_src=twsrc%5Etfw\">October 25, 2022<\/a><\/p><\/blockquote>\n<p><script async src=\"https:\/\/platform.twitter.com\/widgets.js\" charset=\"utf-8\"><\/script><\/p>\n<p>&nbsp;<\/p>\n<p>Con informaci\u00f3n de Aristegui Noticias<\/p>\n","protected":false},"excerpt":{"rendered":"<p>Este martes inici\u00f3 la discusi\u00f3n de la reforma electoral entre\u00a0Comisiones de Reforma Pol\u00edtico-Electoral, Puntos Constitucionales y Gobernaci\u00f3n de la C\u00e1mara de Diputados,\u00a0con la advertencia de los l\u00edderes de las bancadas del\u00a0PAN, PRD y PRI\u00a0de que no aprobar\u00e1n ninguna iniciativa que afecte a los \u00f3rganos electorales -como el\u00a0INE\u00a0o el\u00a0Tribunal Electoral del Poder Judicial de la Federaci\u00f3n (TEPJF)-, mientras que\u00a0Movimiento Ciudadano\u00a0acus\u00f3 que la discusi\u00f3n es una farsa para favorecer la propuesta del presidente\u00a0Andr\u00e9s Manuel L\u00f3pez Obrador. A propuesta del presidente de la\u00a0Junta de Coordinaci\u00f3n Pol\u00edtica (Jucopo), el morenista\u00a0Ignacio Mier,\u00a0se aprob\u00f3 la creaci\u00f3n de un grupo de 21 integrantes de las tres Comisiones, [&hellip;]<\/p>\n","protected":false},"author":3,"featured_media":17206,"comment_status":"open","ping_status":"open","sticky":false,"template":"","format":"standard","meta":{"_jetpack_newsletter_access":"","_jetpack_dont_email_post_to_subs":false,"_jetpack_newsletter_tier_id":0,"_jetpack_memberships_contains_paywalled_content":false,"_jetpack_feature_clip_id":0,"_jetpack_memberships_contains_paid_content":false,"footnotes":"","jetpack_publicize_message":"","jetpack_publicize_feature_enabled":true,"jetpack_social_post_already_shared":true,"jetpack_social_options":{"image_generator_settings":{"template":"highway","default_image_id":0,"font":"","enabled":false},"version":2},"jetpack_post_was_ever_published":false},"categories":[75,72],"tags":[],"class_list":["post-59073","post","type-post","status-publish","format-standard","has-post-thumbnail","hentry","category-nacional","category-portada","post--single"],"jetpack_publicize_connections":[],"jetpack_featured_media_url":"https:\/\/ovelanalista.com\/wp-content\/uploads\/2022\/01\/INE-2.jpeg","jetpack_sharing_enabled":true,"_links":{"self":[{"href":"https:\/\/ovelanalista.com\/index.php?rest_route=\/wp\/v2\/posts\/59073","targetHints":{"allow":["GET"]}}],"collection":[{"href":"https:\/\/ovelanalista.com\/index.php?rest_route=\/wp\/v2\/posts"}],"about":[{"href":"https:\/\/ovelanalista.com\/index.php?rest_route=\/wp\/v2\/types\/post"}],"author":[{"embeddable":true,"href":"https:\/\/ovelanalista.com\/index.php?rest_route=\/wp\/v2\/users\/3"}],"replies":[{"embeddable":true,"href":"https:\/\/ovelanalista.com\/index.php?rest_route=%2Fwp%2Fv2%2Fcomments&post=59073"}],"version-history":[{"count":1,"href":"https:\/\/ovelanalista.com\/index.php?rest_route=\/wp\/v2\/posts\/59073\/revisions"}],"predecessor-version":[{"id":59074,"href":"https:\/\/ovelanalista.com\/index.php?rest_route=\/wp\/v2\/posts\/59073\/revisions\/59074"}],"wp:featuredmedia":[{"embeddable":true,"href":"https:\/\/ovelanalista.com\/index.php?rest_route=\/wp\/v2\/media\/17206"}],"wp:attachment":[{"href":"https:\/\/ovelanalista.com\/index.php?rest_route=%2Fwp%2Fv2%2Fmedia&parent=59073"}],"wp:term":[{"taxonomy":"category","embeddable":true,"href":"https:\/\/ovelanalista.com\/index.php?rest_route=%2Fwp%2Fv2%2Fcategories&post=59073"},{"taxonomy":"post_tag","embeddable":true,"href":"https:\/\/ovelanalista.com\/index.php?rest_route=%2Fwp%2Fv2%2Ftags&post=59073"}],"curies":[{"name":"wp","href":"https:\/\/api.w.org\/{rel}","templated":true}]}}