{"id":59078,"date":"2022-10-26T13:20:10","date_gmt":"2022-10-26T19:20:10","guid":{"rendered":"https:\/\/ovelanalista.com\/?p=59078"},"modified":"2022-10-26T12:49:05","modified_gmt":"2022-10-26T18:49:05","slug":"familiares-de-desaparecidos-en-morelos-denuncian-incumplimiento-de-la-fiscalia-en-exhumacion-en-el-panteon-de-jojutla","status":"publish","type":"post","link":"https:\/\/ovelanalista.com\/?p=59078","title":{"rendered":"Familiares de desaparecidos en Morelos denuncian incumplimiento de la Fiscal\u00eda en exhumaci\u00f3n en el Pante\u00f3n de Jojutla"},"content":{"rendered":"<p data-t=\"{&quot;n&quot;:&quot;blueLinks&quot;}\">Colectivos de familiares de\u00a0<strong>desaparecidos<\/strong> en Morelos, denunciaron el\u00a0incumplimiento de acuerdos por parte de la<\/p>\n<p data-t=\"{&quot;n&quot;:&quot;blueLinks&quot;}\">Fiscal\u00eda local en el procesamiento de la\u00a0<strong>fosa irregular<\/strong>\u00a0en el\u00a0<strong>Pante\u00f3n de Jojutla<\/strong>\u201cPedro Amaro\u201d.<\/p>\n<p data-t=\"{&quot;n&quot;:&quot;blueLinks&quot;}\">A trav\u00e9s de un\u00a0<strong>comunicado<\/strong>, las familias se\u00f1alan que dichos incumplimientos vulneran la garant\u00eda de identificaci\u00f3n de los\u00a0<strong>restos \u00f3seos<\/strong>\u00a0recuperados de la fosa.<\/p>\n<p data-t=\"{&quot;n&quot;:&quot;blueLinks&quot;}\">Durante los di\u00e1logos previos a la\u00a0<strong>reapertura de los trabajos<\/strong>\u00a0en el pante\u00f3n, los colectivos exigieron que no se repliquen los errores y omisiones durante la\u00a0<strong>primera intervenci\u00f3n en 2017<\/strong>.<\/p>\n<p data-t=\"{&quot;n&quot;:&quot;blueLinks&quot;}\">Ante ello, los familiares de desaparecidos solicitaron tres puntos a la Fiscal\u00eda de Morelos los cuales denuncian que, a la fecha, no se han cumplido.<\/p>\n<blockquote class=\"twitter-tweet\" data-width=\"550\" data-dnt=\"true\">\n<p lang=\"es\" dir=\"ltr\">\ud83d\udd34COMUNICADO URGENTE.<\/p>\n<p>Compartimos el posicionamiento ante la falta de comunicaci\u00f3n y respuesta de los puntos solicitados de hacia la Fiscal\u00eda del Estado de Morelos.  <\/p>\n<p>Agradecemos que puedan compartir y sumarse a la exigencia. <a href=\"https:\/\/t.co\/WN4DP6C5nX\">pic.twitter.com\/WN4DP6C5nX<\/a><\/p>\n<p>&mdash; Brigada Busc\u00e1ndol@s (@brigadabuscando) <a href=\"https:\/\/twitter.com\/brigadabuscando\/status\/1585285805647581184?ref_src=twsrc%5Etfw\">October 26, 2022<\/a><\/p><\/blockquote>\n<p><script async src=\"https:\/\/platform.twitter.com\/widgets.js\" charset=\"utf-8\"><\/script><\/p>\n<h2 class=\"article-sub-heading\">Peticiones de los familiares de desaparecidos en el Pante\u00f3n de Jojutla<\/h2>\n<p data-t=\"{&quot;n&quot;:&quot;blueLinks&quot;}\">La primer exigencia de los colectivos es tener\u00a0<strong>claridad sobre la orden judicial<\/strong>\u00a0que rige la diligencia en el pante\u00f3n para tener conocimiento sobre los l\u00edmites de la zona que se trabajar\u00e1, as\u00ed como la profundidad a la que llegar\u00e1 la excavaci\u00f3n.<\/p>\n<div class=\"article-clear-div\"><\/div>\n<p data-t=\"{&quot;n&quot;:&quot;blueLinks&quot;}\">\u201cEn el proceso anterior la excavaci\u00f3n se realiz\u00f3 de 4.5 metros de profundidad y en esta ocasi\u00f3n, la Fiscal\u00eda establece que no se excavar\u00e1 m\u00e1s de 3 metros a pesar que ambas intervenciones se realizan sobre distintas secciones de la misma fosa irregular\u201d, destaca el comunicado.<\/p>\n<p class=\"continue-read-break\" data-t=\"{&quot;n&quot;:&quot;blueLinks&quot;}\">El segundo punto es la\u00a0<strong>entrega del plan de excavaci\u00f3n<\/strong>\u00a0antropol\u00f3gica ya que \u201ca pesar que el plan de excavaci\u00f3n de la Fiscal\u00eda supuestamente estaba terminado desde el 14 de septiembre, no ha sido entregado a los colectivos\u201d.<\/p>\n<p class=\"\" data-t=\"{&quot;n&quot;:&quot;blueLinks&quot;}\">C\u00f3mo tercer punto se solicita el\u00a0<strong>reporte de los avances en la identificaci\u00f3n<\/strong>\u00a0de los cuerpos y restos \u00f3seos recuperados en 2017 que deber\u00edan estar contenidos en la carpeta de hallazgos.<\/p>\n<p class=\"\" data-t=\"{&quot;n&quot;:&quot;blueLinks&quot;}\">\u201cLa Fiscal\u00eda de Morelos no entreg\u00f3 ninguna informaci\u00f3n sobre la diversidad de pruebas que ya deber\u00edan haber sido<\/p>\n<p class=\"\" data-t=\"{&quot;n&quot;:&quot;blueLinks&quot;}\">aplicadas para garantizar la identificaci\u00f3n y entrega de las personas a las que pertenecieron dichos restos. Ante ello, los colectivos\u00a0<strong>no tienen garant\u00edas<\/strong>\u00a0que se hayan aplicado las debidas pruebas a los restos recuperados en 2017 ni que se aplicar\u00e1n a los recuperados en la intervenci\u00f3n actual\u201d, se lee en el\u00a0<a tabindex=\"0\" href=\"https:\/\/twitter.com\/brigadabuscando\/status\/1585285805647581184?s=20&amp;t=5D4xpE47oMwtB2c9dCfYjQ\" target=\"_blank\" rel=\"noopener\" data-t=\"{&quot;n&quot;:&quot;destination&quot;,&quot;t&quot;:13,&quot;b&quot;:1,&quot;c.t&quot;:7}\"><strong>documento<\/strong><\/a>.<\/p>\n<div class=\"wp-caption aligncenter\">\n<div class=\"article-clear-div\"><\/div>\n<div class=\"article-image-slot\" data-image-href=\"https:\/\/www.msn.com\/es-mx\/noticias\/mexico\/familiares-de-desaparecidos-en-morelos-denuncian-incumplimiento-de-la-fiscal%C3%ADa-en-exhumaci%C3%B3n-en-el-pante%C3%B3n-de-jojutla\/ar-AA13pr6s?ocid=EMMX&amp;cvid=06812f9c8d274c4fbbf8386d7e1d6df7&amp;fullscreen=true#image=2\" data-doc-id=\"cms\/api\/amp\/image\/AA13pkke\" data-rendered=\"true\">\n<div class=\"article-image-container\" data-t=\"{&quot;n&quot;:&quot;OpenModal&quot;,&quot;t&quot;:13}\"><a class=\"article-image-height-wrapper\" href=\"https:\/\/www.msn.com\/es-mx\/noticias\/mexico\/familiares-de-desaparecidos-en-morelos-denuncian-incumplimiento-de-la-fiscal%C3%ADa-en-exhumaci%C3%B3n-en-el-pante%C3%B3n-de-jojutla\/ar-AA13pr6s?ocid=EMMX&amp;cvid=06812f9c8d274c4fbbf8386d7e1d6df7&amp;fullscreen=true#image=2\" target=\"_self\" data-t=\"{&quot;n&quot;:&quot;destination&quot;,&quot;t&quot;:14,&quot;b&quot;:1,&quot;c.t&quot;:14}\" rel=\"noopener\"><img decoding=\"async\" class=\"article-image\" tabindex=\"0\" title=\"desaparecidos Pante\u00f3n de Jojutla\" src=\"https:\/\/img-s-msn-com.akamaized.net\/tenant\/amp\/entityid\/AA13pkke.img?w=768&amp;h=510&amp;m=6\" alt=\"desaparecidos Pante\u00f3n de Jojutla\" \/><\/a><\/p>\n<div class=\"image-caption-container\"><span style=\"color: rgba(0, 0, 0, 0.4); font-size: 0.8em;\"><span class=\"image-caption\">desaparecidos Pante\u00f3n de Jojutla<\/span><span class=\"image-attribution\">\u00a9 Proporcionado por Animal Pol\u00edtico\u00a0<\/span>Foto: Cuartoscuro<\/span><\/div>\n<\/div>\n<\/div>\n<\/div>\n<div class=\"article-clear-div\"><\/div>\n<h2 class=\"article-sub-heading\">Intervenci\u00f3n de las autoridades<\/h2>\n<p class=\"\" data-t=\"{&quot;n&quot;:&quot;blueLinks&quot;}\">Los colectivos se\u00f1alan que el d\u00eda de ayer, martes 24 de octubre, la Fiscal\u00eda intent\u00f3 presentar un documento ambiguo e incompleto como plan de excavaci\u00f3n que no cumple con sus exigencias.<\/p>\n<p class=\"\" data-t=\"{&quot;n&quot;:&quot;blueLinks&quot;}\">\u201cA la vez dio lectura a una secci\u00f3n de la orden judicial que no clarifica las dimensiones del terreno a trabajar e inici\u00f3 labores al interior de la fosa sin presencia de las familias y sin haber cumplido con los acuerdos\u201d, denuncian.<\/p>\n<p class=\"\" data-t=\"{&quot;n&quot;:&quot;blueLinks&quot;}\">Por lo anterior, los familiares de desaparecidos que buscan restos en el Pante\u00f3n de Jojutla,\u00a0sostuvieron una reuni\u00f3n con el subsecretario de Derechos Humanos, Alejandro Encinas, para presentarle sus preocupaciones.<\/p>\n<p class=\"\" data-t=\"{&quot;n&quot;:&quot;blueLinks&quot;}\">Tras la reuni\u00f3n, el subsecretario se comprometi\u00f3 a dialogar con el Fiscal General del Estado as\u00ed como hacer un llamado a la Comisi\u00f3n Nacional de B\u00fasqueda y a la Comisi\u00f3n Nacional de Derechos Humanos a que acompa\u00f1en las\u00a0<strong>labores de excavaci\u00f3n<\/strong>.<\/p>\n<p data-t=\"{&quot;n&quot;:&quot;blueLinks&quot;}\">\n<p data-t=\"{&quot;n&quot;:&quot;blueLinks&quot;}\">Con informaci\u00f3n de Animal Pol\u00edtico<\/p>\n","protected":false},"excerpt":{"rendered":"<p>Colectivos de familiares de\u00a0desaparecidos en Morelos, denunciaron el\u00a0incumplimiento de acuerdos por parte de la Fiscal\u00eda local en el procesamiento de la\u00a0fosa irregular\u00a0en el\u00a0Pante\u00f3n de Jojutla\u201cPedro Amaro\u201d. A trav\u00e9s de un\u00a0comunicado, las familias se\u00f1alan que dichos incumplimientos vulneran la garant\u00eda de identificaci\u00f3n de los\u00a0restos \u00f3seos\u00a0recuperados de la fosa. Durante los di\u00e1logos previos a la\u00a0reapertura de los trabajos\u00a0en el pante\u00f3n, los colectivos exigieron que no se repliquen los errores y omisiones durante la\u00a0primera intervenci\u00f3n en 2017. Ante ello, los familiares de desaparecidos solicitaron tres puntos a la Fiscal\u00eda de Morelos los cuales denuncian que, a la fecha, no se han cumplido. \ud83d\udd34COMUNICADO [&hellip;]<\/p>\n","protected":false},"author":3,"featured_media":59079,"comment_status":"open","ping_status":"open","sticky":false,"template":"","format":"standard","meta":{"_jetpack_newsletter_access":"","_jetpack_dont_email_post_to_subs":false,"_jetpack_newsletter_tier_id":0,"_jetpack_memberships_contains_paywalled_content":false,"_jetpack_feature_clip_id":0,"_jetpack_memberships_contains_paid_content":false,"footnotes":"","jetpack_publicize_message":"","jetpack_publicize_feature_enabled":true,"jetpack_social_post_already_shared":true,"jetpack_social_options":{"image_generator_settings":{"template":"highway","default_image_id":0,"font":"","enabled":false},"version":2},"jetpack_post_was_ever_published":false},"categories":[75,72],"tags":[],"class_list":["post-59078","post","type-post","status-publish","format-standard","has-post-thumbnail","hentry","category-nacional","category-portada","post--single"],"jetpack_publicize_connections":[],"jetpack_featured_media_url":"https:\/\/ovelanalista.com\/wp-content\/uploads\/2022\/10\/Familiares-.jpeg","jetpack_sharing_enabled":true,"_links":{"self":[{"href":"https:\/\/ovelanalista.com\/index.php?rest_route=\/wp\/v2\/posts\/59078","targetHints":{"allow":["GET"]}}],"collection":[{"href":"https:\/\/ovelanalista.com\/index.php?rest_route=\/wp\/v2\/posts"}],"about":[{"href":"https:\/\/ovelanalista.com\/index.php?rest_route=\/wp\/v2\/types\/post"}],"author":[{"embeddable":true,"href":"https:\/\/ovelanalista.com\/index.php?rest_route=\/wp\/v2\/users\/3"}],"replies":[{"embeddable":true,"href":"https:\/\/ovelanalista.com\/index.php?rest_route=%2Fwp%2Fv2%2Fcomments&post=59078"}],"version-history":[{"count":1,"href":"https:\/\/ovelanalista.com\/index.php?rest_route=\/wp\/v2\/posts\/59078\/revisions"}],"predecessor-version":[{"id":59080,"href":"https:\/\/ovelanalista.com\/index.php?rest_route=\/wp\/v2\/posts\/59078\/revisions\/59080"}],"wp:featuredmedia":[{"embeddable":true,"href":"https:\/\/ovelanalista.com\/index.php?rest_route=\/wp\/v2\/media\/59079"}],"wp:attachment":[{"href":"https:\/\/ovelanalista.com\/index.php?rest_route=%2Fwp%2Fv2%2Fmedia&parent=59078"}],"wp:term":[{"taxonomy":"category","embeddable":true,"href":"https:\/\/ovelanalista.com\/index.php?rest_route=%2Fwp%2Fv2%2Fcategories&post=59078"},{"taxonomy":"post_tag","embeddable":true,"href":"https:\/\/ovelanalista.com\/index.php?rest_route=%2Fwp%2Fv2%2Ftags&post=59078"}],"curies":[{"name":"wp","href":"https:\/\/api.w.org\/{rel}","templated":true}]}}