{"id":59081,"date":"2022-10-26T13:30:24","date_gmt":"2022-10-26T19:30:24","guid":{"rendered":"https:\/\/ovelanalista.com\/?p=59081"},"modified":"2022-10-26T12:51:25","modified_gmt":"2022-10-26T18:51:25","slug":"ante-reforma-electoral-se-debe-escuchar-opinion-de-organismos-internacionales-pan","status":"publish","type":"post","link":"https:\/\/ovelanalista.com\/?p=59081","title":{"rendered":"Ante reforma electoral se debe escuchar opini\u00f3n de organismos internacionales: PAN"},"content":{"rendered":"<p>Ante reforma electoral se debe escuchar opini\u00f3n de organismos internacionales: PAN El presidente nacional del\u00a0<strong>PAN, Marko Cort\u00e9s Mendoza,<\/strong>\u00a0consider\u00f3 que la opini\u00f3n de los expertos independientes de los\u00a0<strong>organismos internacionales<\/strong>, de los cuales M\u00e9xico es miembro integrante, debe ser escuchada y tomada en cuenta, ante la discusi\u00f3n de la<a tabindex=\"0\" href=\"https:\/\/www.eluniversal.com.mx\/tag\/reforma-electoral\" target=\"_blank\" rel=\"noopener\" data-t=\"{&quot;n&quot;:&quot;destination&quot;,&quot;t&quot;:13,&quot;b&quot;:1,&quot;c.t&quot;:7}\"><strong>\u00a0reforma electoral,<\/strong><\/a>\u00a0porque nos est\u00e1n advirtiendo que se est\u00e1 poniendo en riesgo la<strong>\u00a0pluralidad y la democracia\u00a0<\/strong>en nuestro pa\u00eds.<\/p>\n<p data-t=\"{&quot;n&quot;:&quot;blueLinks&quot;}\">&#8220;Los legisladores, partidos pol\u00edticos y todos los servidores p\u00fablicos involucrados debemos ser responsables y abonar a un debate amplio y constructivo que fortalezca al instituto electoral, mejore el sistema de partidos y garantice elecciones transparentes, limpias y equitativas&#8221;.<\/p>\n<p data-t=\"{&quot;n&quot;:&quot;blueLinks&quot;}\">Por tanto, dijo, coincidimos con las observaciones realizadas por la Comisi\u00f3n de Venecia, ya que resaltan de la iniciativa presidencial diversos riesgos y amenazas a la democracia mexicana, que nos ha costado d\u00e9cadas construir.<\/p>\n<p class=\"continue-read-break\" data-t=\"{&quot;n&quot;:&quot;blueLinks&quot;}\">La \u201cComisi\u00f3n Europea para la Democracia a Trav\u00e9s del Derecho\u201d resalta que la propuesta de L\u00f3pez Obrador es inusual y crea riesgos para su condici\u00f3n de organismo imparcial, ya que no proporciona suficientes garant\u00edas respecto de la independencia de los \u00f3rganos electorales constitucionales, lo cual consider\u00f3, debe ponernos a los partidos verdaderamente opositores en alerta m\u00e1xima para evitarlo.<\/p>\n<p class=\"\" data-t=\"{&quot;n&quot;:&quot;blueLinks&quot;}\">Asimismo, es importante destacar las observaciones del organismo internacional, respecto de que la propuesta de selecci\u00f3n de consejeros electorales no se encuentra en la l\u00ednea de los est\u00e1ndares internacionales para las mejores pr\u00e1cticas y no garantiza que el instituto tenga un funcionamiento independiente, se\u00f1alando que la composici\u00f3n de los \u00f3rganos de administraci\u00f3n electoral, son un elemento esencial para la credibilidad de las elecciones.<\/p>\n<p class=\"\" data-t=\"{&quot;n&quot;:&quot;blueLinks&quot;}\">\u201cAl ser M\u00e9xico miembro integrante de la Comisi\u00f3n de Venecia, se deben escuchar y debatir p\u00fablicamente, las diferentes consideraciones de los expertos internacionales en derecho electoral, para evitar trastocar lo que tantos a\u00f1os nos ha costado a los mexicanos construir, desde contar con una credencial que nos identifica en cualquier parte de M\u00e9xico, hasta poder tener organismos aut\u00f3nomos que organizan las elecciones libremente\u201d, puntualiz\u00f3.<\/p>\n<p class=\"\" data-t=\"{&quot;n&quot;:&quot;blueLinks&quot;}\">Marko Cort\u00e9s plante\u00f3 que se deben analizar y escuchar las recomendaciones y se\u00f1alamientos de todos los especialistas nacionales e internacionales, ya que debemos impulsar en M\u00e9xico las mejores pr\u00e1cticas democr\u00e1ticas del mundo. El hecho de no hacer caso a lo que exponen los expertos internacionales implica una postura regresiva, autoritaria y autocr\u00e1tica, como ya las hemos visto durante este sexenio con L\u00f3pez Obrador.<\/p>\n<p class=\"\" data-t=\"{&quot;n&quot;:&quot;blueLinks&quot;}\">Coincidimos que cualquier reforma electoral debe ser producto de un an\u00e1lisis profundo de los problemas y desaf\u00edos existentes y de un amplio consenso entre los partidos pol\u00edticos y la sociedad; y que la propuesta planteada por el Ejecutivo genera m\u00e1s disensos que consensos entre las diferentes fuerzas pol\u00edticas y la sociedad civil, ya que no cuenta con la transparencia necesaria e inclusi\u00f3n de todas las partes interesadas.<\/p>\n<p class=\"\" data-t=\"{&quot;n&quot;:&quot;blueLinks&quot;}\">&#8220;Acci\u00f3n Nacional y sus grupos parlamentarios expresan su m\u00e1s contundente rechazo ante cualquier reforma que signifique la m\u00e1s m\u00ednima regresi\u00f3n y debilitamiento a la transici\u00f3n democr\u00e1tica de nuestro pa\u00eds, que nos ha costado tantos a\u00f1os de esfuerzos, sacrificio y di\u00e1logo plural; confirmando que en todas sus decisiones, previo an\u00e1lisis objetivo y debate plural, se antepondr\u00e1 el inter\u00e9s nacional y la salvaguarda de la democracia y la soberan\u00eda&#8221;.<\/p>\n<p data-t=\"{&quot;n&quot;:&quot;blueLinks&quot;}\">\n<p data-t=\"{&quot;n&quot;:&quot;blueLinks&quot;}\">Con informaci\u00f3n de El Universal<\/p>\n","protected":false},"excerpt":{"rendered":"<p>Ante reforma electoral se debe escuchar opini\u00f3n de organismos internacionales: PAN El presidente nacional del\u00a0PAN, Marko Cort\u00e9s Mendoza,\u00a0consider\u00f3 que la opini\u00f3n de los expertos independientes de los\u00a0organismos internacionales, de los cuales M\u00e9xico es miembro integrante, debe ser escuchada y tomada en cuenta, ante la discusi\u00f3n de la\u00a0reforma electoral,\u00a0porque nos est\u00e1n advirtiendo que se est\u00e1 poniendo en riesgo la\u00a0pluralidad y la democracia\u00a0en nuestro pa\u00eds. &#8220;Los legisladores, partidos pol\u00edticos y todos los servidores p\u00fablicos involucrados debemos ser responsables y abonar a un debate amplio y constructivo que fortalezca al instituto electoral, mejore el sistema de partidos y garantice elecciones transparentes, limpias y [&hellip;]<\/p>\n","protected":false},"author":3,"featured_media":59082,"comment_status":"open","ping_status":"open","sticky":false,"template":"","format":"standard","meta":{"_jetpack_newsletter_access":"","_jetpack_dont_email_post_to_subs":false,"_jetpack_newsletter_tier_id":0,"_jetpack_memberships_contains_paywalled_content":false,"_jetpack_feature_clip_id":0,"_jetpack_memberships_contains_paid_content":false,"footnotes":"","jetpack_publicize_message":"","jetpack_publicize_feature_enabled":true,"jetpack_social_post_already_shared":true,"jetpack_social_options":{"image_generator_settings":{"template":"highway","default_image_id":0,"font":"","enabled":false},"version":2},"jetpack_post_was_ever_published":false},"categories":[75,72],"tags":[],"class_list":["post-59081","post","type-post","status-publish","format-standard","has-post-thumbnail","hentry","category-nacional","category-portada","post--single"],"jetpack_publicize_connections":[],"jetpack_featured_media_url":"https:\/\/ovelanalista.com\/wp-content\/uploads\/2022\/10\/PAN.jpeg","jetpack_sharing_enabled":true,"_links":{"self":[{"href":"https:\/\/ovelanalista.com\/index.php?rest_route=\/wp\/v2\/posts\/59081","targetHints":{"allow":["GET"]}}],"collection":[{"href":"https:\/\/ovelanalista.com\/index.php?rest_route=\/wp\/v2\/posts"}],"about":[{"href":"https:\/\/ovelanalista.com\/index.php?rest_route=\/wp\/v2\/types\/post"}],"author":[{"embeddable":true,"href":"https:\/\/ovelanalista.com\/index.php?rest_route=\/wp\/v2\/users\/3"}],"replies":[{"embeddable":true,"href":"https:\/\/ovelanalista.com\/index.php?rest_route=%2Fwp%2Fv2%2Fcomments&post=59081"}],"version-history":[{"count":1,"href":"https:\/\/ovelanalista.com\/index.php?rest_route=\/wp\/v2\/posts\/59081\/revisions"}],"predecessor-version":[{"id":59083,"href":"https:\/\/ovelanalista.com\/index.php?rest_route=\/wp\/v2\/posts\/59081\/revisions\/59083"}],"wp:featuredmedia":[{"embeddable":true,"href":"https:\/\/ovelanalista.com\/index.php?rest_route=\/wp\/v2\/media\/59082"}],"wp:attachment":[{"href":"https:\/\/ovelanalista.com\/index.php?rest_route=%2Fwp%2Fv2%2Fmedia&parent=59081"}],"wp:term":[{"taxonomy":"category","embeddable":true,"href":"https:\/\/ovelanalista.com\/index.php?rest_route=%2Fwp%2Fv2%2Fcategories&post=59081"},{"taxonomy":"post_tag","embeddable":true,"href":"https:\/\/ovelanalista.com\/index.php?rest_route=%2Fwp%2Fv2%2Ftags&post=59081"}],"curies":[{"name":"wp","href":"https:\/\/api.w.org\/{rel}","templated":true}]}}