{"id":59087,"date":"2022-10-26T14:00:53","date_gmt":"2022-10-26T20:00:53","guid":{"rendered":"https:\/\/ovelanalista.com\/?p=59087"},"modified":"2022-10-26T13:01:38","modified_gmt":"2022-10-26T19:01:38","slug":"me-quieren-eliminar-a-la-mala-en-morena-pero-no-me-voy-a-dejar-afirma-monreal","status":"publish","type":"post","link":"https:\/\/ovelanalista.com\/?p=59087","title":{"rendered":"\u201cMe quieren eliminar a la mala\u201d en Morena, pero no me voy a dejar, afirma Monreal"},"content":{"rendered":"<p>\u201cMe quieren eliminar a la mala\u201d en Morena, pero no me voy a dejar, afirma Monreal Sin mencionarlos por su nombre, el coordinador de\u00a0<strong>Morena\u00a0<\/strong>en el\u00a0<strong>Senado<\/strong>,<a tabindex=\"0\" href=\"https:\/\/www.eluniversal.com.mx\/tag\/ricardo-monreal\" target=\"_blank\" rel=\"noopener\" data-t=\"{&quot;n&quot;:&quot;destination&quot;,&quot;t&quot;:13,&quot;b&quot;:1,&quot;c.t&quot;:7}\"><strong>\u00a0Ricardo Monreal \u00c1vila,<\/strong><\/a>\u00a0acus\u00f3 a la jefa de gobierno de la\u00a0<strong>Ciudad de M\u00e9xico, Claudia Sheinbaum<\/strong>, al secretario de\u00a0<strong>Gobernaci\u00f3n, Ad\u00e1n Augusto L\u00f3pez<\/strong>, y al\u00a0<strong>canciller Marcelo Ebrard,<\/strong>\u00a0de patrocinar los ataques y la \u201c<strong>guerra sucia<\/strong>\u201c en su contra para\u00a0<strong>\u201celiminarlo a la mala<\/strong>\u201d de la\u00a0<a tabindex=\"0\" href=\"https:\/\/www.eluniversal.com.mx\/tag\/elecciones-2024\" target=\"_blank\" rel=\"noopener\" data-t=\"{&quot;n&quot;:&quot;destination&quot;,&quot;t&quot;:13,&quot;b&quot;:1,&quot;c.t&quot;:7}\"><strong>sucesi\u00f3n presidencial<\/strong><\/a>.<\/p>\n<p data-t=\"{&quot;n&quot;:&quot;blueLinks&quot;}\">En un video difundido en sus redes sociales, el tambi\u00e9n presidente de la Junta de Coordinaci\u00f3n Pol\u00edtica (Jucopo) del Senado record\u00f3 que a lo largo de su vida pol\u00edtica ha afrontado calumnias, intrigas, infamias y se ha enfrentado al poder econ\u00f3mico, pero tambi\u00e9n al poder pol\u00edtico y, \u201csiempre gracias a la gente, gracias a Dios, he salido adelante, porque impera la verdad y aunque tard\u00eda, tambi\u00e9n la justicia\u201d.<\/p>\n<p class=\"continue-read-break\" data-t=\"{&quot;n&quot;:&quot;blueLinks&quot;}\">&#8220;Hoy, desde que decid\u00ed participar como aspirante a suceder al presidente L\u00f3pez Obrador, era normal, se han multiplicado las descalificaciones y los ataques no s\u00f3lo externos, sino internos, promovidos, patrocinados y tolerados desde las oficinas de la aspirante y los aspirantes al mismo cargo, algo lamentable. La campa\u00f1a anticipada ha provocado esta situaci\u00f3n y se reedita y se recicla la \u2018guerra sucia\u2019 en nuestra contra, porque se quiere eliminar a la mala, con dinero legal o ilegal y con estrategias burdas para quienes aspiramos leg\u00edtimamente en mejorar y continuar la transformaci\u00f3n de nuestro pa\u00eds\u201d.<\/p>\n<p class=\"\" data-t=\"{&quot;n&quot;:&quot;blueLinks&quot;}\">Al referirse a las presuntas conversaciones con el presidente del PRI, Alejandro C\u00e1rdenas, que revel\u00f3 la gobernadora de Campeche, Layda Sansores, Monreal \u00c1vila lament\u00f3 que haya quienes aplauden que desde el poder se act\u00fae ilegalmente y se viole la Constituci\u00f3n impunemente, por lo que reiter\u00f3 que acudir\u00e1 ante las instancias judiciales que correspondan.<\/p>\n<p class=\"\" data-t=\"{&quot;n&quot;:&quot;blueLinks&quot;}\">\u201cIndependientemente del contenido basura, falso y truqueado de las intervenciones privadas ilegales, de las conversaciones privadas, es inaceptable que nos acostumbremos a que se vulnera la ley a capricho del gobernante o de la gobernante y no sucede nada, no hay ninguna consecuencia, sigue todo igual y se le aplaude\u201d, puntualiz\u00f3.<\/p>\n<div class=\"article-clear-div\"><\/div>\n<p class=\"\" data-t=\"{&quot;n&quot;:&quot;blueLinks&quot;}\">Adem\u00e1s, advirti\u00f3 que estos ataques ilegales en su contra tendr\u00e1n consecuencias pol\u00edticas. \u201cAl menos por mi parte creo que ya se ha iniciado una ruta pol\u00edtica de dif\u00edcil retorno que en efecto terminar\u00e1 como boomerang para quienes creen que la intriga, la falsedad, han triunfado a partir de ayer\u201d, sentenci\u00f3.<\/p>\n<p class=\"\" data-t=\"{&quot;n&quot;:&quot;blueLinks&quot;}\">Ricardo Monreal insisti\u00f3 en que cuando en una sociedad la ley se viola por la propia autoridad sin ning\u00fan recato y sin ninguna consecuencia, el sistema de gobierno comienza a degenerarse y a deformarse en perjuicio de la sociedad y de la confianza del ciudadano.<\/p>\n<p class=\"\" data-t=\"{&quot;n&quot;:&quot;blueLinks&quot;}\">\u201cNo voy a ceder, no voy a cejar hasta que se cumpla la Constituci\u00f3n y la ley, porque creo que M\u00e9xico, nuestros hijos, merecen una clase pol\u00edtica m\u00e1s honorable, m\u00e1s escrupulosa, que respete la ley, que rinda cuentas, que genere confianza, que concilie. M\u00e9xico necesita reconciliaci\u00f3n nacional y no nos vamos a dejar ni nos vamos a rajar, vamos a luchar porque vale por M\u00e9xico hacerlo\u201d, finaliz\u00f3.<\/p>\n<blockquote class=\"twitter-tweet\" data-width=\"550\" data-dnt=\"true\">\n<p lang=\"es\" dir=\"ltr\">Independientemente del contenido basura, falso, truqueado e intervenciones ilegales en conversaciones privadas, no se puede aplaudir la ilegalidad, como se\u00f1al\u00e9, voy a ejercer mi derecho en la instancia correspondiente. <a href=\"https:\/\/t.co\/Dj3l5G8T4A\">pic.twitter.com\/Dj3l5G8T4A<\/a><\/p>\n<p>&mdash; Ricardo Monreal A. (@RicardoMonrealA) <a href=\"https:\/\/twitter.com\/RicardoMonrealA\/status\/1585310202290503681?ref_src=twsrc%5Etfw\">October 26, 2022<\/a><\/p><\/blockquote>\n<p><script async src=\"https:\/\/platform.twitter.com\/widgets.js\" charset=\"utf-8\"><\/script><\/p>\n<p>Con informaci\u00f3n de Publimetro<\/p>\n","protected":false},"excerpt":{"rendered":"<p>\u201cMe quieren eliminar a la mala\u201d en Morena, pero no me voy a dejar, afirma Monreal Sin mencionarlos por su nombre, el coordinador de\u00a0Morena\u00a0en el\u00a0Senado,\u00a0Ricardo Monreal \u00c1vila,\u00a0acus\u00f3 a la jefa de gobierno de la\u00a0Ciudad de M\u00e9xico, Claudia Sheinbaum, al secretario de\u00a0Gobernaci\u00f3n, Ad\u00e1n Augusto L\u00f3pez, y al\u00a0canciller Marcelo Ebrard,\u00a0de patrocinar los ataques y la \u201cguerra sucia\u201c en su contra para\u00a0\u201celiminarlo a la mala\u201d de la\u00a0sucesi\u00f3n presidencial. En un video difundido en sus redes sociales, el tambi\u00e9n presidente de la Junta de Coordinaci\u00f3n Pol\u00edtica (Jucopo) del Senado record\u00f3 que a lo largo de su vida pol\u00edtica ha afrontado calumnias, intrigas, infamias y [&hellip;]<\/p>\n","protected":false},"author":3,"featured_media":59088,"comment_status":"open","ping_status":"open","sticky":false,"template":"","format":"standard","meta":{"_jetpack_newsletter_access":"","_jetpack_dont_email_post_to_subs":false,"_jetpack_newsletter_tier_id":0,"_jetpack_memberships_contains_paywalled_content":false,"_jetpack_feature_clip_id":0,"_jetpack_memberships_contains_paid_content":false,"footnotes":"","jetpack_publicize_message":"","jetpack_publicize_feature_enabled":true,"jetpack_social_post_already_shared":true,"jetpack_social_options":{"image_generator_settings":{"template":"highway","default_image_id":0,"font":"","enabled":false},"version":2},"jetpack_post_was_ever_published":false},"categories":[75,72],"tags":[],"class_list":["post-59087","post","type-post","status-publish","format-standard","has-post-thumbnail","hentry","category-nacional","category-portada","post--single"],"jetpack_publicize_connections":[],"jetpack_featured_media_url":"https:\/\/ovelanalista.com\/wp-content\/uploads\/2022\/10\/MONREAL-1.jpeg","jetpack_sharing_enabled":true,"_links":{"self":[{"href":"https:\/\/ovelanalista.com\/index.php?rest_route=\/wp\/v2\/posts\/59087","targetHints":{"allow":["GET"]}}],"collection":[{"href":"https:\/\/ovelanalista.com\/index.php?rest_route=\/wp\/v2\/posts"}],"about":[{"href":"https:\/\/ovelanalista.com\/index.php?rest_route=\/wp\/v2\/types\/post"}],"author":[{"embeddable":true,"href":"https:\/\/ovelanalista.com\/index.php?rest_route=\/wp\/v2\/users\/3"}],"replies":[{"embeddable":true,"href":"https:\/\/ovelanalista.com\/index.php?rest_route=%2Fwp%2Fv2%2Fcomments&post=59087"}],"version-history":[{"count":1,"href":"https:\/\/ovelanalista.com\/index.php?rest_route=\/wp\/v2\/posts\/59087\/revisions"}],"predecessor-version":[{"id":59089,"href":"https:\/\/ovelanalista.com\/index.php?rest_route=\/wp\/v2\/posts\/59087\/revisions\/59089"}],"wp:featuredmedia":[{"embeddable":true,"href":"https:\/\/ovelanalista.com\/index.php?rest_route=\/wp\/v2\/media\/59088"}],"wp:attachment":[{"href":"https:\/\/ovelanalista.com\/index.php?rest_route=%2Fwp%2Fv2%2Fmedia&parent=59087"}],"wp:term":[{"taxonomy":"category","embeddable":true,"href":"https:\/\/ovelanalista.com\/index.php?rest_route=%2Fwp%2Fv2%2Fcategories&post=59087"},{"taxonomy":"post_tag","embeddable":true,"href":"https:\/\/ovelanalista.com\/index.php?rest_route=%2Fwp%2Fv2%2Ftags&post=59087"}],"curies":[{"name":"wp","href":"https:\/\/api.w.org\/{rel}","templated":true}]}}