{"id":59090,"date":"2022-10-26T14:10:29","date_gmt":"2022-10-26T20:10:29","guid":{"rendered":"https:\/\/ovelanalista.com\/?p=59090"},"modified":"2022-10-26T13:03:52","modified_gmt":"2022-10-26T19:03:52","slug":"futuro-jalisco-votara-en-contra-de-incorporacion-de-la-guardia-nacional-al-ejercito","status":"publish","type":"post","link":"https:\/\/ovelanalista.com\/?p=59090","title":{"rendered":"Futuro Jalisco votar\u00e1 en contra de incorporaci\u00f3n de la Guardia Nacional al Ej\u00e9rcito"},"content":{"rendered":"<p data-t=\"{&quot;n&quot;:&quot;blueLinks&quot;}\"><b>El partido Futuro en Jalisco se posicion\u00f3 en contra de la incorporaci\u00f3n de la Guardia Nacional al Ej\u00e9rcito.<\/b>\u00a0La diputada Susana de la Rosa adelant\u00f3 que no respaldar\u00e1 con su voto la minuta correspondiente, la cual ya lleg\u00f3 al\u00a0<a tabindex=\"0\" title=\"Congreso de Jalisco\" href=\"https:\/\/www.milenio.com\/temas\/congreso-de-jalisco\" target=\"_blank\" rel=\"noopener\" data-t=\"{&quot;n&quot;:&quot;destination&quot;,&quot;t&quot;:13,&quot;b&quot;:1,&quot;c.t&quot;:7}\">Congreso del Estado<\/a>.<\/p>\n<p data-t=\"{&quot;n&quot;:&quot;blueLinks&quot;}\">Esto al considerar que esta minuta busca afectar la autonom\u00eda actual de las autoridades encargadas de la seguridad, al referir que la Guardia Nacional no debe excederse en sus atribuciones.<\/p>\n<div class=\"article-clear-div\"><\/div>\n<blockquote><p>&#8220;Desde Futuro anunciar desde el d\u00eda de hoy que nosotros votaremos en contra esa minuta,\u00a0<b>s\u00ed consideramos que la Guardia Nacional no debe excederse en las funciones que le tocan, es un gran problema el que se busque militarizar a todo el pa\u00eds<\/b>\u00a0entendemos la situaci\u00f3n de que hay municipios m\u00e1s aislados de la zonas metropolitanas de los Estados que viven dificultades sin embargo apostar a esa pol\u00edtica de reactividad no es suficiente\u201d, dijo la legisladora.<\/p><\/blockquote>\n<p data-t=\"{&quot;n&quot;:&quot;blueLinks&quot;}\">Susana de la Rosa indic\u00f3 que se debe de fortalecer el presupuesto tanto de los municipios como de los estados para generar una estrategia contundente contra la delincuencia y no \u00fanicamente buscar imponer la entrada en operaciones de la Guardia Nacional.<\/p>\n<p data-t=\"{&quot;n&quot;:&quot;blueLinks&quot;}\">&#8220;En el interior del estado sabemos que hay dificultad de nosotros gobernamos el municipio de Tamazula, claro que no es algo sencillo sin embargo el que no se est\u00e9 apoyando con la seriedad suficiente el llevar presupuesto para mejorar la seguridad de los municipios a los Estados, no creemos que vayamos a salir adelante \u00fanicamente con la medida de militarizar el pa\u00eds en general\u201d.<\/p>\n<p data-t=\"{&quot;n&quot;:&quot;blueLinks&quot;}\">\n<p data-t=\"{&quot;n&quot;:&quot;blueLinks&quot;}\">Con informaci\u00f3n de Milenio<\/p>\n","protected":false},"excerpt":{"rendered":"<p>El partido Futuro en Jalisco se posicion\u00f3 en contra de la incorporaci\u00f3n de la Guardia Nacional al Ej\u00e9rcito.\u00a0La diputada Susana de la Rosa adelant\u00f3 que no respaldar\u00e1 con su voto la minuta correspondiente, la cual ya lleg\u00f3 al\u00a0Congreso del Estado. Esto al considerar que esta minuta busca afectar la autonom\u00eda actual de las autoridades encargadas de la seguridad, al referir que la Guardia Nacional no debe excederse en sus atribuciones. &#8220;Desde Futuro anunciar desde el d\u00eda de hoy que nosotros votaremos en contra esa minuta,\u00a0s\u00ed consideramos que la Guardia Nacional no debe excederse en las funciones que le tocan, es [&hellip;]<\/p>\n","protected":false},"author":3,"featured_media":52569,"comment_status":"open","ping_status":"open","sticky":false,"template":"","format":"standard","meta":{"_jetpack_newsletter_access":"","_jetpack_dont_email_post_to_subs":false,"_jetpack_newsletter_tier_id":0,"_jetpack_memberships_contains_paywalled_content":false,"_jetpack_feature_clip_id":0,"_jetpack_memberships_contains_paid_content":false,"footnotes":"","jetpack_publicize_message":"","jetpack_publicize_feature_enabled":true,"jetpack_social_post_already_shared":true,"jetpack_social_options":{"image_generator_settings":{"template":"highway","default_image_id":0,"font":"","enabled":false},"version":2},"jetpack_post_was_ever_published":false},"categories":[75,72],"tags":[],"class_list":["post-59090","post","type-post","status-publish","format-standard","has-post-thumbnail","hentry","category-nacional","category-portada","post--single"],"jetpack_publicize_connections":[],"jetpack_featured_media_url":"https:\/\/ovelanalista.com\/wp-content\/uploads\/2022\/09\/Guardia-Nacional-6.jpeg","jetpack_sharing_enabled":true,"_links":{"self":[{"href":"https:\/\/ovelanalista.com\/index.php?rest_route=\/wp\/v2\/posts\/59090","targetHints":{"allow":["GET"]}}],"collection":[{"href":"https:\/\/ovelanalista.com\/index.php?rest_route=\/wp\/v2\/posts"}],"about":[{"href":"https:\/\/ovelanalista.com\/index.php?rest_route=\/wp\/v2\/types\/post"}],"author":[{"embeddable":true,"href":"https:\/\/ovelanalista.com\/index.php?rest_route=\/wp\/v2\/users\/3"}],"replies":[{"embeddable":true,"href":"https:\/\/ovelanalista.com\/index.php?rest_route=%2Fwp%2Fv2%2Fcomments&post=59090"}],"version-history":[{"count":1,"href":"https:\/\/ovelanalista.com\/index.php?rest_route=\/wp\/v2\/posts\/59090\/revisions"}],"predecessor-version":[{"id":59091,"href":"https:\/\/ovelanalista.com\/index.php?rest_route=\/wp\/v2\/posts\/59090\/revisions\/59091"}],"wp:featuredmedia":[{"embeddable":true,"href":"https:\/\/ovelanalista.com\/index.php?rest_route=\/wp\/v2\/media\/52569"}],"wp:attachment":[{"href":"https:\/\/ovelanalista.com\/index.php?rest_route=%2Fwp%2Fv2%2Fmedia&parent=59090"}],"wp:term":[{"taxonomy":"category","embeddable":true,"href":"https:\/\/ovelanalista.com\/index.php?rest_route=%2Fwp%2Fv2%2Fcategories&post=59090"},{"taxonomy":"post_tag","embeddable":true,"href":"https:\/\/ovelanalista.com\/index.php?rest_route=%2Fwp%2Fv2%2Ftags&post=59090"}],"curies":[{"name":"wp","href":"https:\/\/api.w.org\/{rel}","templated":true}]}}