{"id":59094,"date":"2022-10-26T14:30:05","date_gmt":"2022-10-26T20:30:05","guid":{"rendered":"https:\/\/ovelanalista.com\/?p=59094"},"modified":"2022-10-26T13:08:27","modified_gmt":"2022-10-26T19:08:27","slug":"reaparece-manuel-espino-en-palacio-nacional-se-reune-con-amlo","status":"publish","type":"post","link":"https:\/\/ovelanalista.com\/?p=59094","title":{"rendered":"Reaparece Manuel Espino en Palacio Nacional; se re\u00fane con AMLO"},"content":{"rendered":"<p>Reaparece Manuel Espino en Palacio Nacional; se re\u00fane con AMLO Esta ma\u00f1ana reapareci\u00f3 en Palacio Nacional.<\/p>\n<p><strong>Manuel Espino<\/strong>, extitular del\u00a0<strong>Servicio de Protecci\u00f3n Federal<\/strong>\u00a0(SPF), quien se reuni\u00f3 con el\u00a0<a tabindex=\"0\" href=\"https:\/\/www.eluniversal.com.mx\/nacion\/la-mananera-de-amlo-26-de-octubre-minuto-minuto-1\" target=\"_blank\" rel=\"noopener\" data-t=\"{&quot;n&quot;:&quot;destination&quot;,&quot;t&quot;:13,&quot;b&quot;:1,&quot;c.t&quot;:7}\"><strong>presidente Andr\u00e9s Manuel L\u00f3pez Obrador<\/strong><\/a>.<\/p>\n<p data-t=\"{&quot;n&quot;:&quot;blueLinks&quot;}\">A las 11:32 horas, el exdirigente nacional del Partido Acci\u00f3n Nacional (PAN) y dirigente de la organizaci\u00f3n Ruta 5, af\u00edn a Morena, sali\u00f3 del recinto hist\u00f3rico y quien asegur\u00f3 que hab\u00eda ido a \u201crecorrer Palacio\u201d.<\/p>\n<p data-t=\"{&quot;n&quot;:&quot;blueLinks&quot;}\">\u201c\u00bfSe reuni\u00f3 con el presidente?\u201d, le pregunt\u00f3.<\/p>\n<p data-t=\"{&quot;n&quot;:&quot;blueLinks&quot;}\">\u201cS\u00ed, lo salud\u00e9\u201d, contest\u00f3.<\/p>\n<p data-t=\"{&quot;n&quot;:&quot;blueLinks&quot;}\">Manuel Espino evit\u00f3 responder si hab\u00eda alg\u00fan plan para reintegrarse al equipo del presidente L\u00f3pez Obrador.<\/p>\n<p data-t=\"{&quot;n&quot;:&quot;blueLinks&quot;}\">\n<p data-t=\"{&quot;n&quot;:&quot;blueLinks&quot;}\">Con informaci\u00f3n de El Universal<\/p>\n","protected":false},"excerpt":{"rendered":"<p>Reaparece Manuel Espino en Palacio Nacional; se re\u00fane con AMLO Esta ma\u00f1ana reapareci\u00f3 en Palacio Nacional. Manuel Espino, extitular del\u00a0Servicio de Protecci\u00f3n Federal\u00a0(SPF), quien se reuni\u00f3 con el\u00a0presidente Andr\u00e9s Manuel L\u00f3pez Obrador. A las 11:32 horas, el exdirigente nacional del Partido Acci\u00f3n Nacional (PAN) y dirigente de la organizaci\u00f3n Ruta 5, af\u00edn a Morena, sali\u00f3 del recinto hist\u00f3rico y quien asegur\u00f3 que hab\u00eda ido a \u201crecorrer Palacio\u201d. \u201c\u00bfSe reuni\u00f3 con el presidente?\u201d, le pregunt\u00f3. \u201cS\u00ed, lo salud\u00e9\u201d, contest\u00f3. Manuel Espino evit\u00f3 responder si hab\u00eda alg\u00fan plan para reintegrarse al equipo del presidente L\u00f3pez Obrador. Con informaci\u00f3n de El Universal<\/p>\n","protected":false},"author":3,"featured_media":59095,"comment_status":"open","ping_status":"open","sticky":false,"template":"","format":"standard","meta":{"_jetpack_newsletter_access":"","_jetpack_dont_email_post_to_subs":false,"_jetpack_newsletter_tier_id":0,"_jetpack_memberships_contains_paywalled_content":false,"_jetpack_feature_clip_id":0,"_jetpack_memberships_contains_paid_content":false,"footnotes":"","jetpack_publicize_message":"","jetpack_publicize_feature_enabled":true,"jetpack_social_post_already_shared":true,"jetpack_social_options":{"image_generator_settings":{"template":"highway","default_image_id":0,"font":"","enabled":false},"version":2},"jetpack_post_was_ever_published":false},"categories":[75,72],"tags":[],"class_list":["post-59094","post","type-post","status-publish","format-standard","has-post-thumbnail","hentry","category-nacional","category-portada","post--single"],"jetpack_publicize_connections":[],"jetpack_featured_media_url":"https:\/\/ovelanalista.com\/wp-content\/uploads\/2022\/10\/Manuel-Espino.jpeg","jetpack_sharing_enabled":true,"_links":{"self":[{"href":"https:\/\/ovelanalista.com\/index.php?rest_route=\/wp\/v2\/posts\/59094","targetHints":{"allow":["GET"]}}],"collection":[{"href":"https:\/\/ovelanalista.com\/index.php?rest_route=\/wp\/v2\/posts"}],"about":[{"href":"https:\/\/ovelanalista.com\/index.php?rest_route=\/wp\/v2\/types\/post"}],"author":[{"embeddable":true,"href":"https:\/\/ovelanalista.com\/index.php?rest_route=\/wp\/v2\/users\/3"}],"replies":[{"embeddable":true,"href":"https:\/\/ovelanalista.com\/index.php?rest_route=%2Fwp%2Fv2%2Fcomments&post=59094"}],"version-history":[{"count":1,"href":"https:\/\/ovelanalista.com\/index.php?rest_route=\/wp\/v2\/posts\/59094\/revisions"}],"predecessor-version":[{"id":59096,"href":"https:\/\/ovelanalista.com\/index.php?rest_route=\/wp\/v2\/posts\/59094\/revisions\/59096"}],"wp:featuredmedia":[{"embeddable":true,"href":"https:\/\/ovelanalista.com\/index.php?rest_route=\/wp\/v2\/media\/59095"}],"wp:attachment":[{"href":"https:\/\/ovelanalista.com\/index.php?rest_route=%2Fwp%2Fv2%2Fmedia&parent=59094"}],"wp:term":[{"taxonomy":"category","embeddable":true,"href":"https:\/\/ovelanalista.com\/index.php?rest_route=%2Fwp%2Fv2%2Fcategories&post=59094"},{"taxonomy":"post_tag","embeddable":true,"href":"https:\/\/ovelanalista.com\/index.php?rest_route=%2Fwp%2Fv2%2Ftags&post=59094"}],"curies":[{"name":"wp","href":"https:\/\/api.w.org\/{rel}","templated":true}]}}