{"id":59181,"date":"2022-10-27T11:40:33","date_gmt":"2022-10-27T17:40:33","guid":{"rendered":"https:\/\/ovelanalista.com\/?p=59181"},"modified":"2022-10-27T09:34:43","modified_gmt":"2022-10-27T15:34:43","slug":"quimico-benitez-dejo-la-alcaldia-de-mazatlan-para-sumarse-a-la-secretaria-de-turismo-en-sinaloa","status":"publish","type":"post","link":"https:\/\/ovelanalista.com\/?p=59181","title":{"rendered":"\u201cQu\u00edmico Ben\u00edtez\u201d dej\u00f3 la alcald\u00eda de Mazatl\u00e1n para sumarse a la Secretar\u00eda de Turismo en Sinaloa"},"content":{"rendered":"<p class=\"article-subheadline\">El gobernador estatal, Rub\u00e9n Rocha Moya, hizo p\u00fablica la invitaci\u00f3n a Luis Guillermo Ben\u00edtez Torres para sumarse a su gabinete bajo la Sectur<\/p>\n<div class=\"byline-text-wrapper\">\n<p class=\"paragraph\">En medio de las pol\u00e9micas que rodean al alcalde de Mazatl\u00e1n,\u00a0<b>Luis Guillermo Ben\u00edtez Torres<\/b>, por la solicitud de juicio pol\u00edtico en su contra, el gobernador de Sinaloa,\u00a0<a href=\"https:\/\/www.infobae.com\/america\/mexico\/2022\/07\/18\/la-riqueza-de-los-gobernadores-ruben-rocha-moya-el-gober-suertudo-que-gano-un-auto-en-una-rifa\/\" target=\"_blank\" rel=\"noopener\"><b>Rub\u00e9n Rocha Moya<\/b><\/a><b>, lo invit\u00f3 para que forme parte de su gabinete bajo la Secretar\u00eda de Turismo<\/b>, dio a conocer mediante su cuenta de\u00a0<i>Twitter<\/i>.<\/p>\n<p class=\"paragraph\">El anuncio se emiti\u00f3 luego de que Rocha Moya asegur\u00f3 que<b>\u00a0no asisitir\u00e1 al informe de gobierno del \u201cQu\u00edmico Benitez\u201d<\/b>, el cual se llev\u00f3 a cabo este martes 25 de octubre en el Cabildo, debido a que su agenda no se lo permit\u00eda.<\/p>\n<p class=\"paragraph\">A pesar de que en un primer momento<b>\u00a0el presidente municipal no hab\u00eda confirmado\u00a0<\/b>la separaci\u00f3n de su actual cargo, trascendi\u00f3 la posibilidad de que Ben\u00edtez hiciera p\u00fablica su dimisi\u00f3n durante su informe programado para las 12:00 horas.<\/p>\n<blockquote class=\"color_figcaption\"><p>\u201cA fin de contribuir a la gobernabilidad y a la adecuada marcha de las tareas p\u00fablicas del municipio de Mazatl\u00e1n, he decidido invitar a Luis Guillermo @quimicobenitez a integrarse a mi Gabinete como Secretario de Turismo\u201d<\/p><\/blockquote>\n<div class=\"visual__image\">\n<div style=\"width: 607px\" class=\"wp-caption alignnone\"><img loading=\"lazy\" decoding=\"async\" src=\"https:\/\/cloudfront-us-east-1.images.arcpublishing.com\/infobae\/VPRRGS2SOFCCPFHIHQXY3PFN4U.jpg\" alt=\"(Foto: Twitter@rochamoya_)\" width=\"597\" height=\"311\" \/><p class=\"wp-caption-text\">(Foto: Twitter@rochamoya_)<\/p><\/div>\n<\/div>\n<p class=\"paragraph\">Posteriormente medios locales reportaron que\u00a0<b>el cabildo de Mazatl\u00e1n aprob\u00f3 por unanimidad la renuncia del Qu\u00edmico Benitez<\/b>, quien confirm\u00f3 su integraci\u00f3n al gabinete de Moya bajo la titularidad de la Sectur. De manera extraoficial se anunci\u00f3 que en su cargo quedar\u00e1 Edgar Augusto Gonz\u00e1lez Zatarain, aunque esto no ha sido confirmado.<\/p>\n<p class=\"paragraph\">\u201c<b>Decid\u00ed aceptar la invitaci\u00f3n del gobernador<\/b>\u00a0para integrarme a su gabinete como secretario de turimos. Con la frente en alto y con forma digna les agradezco a todos infinitamente la colaboraci\u00f3n\u201d, se\u00f1al\u00f3 ante medios.<\/p>\n<p class=\"paragraph\">Lo anterior desat\u00f3 pol\u00e9mica entre usuarios de redes sociales, pues se preguntaban si la invitaci\u00f3n era verdadera o la cuenta de\u00a0<i>Twitter\u00a0<\/i>del gobernador estatal hab\u00eda sido \u201chackeada\u201d; de igual forma,\u00a0<b>calificaron como una \u201cburla\u201d\u00a0<\/b>el anuncio de Rocha Moya debido a los actuales se\u00f1alamientos que rodean al Qu\u00edmico Ben\u00edtez.<\/p>\n<p class=\"paragraph\">La controversia fue aprovechada por la legisladora priista por Sinaloa, Paloma S\u00e1nchez, quien critic\u00f3 la decisi\u00f3n de manera ir\u00f3nica e indic\u00f3 que se trata de otra movida caracter\u00edstica del Movimiento de Regeneraci\u00f3n Nacional (Morena), partido en el que milita Rub\u00e9n Rocha.<\/p>\n<p class=\"paragraph\">Cabe mencionar que Mar\u00eda del Rosario Torres era quien encabezaba la Sectur, de manera que tras la invitaci\u00f3n del mandatario estatal pas\u00f3 al Registro P\u00fablico de la Propiedad de Mazatl\u00e1n, se dio a conocer mediante un breve comunicado del gobierno de Sinaloa.<\/p>\n<h2 class=\"header\">Solicitud de juicio Pol\u00edtico<\/h2>\n<p class=\"paragraph\">Un d\u00eda antes de este anuncio, el Congreso del Estado recibi\u00f3 una\u00a0<b>solicitud de juicio pol\u00edtico contra Luis Guillermo Ben\u00edtez,<\/b>\u00a0la cual fue interpuesta por un grupo de organizaciones y ciudadanos que lo acusan de presuntamente haber desv\u00edado recursos p\u00fablicos.<\/p>\n<p class=\"paragraph\">As\u00ed lo dio a conocer el presidente de la Mesa Directiva, Ricardo Madrid P\u00e9rez, aunque indic\u00f3 que solo tuvo conocimiento de la recepci\u00f3n del documento, por lo que en los pr\u00f3ximos d\u00edas se llevar\u00e1 a cabo la revisi\u00f3n del expediente para que se turne a la presidencia del Congreso.<\/p>\n<p class=\"paragraph\">Cabe recordar que la semana pasada, la Auditor\u00eda Superior del Estado (ASE) present\u00f3 una denuncia penal contra el Qu\u00edmico Ben\u00edtez ante la Fiscal\u00eda Estatal, y adelant\u00f3 que iban a haber consecuencias por el presunto<b>\u00a0da\u00f1o patrimonial de cerca de 60 millones 880 mil pesos<\/b>\u00a0que habr\u00eda ocasionado.<\/p>\n<p class=\"paragraph\">Lo anterior tiene que ver con un contrato por adjudicaci\u00f3n directa de m\u00e1s de 400 millones de pesos para la<b>\u00a0adquisici\u00f3n de dos mil 339 luminarias<\/b>, el cual fue celebrado con la empresa Azteca Lighting<\/p>\n<\/div>\n<p>Con informaci\u00f3n de Infobae<\/p>\n<div class=\"byline-text-wrapper\">\n<div class=\"teads-inread sm-screen\">\n<div>\n<div class=\"teads-ui-components-adchoices\"><\/div>\n<\/div>\n<\/div>\n<\/div>\n","protected":false},"excerpt":{"rendered":"<p>El gobernador estatal, Rub\u00e9n Rocha Moya, hizo p\u00fablica la invitaci\u00f3n a Luis Guillermo Ben\u00edtez Torres para sumarse a su gabinete bajo la Sectur En medio de las pol\u00e9micas que rodean al alcalde de Mazatl\u00e1n,\u00a0Luis Guillermo Ben\u00edtez Torres, por la solicitud de juicio pol\u00edtico en su contra, el gobernador de Sinaloa,\u00a0Rub\u00e9n Rocha Moya, lo invit\u00f3 para que forme parte de su gabinete bajo la Secretar\u00eda de Turismo, dio a conocer mediante su cuenta de\u00a0Twitter. El anuncio se emiti\u00f3 luego de que Rocha Moya asegur\u00f3 que\u00a0no asisitir\u00e1 al informe de gobierno del \u201cQu\u00edmico Benitez\u201d, el cual se llev\u00f3 a cabo este martes [&hellip;]<\/p>\n","protected":false},"author":3,"featured_media":59182,"comment_status":"open","ping_status":"open","sticky":false,"template":"","format":"standard","meta":{"_jetpack_newsletter_access":"","_jetpack_dont_email_post_to_subs":false,"_jetpack_newsletter_tier_id":0,"_jetpack_memberships_contains_paywalled_content":false,"_jetpack_feature_clip_id":0,"_jetpack_memberships_contains_paid_content":false,"footnotes":"","jetpack_publicize_message":"","jetpack_publicize_feature_enabled":true,"jetpack_social_post_already_shared":true,"jetpack_social_options":{"image_generator_settings":{"template":"highway","default_image_id":0,"font":"","enabled":false},"version":2},"jetpack_post_was_ever_published":false},"categories":[75,72],"tags":[],"class_list":["post-59181","post","type-post","status-publish","format-standard","has-post-thumbnail","hentry","category-nacional","category-portada","post--single"],"jetpack_publicize_connections":[],"jetpack_featured_media_url":"https:\/\/ovelanalista.com\/wp-content\/uploads\/2022\/10\/Qui\u0301mico-Beni\u0301tez-.webp","jetpack_sharing_enabled":true,"_links":{"self":[{"href":"https:\/\/ovelanalista.com\/index.php?rest_route=\/wp\/v2\/posts\/59181","targetHints":{"allow":["GET"]}}],"collection":[{"href":"https:\/\/ovelanalista.com\/index.php?rest_route=\/wp\/v2\/posts"}],"about":[{"href":"https:\/\/ovelanalista.com\/index.php?rest_route=\/wp\/v2\/types\/post"}],"author":[{"embeddable":true,"href":"https:\/\/ovelanalista.com\/index.php?rest_route=\/wp\/v2\/users\/3"}],"replies":[{"embeddable":true,"href":"https:\/\/ovelanalista.com\/index.php?rest_route=%2Fwp%2Fv2%2Fcomments&post=59181"}],"version-history":[{"count":1,"href":"https:\/\/ovelanalista.com\/index.php?rest_route=\/wp\/v2\/posts\/59181\/revisions"}],"predecessor-version":[{"id":59183,"href":"https:\/\/ovelanalista.com\/index.php?rest_route=\/wp\/v2\/posts\/59181\/revisions\/59183"}],"wp:featuredmedia":[{"embeddable":true,"href":"https:\/\/ovelanalista.com\/index.php?rest_route=\/wp\/v2\/media\/59182"}],"wp:attachment":[{"href":"https:\/\/ovelanalista.com\/index.php?rest_route=%2Fwp%2Fv2%2Fmedia&parent=59181"}],"wp:term":[{"taxonomy":"category","embeddable":true,"href":"https:\/\/ovelanalista.com\/index.php?rest_route=%2Fwp%2Fv2%2Fcategories&post=59181"},{"taxonomy":"post_tag","embeddable":true,"href":"https:\/\/ovelanalista.com\/index.php?rest_route=%2Fwp%2Fv2%2Ftags&post=59181"}],"curies":[{"name":"wp","href":"https:\/\/api.w.org\/{rel}","templated":true}]}}