{"id":5966,"date":"2021-10-21T09:48:05","date_gmt":"2021-10-21T15:48:05","guid":{"rendered":"https:\/\/ovelanalista.com\/?p=5966"},"modified":"2021-10-21T09:48:05","modified_gmt":"2021-10-21T15:48:05","slug":"se-aceptan-ajustes-a-la-reforma-electrica-solo-si-se-mantiene-la-esencia-afirma-amlo","status":"publish","type":"post","link":"https:\/\/ovelanalista.com\/?p=5966","title":{"rendered":"Se aceptan ajustes a la Reforma El\u00e9ctrica s\u00f3lo si se mantiene la esencia, afirma AMLO"},"content":{"rendered":"<p>La controversia ha arreciado desde finales de septiembre, cuando L\u00f3pez Obrador envi\u00f3 al Congreso su Reforma El\u00e9ctrica, que de aprobarse garantizar\u00eda en la Constituci\u00f3n que la Comisi\u00f3n Federal de Electricidad (CFE), empresa del Estado, controle un m\u00ednimo de 54 por ciento de la generaci\u00f3n el\u00e9ctrica.<\/p>\n<p>El Presidente mexicano,\u00a0<strong>Andr\u00e9s Manuel L\u00f3pez Obrador<\/strong>, se mostr\u00f3 este jueves por primera vez abierto a cambios en su\u00a0<strong>pol\u00e9mica Reforma El\u00e9ctrica<\/strong>, pero con la condici\u00f3n de mantener su \u201cesencia\u201d, como la\u00a0<strong>rector\u00eda del Estado del sector<\/strong>\u00a0y la\u00a0<strong>nacionalizaci\u00f3n del litio.<\/strong><\/p>\n<p>\u201cS\u00ed (se aceptan ajustes), siempre y cuando se mantenga la esencia de la iniciativa. \u00bfCu\u00e1l es la esencia de la iniciativa? De que la\u00a0<strong>industria el\u00e9ctrica<\/strong>\u00a0sea una industria estrat\u00e9gica\u00a0<strong>propiedad de la Naci\u00f3n<\/strong>, de todos los mexicanos\u201d, respondi\u00f3 a pregunta expresa en su rueda de prensa diaria.<\/p>\n<p>Aunque algunos partidos de oposici\u00f3n ya anunciaron su voto en contra, otros han pedido un di\u00e1logo, como el opositor\u00a0<strong>Partido Revolucionario Institucional (PRI).<\/strong><\/p>\n<p>A diferencia de iniciativas anteriores, el Presidente ahora se ha mostrado abierto a cambios en el Congreso, donde su\u00a0<strong>alianza de partidos perdi\u00f3 la mayor\u00eda calificada<\/strong>\u00a0de dos tercios en las elecciones intermedias del 6 de junio.<\/p>\n<p>&nbsp;<\/p>\n<p><iframe loading=\"lazy\" title=\"#ConferenciaPresidente | Jueves 21 de octubre de 2021\" width=\"1200\" height=\"675\" src=\"https:\/\/www.youtube.com\/embed\/En0NyOpuYcM?feature=oembed\" frameborder=\"0\" allow=\"accelerometer; autoplay; clipboard-write; encrypted-media; gyroscope; picture-in-picture\" allowfullscreen><\/iframe><\/p>\n<p>Aun as\u00ed reafirm\u00f3 su propuesta de \u201cque la generaci\u00f3n, la distribuci\u00f3n de la energ\u00eda el\u00e9ctrica, no tenga prop\u00f3sitos de lucro\u201d.<\/p>\n<p>\u201cSi eso se sostiene, la rector\u00eda del Estado en el manejo de la industria el\u00e9ctrica, adelante (con los cambios)\u201d, manifest\u00f3.<\/p>\n<blockquote><p>El Presidente rechaz\u00f3 que M\u00e9xico perder\u00e1 44 mil millones de d\u00f3lares por indemnizaciones, como calcul\u00f3 esta semana la C\u00e1mara Internacional de Comercio de M\u00e9xico (ICC, en ingl\u00e9s).<\/p><\/blockquote>\n<p>\u201cNosotros lo que queremos es que ya no sigan robando, tan sencillo como eso, y dicen que se va a ir la inversi\u00f3n, (pero) no se van\u201d, coment\u00f3.<\/p>\n<p>L\u00f3pez Obrador reiter\u00f3 que \u201cno es una nacionalizaci\u00f3n\u201d ni \u201cuna expropiaci\u00f3n\u201d, pero necesita \u201cfortalecer\u201d a la CFE para \u201cgarantizar precios justos en la energ\u00eda el\u00e9ctrica\u201d.<\/p>\n<blockquote class=\"twitter-tweet\" data-width=\"550\" data-dnt=\"true\">\n<p lang=\"es\" dir=\"ltr\">El porcentaje de generaci\u00f3n el\u00e9ctrica que va a quedar en manos de la iniciativa privada (46%) es el equivalente a toda la que consume Argentina, dijo el presidente <a href=\"https:\/\/twitter.com\/lopezobrador_?ref_src=twsrc%5Etfw\">@lopezobrador_<\/a>.<\/p>\n<p>&quot;Pero no tienen llenadera&quot;, acus\u00f3. <a href=\"https:\/\/t.co\/6NRjXRBZVN\">pic.twitter.com\/6NRjXRBZVN<\/a><\/p>\n<p>&mdash; Ruido en la Red (@RuidoEnLaRed) <a href=\"https:\/\/twitter.com\/RuidoEnLaRed\/status\/1451177127051673601?ref_src=twsrc%5Etfw\">October 21, 2021<\/a><\/p><\/blockquote>\n<p><script async src=\"https:\/\/platform.twitter.com\/widgets.js\" charset=\"utf-8\"><\/script><\/p>\n<p>El mandatario dijo a los empresarios que \u201cdeber\u00edan estar agradecidos\u201d porque la iniciativa contempla que conserven un m\u00e1ximo del 46 por ciento del mercado de generaci\u00f3n el\u00e9ctrica.<\/p>\n<blockquote><p>\u201c\u00bfSaben cu\u00e1nto es el 46 por ciento del mercado de M\u00e9xico? Es toda la electricidad que se consume en Argentina, en un pa\u00eds de 50 a 60 millones de habitantes. Entonces deber\u00edan estar agradecidos, nada m\u00e1s que no tienen llenadera, se quedaron con la mala costumbre de robar a manos llenas\u201d, declar\u00f3.<\/p><\/blockquote>\n<p>Adem\u00e1s de la rector\u00eda del Estado en el sector, el Presidente indic\u00f3 que la nacionalizaci\u00f3n del litio es otro de sus puntos firmes.<\/p>\n<blockquote class=\"twitter-tweet\" data-width=\"550\" data-dnt=\"true\">\n<p lang=\"es\" dir=\"ltr\"><a href=\"https:\/\/twitter.com\/hashtag\/ConferenciaPresidente?src=hash&amp;ref_src=twsrc%5Etfw\">#ConferenciaPresidente<\/a> | La esencia de la iniciativa es convertir a la industria el\u00e9ctrica en una industria estrat\u00e9gica propiedad de la naci\u00f3n, y que la generaci\u00f3n y distribuci\u00f3n no tenga prop\u00f3sitos de lucro, se\u00f1al\u00f3 esta ma\u00f1ana el presidente <a href=\"https:\/\/twitter.com\/lopezobrador_?ref_src=twsrc%5Etfw\">@lopezobrador_<\/a>. <a href=\"https:\/\/twitter.com\/hashtag\/ReformaEl%C3%A9ctrica?src=hash&amp;ref_src=twsrc%5Etfw\">#ReformaEl\u00e9ctrica<\/a> <a href=\"https:\/\/t.co\/nxUOXJDPXj\">pic.twitter.com\/nxUOXJDPXj<\/a><\/p>\n<p>&mdash; CFEmx (@CFEmx) <a href=\"https:\/\/twitter.com\/CFEmx\/status\/1451188744543879168?ref_src=twsrc%5Etfw\">October 21, 2021<\/a><\/p><\/blockquote>\n<p><script async src=\"https:\/\/platform.twitter.com\/widgets.js\" charset=\"utf-8\"><\/script><\/p>\n<p>El mandatario acus\u00f3 a sus opositores de \u201cno atreverse a hablar del litio\u201d porque \u201cno les conviene, no les gusta\u201d la idea que este mineral sea propiedad de la naci\u00f3n, como estipula la reforma.<\/p>\n<p>\u201cQuisieran que fuese como las concesiones que se dan para la explotaci\u00f3n del oro, de la plata, de otros minerales, concesiones privadas, y no, el litio es un mineral estrat\u00e9gico, me consta de que le brillan los ojitos a algunos\u201d, dijo.<\/p>\n<p>&nbsp;<\/p>\n<p>Con informaci\u00f3n de SinEmbargo.mx<\/p>\n","protected":false},"excerpt":{"rendered":"<p>La controversia ha arreciado desde finales de septiembre, cuando L\u00f3pez Obrador envi\u00f3 al Congreso su Reforma El\u00e9ctrica, que de aprobarse garantizar\u00eda en la Constituci\u00f3n que la Comisi\u00f3n Federal de Electricidad (CFE), empresa del Estado, controle un m\u00ednimo de 54 por ciento de la generaci\u00f3n el\u00e9ctrica. El Presidente mexicano,\u00a0Andr\u00e9s Manuel L\u00f3pez Obrador, se mostr\u00f3 este jueves por primera vez abierto a cambios en su\u00a0pol\u00e9mica Reforma El\u00e9ctrica, pero con la condici\u00f3n de mantener su \u201cesencia\u201d, como la\u00a0rector\u00eda del Estado del sector\u00a0y la\u00a0nacionalizaci\u00f3n del litio. \u201cS\u00ed (se aceptan ajustes), siempre y cuando se mantenga la esencia de la iniciativa. \u00bfCu\u00e1l es la esencia [&hellip;]<\/p>\n","protected":false},"author":3,"featured_media":1876,"comment_status":"open","ping_status":"open","sticky":false,"template":"","format":"standard","meta":{"_jetpack_newsletter_access":"","_jetpack_dont_email_post_to_subs":false,"_jetpack_newsletter_tier_id":0,"_jetpack_memberships_contains_paywalled_content":false,"_jetpack_feature_clip_id":0,"_jetpack_memberships_contains_paid_content":false,"footnotes":"","jetpack_publicize_message":"","jetpack_publicize_feature_enabled":true,"jetpack_social_post_already_shared":true,"jetpack_social_options":{"image_generator_settings":{"template":"highway","default_image_id":0,"font":"","enabled":false},"version":2},"jetpack_post_was_ever_published":false},"categories":[75,72],"tags":[],"class_list":["post-5966","post","type-post","status-publish","format-standard","has-post-thumbnail","hentry","category-nacional","category-portada","post--single"],"jetpack_publicize_connections":[],"jetpack_featured_media_url":"https:\/\/ovelanalista.com\/wp-content\/uploads\/2021\/07\/andres-Manuel-brazos.jpg","jetpack_sharing_enabled":true,"_links":{"self":[{"href":"https:\/\/ovelanalista.com\/index.php?rest_route=\/wp\/v2\/posts\/5966","targetHints":{"allow":["GET"]}}],"collection":[{"href":"https:\/\/ovelanalista.com\/index.php?rest_route=\/wp\/v2\/posts"}],"about":[{"href":"https:\/\/ovelanalista.com\/index.php?rest_route=\/wp\/v2\/types\/post"}],"author":[{"embeddable":true,"href":"https:\/\/ovelanalista.com\/index.php?rest_route=\/wp\/v2\/users\/3"}],"replies":[{"embeddable":true,"href":"https:\/\/ovelanalista.com\/index.php?rest_route=%2Fwp%2Fv2%2Fcomments&post=5966"}],"version-history":[{"count":1,"href":"https:\/\/ovelanalista.com\/index.php?rest_route=\/wp\/v2\/posts\/5966\/revisions"}],"predecessor-version":[{"id":5967,"href":"https:\/\/ovelanalista.com\/index.php?rest_route=\/wp\/v2\/posts\/5966\/revisions\/5967"}],"wp:featuredmedia":[{"embeddable":true,"href":"https:\/\/ovelanalista.com\/index.php?rest_route=\/wp\/v2\/media\/1876"}],"wp:attachment":[{"href":"https:\/\/ovelanalista.com\/index.php?rest_route=%2Fwp%2Fv2%2Fmedia&parent=5966"}],"wp:term":[{"taxonomy":"category","embeddable":true,"href":"https:\/\/ovelanalista.com\/index.php?rest_route=%2Fwp%2Fv2%2Fcategories&post=5966"},{"taxonomy":"post_tag","embeddable":true,"href":"https:\/\/ovelanalista.com\/index.php?rest_route=%2Fwp%2Fv2%2Ftags&post=5966"}],"curies":[{"name":"wp","href":"https:\/\/api.w.org\/{rel}","templated":true}]}}