{"id":6169,"date":"2021-10-22T12:19:44","date_gmt":"2021-10-22T18:19:44","guid":{"rendered":"https:\/\/ovelanalista.com\/?p=6169"},"modified":"2021-10-22T12:37:19","modified_gmt":"2021-10-22T18:37:19","slug":"las-tienditas-y-comedores-escolares-estaran-bajo-verificacion-permanente-anuncia-coepriss","status":"publish","type":"post","link":"https:\/\/ovelanalista.com\/?p=6169","title":{"rendered":"Las \u201ctienditas\u201d y comedores escolares estar\u00e1n bajo verificaci\u00f3n permanente, anuncia Coepriss"},"content":{"rendered":"<p>Culiac\u00e1n, Sinaloa a 22 de octubre de 2021.- Tras el regreso a clases presenciales durante el actual ciclo escolar, las verificaciones sanitarias a las Unidades de Consumo Escolar (UCEs) al interior de los planteles educativos ser\u00e1n permanentes, anunci\u00f3 el comisionado Jorge Alan Urbina Vidales.<\/p>\n<p><img loading=\"lazy\" decoding=\"async\" class=\"wp-image-6170 aligncenter\" src=\"https:\/\/ovelanalista.com\/wp-content\/uploads\/2021\/10\/frutas-y-verduras-300x300.jpeg\" alt=\"\" width=\"491\" height=\"491\" srcset=\"https:\/\/ovelanalista.com\/wp-content\/uploads\/2021\/10\/frutas-y-verduras-300x300.jpeg 300w, https:\/\/ovelanalista.com\/wp-content\/uploads\/2021\/10\/frutas-y-verduras-1024x1024.jpeg 1024w, https:\/\/ovelanalista.com\/wp-content\/uploads\/2021\/10\/frutas-y-verduras-150x150.jpeg 150w, https:\/\/ovelanalista.com\/wp-content\/uploads\/2021\/10\/frutas-y-verduras-768x768.jpeg 768w, https:\/\/ovelanalista.com\/wp-content\/uploads\/2021\/10\/frutas-y-verduras-1536x1536.jpeg 1536w, https:\/\/ovelanalista.com\/wp-content\/uploads\/2021\/10\/frutas-y-verduras-2048x2048.jpeg 2048w, https:\/\/ovelanalista.com\/wp-content\/uploads\/2021\/10\/frutas-y-verduras-180x180.jpeg 180w, https:\/\/ovelanalista.com\/wp-content\/uploads\/2021\/10\/frutas-y-verduras-400x400.jpeg 400w, https:\/\/ovelanalista.com\/wp-content\/uploads\/2021\/10\/frutas-y-verduras-600x600.jpeg 600w, https:\/\/ovelanalista.com\/wp-content\/uploads\/2021\/10\/frutas-y-verduras-800x800.jpeg 800w, https:\/\/ovelanalista.com\/wp-content\/uploads\/2021\/10\/frutas-y-verduras-75x75.jpeg 75w, https:\/\/ovelanalista.com\/wp-content\/uploads\/2021\/10\/frutas-y-verduras-750x750.jpeg 750w, https:\/\/ovelanalista.com\/wp-content\/uploads\/2021\/10\/frutas-y-verduras-1140x1140.jpeg 1140w\" sizes=\"auto, (max-width: 491px) 100vw, 491px\" \/><\/p>\n<p>El titular de la Comisi\u00f3n Estatal para la Protecci\u00f3n Contra Riesgos Sanitarios (Coepriss) advirti\u00f3 que, de hecho, en este retorno a las aulas las acciones de higiene deben seguirse al pie de la letra, en un trabajo conjunto entre personal administrativo, acad\u00e9mico, alumnos y padres de familia, sin importar el nivel escolar del plantel.<\/p>\n<p>Agreg\u00f3 que estas actividades deben tambi\u00e9n focalizarse en estos espacios conocidos tambi\u00e9n como \u201ctienditas\u201d escolares, pues al procesar y expender alimentos y bebidas de manera higi\u00e9nica no solo se previene la propagaci\u00f3n del SARS-CoV-2, sino posibles enfermedades gastrointestinales.<\/p>\n<p><img loading=\"lazy\" decoding=\"async\" class=\"wp-image-6171 aligncenter\" src=\"https:\/\/ovelanalista.com\/wp-content\/uploads\/2021\/10\/recado-escolar-265x300.jpeg\" alt=\"\" width=\"456\" height=\"516\" srcset=\"https:\/\/ovelanalista.com\/wp-content\/uploads\/2021\/10\/recado-escolar-265x300.jpeg 265w, https:\/\/ovelanalista.com\/wp-content\/uploads\/2021\/10\/recado-escolar-400x452.jpeg 400w, https:\/\/ovelanalista.com\/wp-content\/uploads\/2021\/10\/recado-escolar.jpeg 723w\" sizes=\"auto, (max-width: 456px) 100vw, 456px\" \/><\/p>\n<p>En ese sentido, Urbina Vidales puntualiz\u00f3 que quienes laboren en las UCEs deben seguir los protocolos de limpieza y desinfecci\u00f3n diaria de \u00e1reas, superficies y objetos de contacto y de uso com\u00fan y tomar en cuenta los lineamientos b\u00e1sico<span style=\"font-size: 1.21429rem;\">s para la manipulaci\u00f3n de alimentos, tales como cuidar la temperatura ideal de los mismos y una correcta cocci\u00f3n, entre otros aspectos.<\/span><\/p>\n<p><img loading=\"lazy\" decoding=\"async\" class=\"wp-image-6173 aligncenter\" src=\"https:\/\/ovelanalista.com\/wp-content\/uploads\/2021\/10\/Entorno-escolar-265x300.jpeg\" alt=\"\" width=\"500\" height=\"566\" srcset=\"https:\/\/ovelanalista.com\/wp-content\/uploads\/2021\/10\/Entorno-escolar-265x300.jpeg 265w, https:\/\/ovelanalista.com\/wp-content\/uploads\/2021\/10\/Entorno-escolar-400x453.jpeg 400w, https:\/\/ovelanalista.com\/wp-content\/uploads\/2021\/10\/Entorno-escolar.jpeg 722w\" sizes=\"auto, (max-width: 500px) 100vw, 500px\" \/><\/p>\n<p>En el caso de los comedores escolares, el titular de la Coepriss puntualiz\u00f3 que se deber\u00e1 intercalar la hora de la comida para evitar saturaci\u00f3n de estas \u00e1reas.<\/p>\n<p>Asimismo, se\u00f1alizar los espacios que pueden usarse y espacios que no se deben usar a fin de facilitar la sana distancia, implementar medidas para evitar compartir utensilios de cocina entre las personas, mientras que los consumidores deber\u00e1n mantener la sana distancia, usar cubrebocas, lavar sus manos antes y despu\u00e9s de ingerir alimentos y usar desinfectante.<\/p>\n<p><img loading=\"lazy\" decoding=\"async\" class=\"wp-image-6172 aligncenter\" style=\"font-size: 1.21429rem;\" src=\"https:\/\/ovelanalista.com\/wp-content\/uploads\/2021\/10\/plato-del-bien-comer-192x300.jpeg\" alt=\"\" width=\"430\" height=\"672\" srcset=\"https:\/\/ovelanalista.com\/wp-content\/uploads\/2021\/10\/plato-del-bien-comer-192x300.jpeg 192w, https:\/\/ovelanalista.com\/wp-content\/uploads\/2021\/10\/plato-del-bien-comer-985x1536.jpeg 985w, https:\/\/ovelanalista.com\/wp-content\/uploads\/2021\/10\/plato-del-bien-comer-400x624.jpeg 400w\" sizes=\"auto, (max-width: 430px) 100vw, 430px\" \/><\/p>\n<p>\u201cLa reapertura de las actividades econ\u00f3micas y escolares, en el marco del sem\u00e1foro verde, no debe ser motivo de relajamiento; al contrario, y, con estas acciones lo que buscamos es evitar el contagio y contener la propagaci\u00f3n del COVID-19 de manera definitiva en las escuelas de todos los niveles, considerando las disposiciones federales\u201d, manifest\u00f3.<\/p>\n<p>Los protocolos precisan que los comercios de venta de comidas y\/o bebidas deben se\u00f1alizar la forma en que se deben organizar las filas de consumidores manteniendo la sana distancia y contar con dispensadores de gel desinfectante a base de alcohol al 70 por ciento y\/o estaciones de lavado de manos.<\/p>\n<p><img loading=\"lazy\" decoding=\"async\" class=\"wp-image-6174 aligncenter\" style=\"font-size: 19.4286px;\" src=\"https:\/\/ovelanalista.com\/wp-content\/uploads\/2021\/10\/nin\u0303os-300x207.jpeg\" alt=\"\" width=\"581\" height=\"401\" srcset=\"https:\/\/ovelanalista.com\/wp-content\/uploads\/2021\/10\/nin\u0303os-300x207.jpeg 300w, https:\/\/ovelanalista.com\/wp-content\/uploads\/2021\/10\/nin\u0303os-768x531.jpeg 768w, https:\/\/ovelanalista.com\/wp-content\/uploads\/2021\/10\/nin\u0303os-400x277.jpeg 400w, https:\/\/ovelanalista.com\/wp-content\/uploads\/2021\/10\/nin\u0303os-750x518.jpeg 750w, https:\/\/ovelanalista.com\/wp-content\/uploads\/2021\/10\/nin\u0303os.jpeg 800w\" sizes=\"auto, (max-width: 581px) 100vw, 581px\" \/><\/p>\n<p>El personal debe lavarse o desinfectarse las manos con agua y jab\u00f3n o usar gel con base de alcohol al 70 por ciento al comienzo y al final de la jornada; y el p\u00fablico en general debe cuidar la limpieza de sus manos antes de comer o beber; despu\u00e9s de tocar dinero, objetos o art\u00edculos de uso com\u00fan como perillas de puertas o despu\u00e9s de ir el ba\u00f1o.<\/p>\n<p>Subray\u00f3 la importancia de establecer turnos y espacios de espera con medidas de sana distancia para evitar la aglomeraci\u00f3n de personas. \u201cEl personal que labore en las tienditas debe cumplir con el esquema completo de vacunaci\u00f3n y apegarse a los protocolos sanitarios\u201d, apunt\u00f3.<\/p>\n<p>Asever\u00f3 que la Coepriss vigila el cumplimiento de las disposiciones sanitarias para que el regreso presencial sea en las mejores condiciones con el menor riesgo posible.<\/p>\n<p>&nbsp;<\/p>\n<p>Recomendaciones generales:<\/p>\n<p>No te toques la cara, en especial ojos, nariz y boca<\/p>\n<p>Al estornudar o toser, c\u00fabrete la nariz y boca con el \u00e1ngulo interno del brazo, aun si usas cubrebocas<\/p>\n<p>No compartas objetos de uso com\u00fan o personal como tel\u00e9fonos, aud\u00edfonos, bol\u00edgrafos, equipo de protecci\u00f3n personal (EPP) y desinf\u00e9ctalos con alcohol<\/p>\n<p>L\u00e1vate las manos siempre antes de comer<\/p>\n<p>No compartas alimentos, bebidas, ni utensilios<\/p>\n<p>Si tienes hipertensi\u00f3n, sobrepeso, obesidad o diabetes, sigue los planes de alimentaci\u00f3n recomendados<\/p>\n<p>&nbsp;<\/p>\n<p>Si la escuela tiene comedor:<\/p>\n<p>Sigue las recomendaciones y mant\u00e9n m\u00ednimo dos metros de distancia de los dem\u00e1s<\/p>\n<p>&nbsp;<\/p>\n<p>Si la escuela no tiene comedor:<\/p>\n<p>Mant\u00e9n la distancia o busca un lugar aislado<\/p>\n<p>Prefiere un lugar al aire libre, mientras no sea la calle<\/p>\n<p>Lleva los alimentos preparados desde casa<\/p>\n","protected":false},"excerpt":{"rendered":"<p>Culiac\u00e1n, Sinaloa a 22 de octubre de 2021.- Tras el regreso a clases presenciales durante el actual ciclo escolar, las verificaciones sanitarias a las Unidades de Consumo Escolar (UCEs) al interior de los planteles educativos ser\u00e1n permanentes, anunci\u00f3 el comisionado Jorge Alan Urbina Vidales. El titular de la Comisi\u00f3n Estatal para la Protecci\u00f3n Contra Riesgos Sanitarios (Coepriss) advirti\u00f3 que, de hecho, en este retorno a las aulas las acciones de higiene deben seguirse al pie de la letra, en un trabajo conjunto entre personal administrativo, acad\u00e9mico, alumnos y padres de familia, sin importar el nivel escolar del plantel. Agreg\u00f3 que [&hellip;]<\/p>\n","protected":false},"author":3,"featured_media":6173,"comment_status":"open","ping_status":"open","sticky":false,"template":"","format":"standard","meta":{"_jetpack_newsletter_access":"","_jetpack_dont_email_post_to_subs":false,"_jetpack_newsletter_tier_id":0,"_jetpack_memberships_contains_paywalled_content":false,"_jetpack_feature_clip_id":0,"_jetpack_memberships_contains_paid_content":false,"footnotes":"","jetpack_publicize_message":"","jetpack_publicize_feature_enabled":true,"jetpack_social_post_already_shared":true,"jetpack_social_options":{"image_generator_settings":{"template":"highway","default_image_id":0,"font":"","enabled":false},"version":2},"jetpack_post_was_ever_published":false},"categories":[75,72,1],"tags":[],"class_list":["post-6169","post","type-post","status-publish","format-standard","has-post-thumbnail","hentry","category-nacional","category-portada","category-uncategorized","post--single"],"jetpack_publicize_connections":[],"jetpack_featured_media_url":"https:\/\/ovelanalista.com\/wp-content\/uploads\/2021\/10\/Entorno-escolar.jpeg","jetpack_sharing_enabled":true,"_links":{"self":[{"href":"https:\/\/ovelanalista.com\/index.php?rest_route=\/wp\/v2\/posts\/6169","targetHints":{"allow":["GET"]}}],"collection":[{"href":"https:\/\/ovelanalista.com\/index.php?rest_route=\/wp\/v2\/posts"}],"about":[{"href":"https:\/\/ovelanalista.com\/index.php?rest_route=\/wp\/v2\/types\/post"}],"author":[{"embeddable":true,"href":"https:\/\/ovelanalista.com\/index.php?rest_route=\/wp\/v2\/users\/3"}],"replies":[{"embeddable":true,"href":"https:\/\/ovelanalista.com\/index.php?rest_route=%2Fwp%2Fv2%2Fcomments&post=6169"}],"version-history":[{"count":1,"href":"https:\/\/ovelanalista.com\/index.php?rest_route=\/wp\/v2\/posts\/6169\/revisions"}],"predecessor-version":[{"id":6175,"href":"https:\/\/ovelanalista.com\/index.php?rest_route=\/wp\/v2\/posts\/6169\/revisions\/6175"}],"wp:featuredmedia":[{"embeddable":true,"href":"https:\/\/ovelanalista.com\/index.php?rest_route=\/wp\/v2\/media\/6173"}],"wp:attachment":[{"href":"https:\/\/ovelanalista.com\/index.php?rest_route=%2Fwp%2Fv2%2Fmedia&parent=6169"}],"wp:term":[{"taxonomy":"category","embeddable":true,"href":"https:\/\/ovelanalista.com\/index.php?rest_route=%2Fwp%2Fv2%2Fcategories&post=6169"},{"taxonomy":"post_tag","embeddable":true,"href":"https:\/\/ovelanalista.com\/index.php?rest_route=%2Fwp%2Fv2%2Ftags&post=6169"}],"curies":[{"name":"wp","href":"https:\/\/api.w.org\/{rel}","templated":true}]}}