{"id":63424,"date":"2022-12-09T13:10:11","date_gmt":"2022-12-09T20:10:11","guid":{"rendered":"https:\/\/ovelanalista.com\/?p=63424"},"modified":"2022-12-09T11:45:49","modified_gmt":"2022-12-09T18:45:49","slug":"adversarios-gastan-y-gastan-en-campanas-en-mi-contra-pero-no-pasa-nada-y-ni-va-a-pasar-amlo","status":"publish","type":"post","link":"https:\/\/ovelanalista.com\/?p=63424","title":{"rendered":"Adversarios gastan y gastan en campa\u00f1as en mi contra, pero \u201cno pasa nada y ni va a pasar\u201d: AMLO"},"content":{"rendered":"<p>Adversarios gastan y gastan en campa\u00f1as en mi contra, pero \u201cno pasa nada y ni va a pasar\u201d: AMLO El presidente\u00a0<strong>Andr\u00e9s Manuel L\u00f3pez Obrador<\/strong>\u00a0afirm\u00f3 que pese a que sus adversarios \u201cgastan y gastan\u201d dinero en campa\u00f1as en su contra, no tiene repercusi\u00f3n en el apoyo que tienen del pueblo, por lo que manifest\u00f3 que \u201cno pasa nada y ni va a pasar\u201d.<\/p>\n<p data-t=\"{&quot;n&quot;:&quot;blueLinks&quot;}\">En su conferencia\u00a0<a tabindex=\"0\" href=\"https:\/\/www.eluniversal.com.mx\/nacion\/la-mananera-de-amlo-9-de-diciembre-minuto-minuto-1\" target=\"_blank\" rel=\"noopener\" data-t=\"{&quot;n&quot;:&quot;destination&quot;,&quot;t&quot;:13,&quot;b&quot;:1,&quot;c.t&quot;:7}\"><strong>ma\u00f1anera de este viernes\u00a0<\/strong><\/a>en Palacio Nacional, y ante la campa\u00f1a de que \u201cestoy chocheando y que tengo no s\u00e9 cu\u00e1ntas enfermedades\u201d, L\u00f3pez Obrador asegur\u00f3 que los publicistas que contratan sus adversarios no conocen la idiosincrasia de los mexicanos, que son \u201cpuro coraz\u00f3n\u201d.<\/p>\n<p data-t=\"{&quot;n&quot;:&quot;blueLinks&quot;}\">Afirm\u00f3 que ahora el pueblo mexicano est\u00e1 m\u00e1s politizado que nunca, muy consciente y a la vanguardia en el mundo.<\/p>\n<p data-t=\"{&quot;n&quot;:&quot;blueLinks&quot;}\">\u201cDicen que estoy chocheando y que tengo no s\u00e9 cu\u00e1ntas enfermedades, pues s\u00ed, \u00bfy ustedes creen que eso lo aplaude la gente? No, si nuestro pueblo es puro coraz\u00f3n.<\/p>\n<div class=\"article-clear-div\"><\/div>\n<p data-t=\"{&quot;n&quot;:&quot;blueLinks&quot;}\">\u201c\u00bfQu\u00e9 dice la gente? \u00bfD\u00f3nde se ven los amigos? En los hospitales, en la c\u00e1rcel, as\u00ed es, pero los publicistas que contratan nuestros adversarios no conocen la idiosincrasia de nuestro pueblo, no saben que nuestro pueblo es puro sentimiento, puro coraz\u00f3n, y ahora m\u00e1s politizado que nunca, muy consciente, a la vanguardia en el mundo.<\/p>\n<p class=\"continue-read-break\" data-t=\"{&quot;n&quot;:&quot;blueLinks&quot;}\">\u201cEntonces gastan y gastan dinero, y no pasa nada, ni va a pasar\u201d, declar\u00f3.<\/p>\n<p data-t=\"{&quot;n&quot;:&quot;blueLinks&quot;}\">\n<p data-t=\"{&quot;n&quot;:&quot;blueLinks&quot;}\">Con informaci\u00f3n de El Universal<\/p>\n","protected":false},"excerpt":{"rendered":"<p>Adversarios gastan y gastan en campa\u00f1as en mi contra, pero \u201cno pasa nada y ni va a pasar\u201d: AMLO El presidente\u00a0Andr\u00e9s Manuel L\u00f3pez Obrador\u00a0afirm\u00f3 que pese a que sus adversarios \u201cgastan y gastan\u201d dinero en campa\u00f1as en su contra, no tiene repercusi\u00f3n en el apoyo que tienen del pueblo, por lo que manifest\u00f3 que \u201cno pasa nada y ni va a pasar\u201d. En su conferencia\u00a0ma\u00f1anera de este viernes\u00a0en Palacio Nacional, y ante la campa\u00f1a de que \u201cestoy chocheando y que tengo no s\u00e9 cu\u00e1ntas enfermedades\u201d, L\u00f3pez Obrador asegur\u00f3 que los publicistas que contratan sus adversarios no conocen la idiosincrasia de [&hellip;]<\/p>\n","protected":false},"author":3,"featured_media":63327,"comment_status":"open","ping_status":"open","sticky":false,"template":"","format":"standard","meta":{"_jetpack_newsletter_access":"","_jetpack_dont_email_post_to_subs":false,"_jetpack_newsletter_tier_id":0,"_jetpack_memberships_contains_paywalled_content":false,"_jetpack_feature_clip_id":0,"_jetpack_memberships_contains_paid_content":false,"footnotes":"","jetpack_publicize_message":"","jetpack_publicize_feature_enabled":true,"jetpack_social_post_already_shared":true,"jetpack_social_options":{"image_generator_settings":{"template":"highway","default_image_id":0,"font":"","enabled":false},"version":2},"jetpack_post_was_ever_published":false},"categories":[75,72],"tags":[],"class_list":["post-63424","post","type-post","status-publish","format-standard","has-post-thumbnail","hentry","category-nacional","category-portada","post--single"],"jetpack_publicize_connections":[],"jetpack_featured_media_url":"https:\/\/ovelanalista.com\/wp-content\/uploads\/2022\/12\/amlo-14.jpeg","jetpack_sharing_enabled":true,"_links":{"self":[{"href":"https:\/\/ovelanalista.com\/index.php?rest_route=\/wp\/v2\/posts\/63424","targetHints":{"allow":["GET"]}}],"collection":[{"href":"https:\/\/ovelanalista.com\/index.php?rest_route=\/wp\/v2\/posts"}],"about":[{"href":"https:\/\/ovelanalista.com\/index.php?rest_route=\/wp\/v2\/types\/post"}],"author":[{"embeddable":true,"href":"https:\/\/ovelanalista.com\/index.php?rest_route=\/wp\/v2\/users\/3"}],"replies":[{"embeddable":true,"href":"https:\/\/ovelanalista.com\/index.php?rest_route=%2Fwp%2Fv2%2Fcomments&post=63424"}],"version-history":[{"count":1,"href":"https:\/\/ovelanalista.com\/index.php?rest_route=\/wp\/v2\/posts\/63424\/revisions"}],"predecessor-version":[{"id":63425,"href":"https:\/\/ovelanalista.com\/index.php?rest_route=\/wp\/v2\/posts\/63424\/revisions\/63425"}],"wp:featuredmedia":[{"embeddable":true,"href":"https:\/\/ovelanalista.com\/index.php?rest_route=\/wp\/v2\/media\/63327"}],"wp:attachment":[{"href":"https:\/\/ovelanalista.com\/index.php?rest_route=%2Fwp%2Fv2%2Fmedia&parent=63424"}],"wp:term":[{"taxonomy":"category","embeddable":true,"href":"https:\/\/ovelanalista.com\/index.php?rest_route=%2Fwp%2Fv2%2Fcategories&post=63424"},{"taxonomy":"post_tag","embeddable":true,"href":"https:\/\/ovelanalista.com\/index.php?rest_route=%2Fwp%2Fv2%2Ftags&post=63424"}],"curies":[{"name":"wp","href":"https:\/\/api.w.org\/{rel}","templated":true}]}}