{"id":63710,"date":"2022-12-13T13:10:39","date_gmt":"2022-12-13T20:10:39","guid":{"rendered":"https:\/\/ovelanalista.com\/?p=63710"},"modified":"2022-12-13T12:25:16","modified_gmt":"2022-12-13T19:25:16","slug":"lopez-obrador-y-biden-destacan-relevancia-de-la-relacion-mexico-eu","status":"publish","type":"post","link":"https:\/\/ovelanalista.com\/?p=63710","title":{"rendered":"L\u00f3pez Obrador y Biden destacan relevancia de la relaci\u00f3n M\u00e9xico-EU"},"content":{"rendered":"<p><em>Ciudad de M\u00e9xico.<\/em>\u00a0Con sendas cartas, los presidentes de M\u00e9xico y de Estados Unidos, Andr\u00e9s Manuel L\u00f3pez Obrador y Joe Biden, destacaron la relevancia de la relaci\u00f3n entre ambas naciones, en el bicentenario del inicio de \u00e9stas.<\/p>\n<p>El mexicano enfatiz\u00f3 la necesidad de impulsar una Am\u00e9rica unida, con un nuevo sentido en las relaciones entre todos los pa\u00edses del hemisferio, con respeto a sus soberan\u00edas y a la autodeterminaci\u00f3n de los pueblos.<\/p>\n<p>&nbsp;<\/p>\n<p>Tambi\u00e9n resalt\u00f3 el estado actual de los v\u00ednculos bilaterales y sobre todo, la actitud de respeto hacia la soberan\u00eda de M\u00e9xico por parte de su par estadunidense, pero no dej\u00f3 pasar la oportunidad para se\u00f1alar que \u201cno es f\u00e1cil olvidar las intervenciones militares\u201d de Estados Unidos en M\u00e9xico; en tanto Biden resalt\u00f3 la necesidad de la cooperaci\u00f3n en dos temas entrelazados: seguridad y prosperidad.<\/p>\n<p>&nbsp;<\/p>\n<p>Como parte de la visita del Asesor Especial para las Am\u00e9ricas de la Casa Blanca, Christopher Dodd, a M\u00e9xico con motivo del bicentenario, el funcionario le entreg\u00f3 a L\u00f3pez Obrador una carta de Biden, a lo que de inmediato el mexicano respondi\u00f3 con una nueva misiva.<\/p>\n<p>&nbsp;<\/p>\n<p>El presidente de Estados Unidos refiere en su comunicaci\u00f3n que la profunda conexi\u00f3n cultural e interpersonal, construida a lo largo de los siglos, enriquece a las sociedades de las dos naciones y fortalece su relaci\u00f3n.<\/p>\n<p>&nbsp;<\/p>\n<p>En su respuesta, L\u00f3pez Obrador le adelanta que en su pr\u00f3xima visita en enero a M\u00e9xico \u2013para sumarse junto al primer ministro de Canad\u00e1, Justin Trudeau, a la Cumbre de L\u00edderes de Am\u00e9rica del Norte\u2014 \u201ctengo mucho inter\u00e9s en proponer tres temas para un acuerdo de largo alcance: planear la sustituci\u00f3n de importaciones para producir en Am\u00e9rica del Norte y en todo el continente, lo que consumimos; aplicar un programa para el bienestar de los pueblos de Am\u00e9rica Latina y el Caribe; y considerarlos aliados, respetando sus soberan\u00edas, como usted lo sostiene, \u2018en pie de igualdad\u2019, bajo el principio de la autodeterminaci\u00f3n de los pueblos\u201d.<\/p>\n<p>El mandatario mexicano agreg\u00f3: \u201cEn estos 200 a\u00f1os, no necesariamente por decisi\u00f3n de nuestros pueblos sino m\u00e1s bien de los gobiernos, hemos enfrentado etapas muy dif\u00edciles en las relaciones. No es f\u00e1cil olvidar las intervenciones militares de Estados Unidos en M\u00e9xico y la p\u00e9rdida de la mitad de nuestro territorio\u201d.<\/p>\n<blockquote class=\"twitter-tweet\" data-width=\"550\" data-dnt=\"true\">\n<p lang=\"es\" dir=\"ltr\">El presidente <a href=\"https:\/\/twitter.com\/lopezobrador_?ref_src=twsrc%5Etfw\">@lopezobrador_<\/a> plante\u00f3 a Christopher Dodd, asesor especial para las Am\u00e9ricas del gobierno de <a href=\"https:\/\/twitter.com\/JoeBiden?ref_src=twsrc%5Etfw\">@JoeBiden<\/a>, la necesidad de una \u201calianza para la prosperidad\u201d en todo el continente, inform\u00f3 el canciller <a href=\"https:\/\/twitter.com\/m_ebrard?ref_src=twsrc%5Etfw\">@m_ebrard<\/a> <a href=\"https:\/\/t.co\/GDTuNotRHb\">https:\/\/t.co\/GDTuNotRHb<\/a> <a href=\"https:\/\/t.co\/BYKWMdRGFB\">pic.twitter.com\/BYKWMdRGFB<\/a><\/p>\n<p>&mdash; La Jornada (@lajornadaonline) <a href=\"https:\/\/twitter.com\/lajornadaonline\/status\/1602437151248904192?ref_src=twsrc%5Etfw\">December 12, 2022<\/a><\/p><\/blockquote>\n<p><script async src=\"https:\/\/platform.twitter.com\/widgets.js\" charset=\"utf-8\"><\/script><\/p>\n<div class=\"\">\n<div id=\"article-content-tts\" class=\"article-content ljn-nota-contenido\">\n<div id=\"content_nitf\">\n<p>Aunque de inmediato acot\u00f3 que tambi\u00e9n se han tenido largos periodos de entendimiento, cooperaci\u00f3n y amistad entre pueblos y gobiernos. Y destac\u00f3 dos episodios hist\u00f3ricos: que el presidente Abraham Lincoln nunca reconoci\u00f3 la intervenci\u00f3n francesa a M\u00e9xico y el llamado Imperio de Maximiliano; y la pol\u00edtica de respeto y de buena vecindad que se logr\u00f3 durante los gobiernos de Franklin Delano Roosevelt y del general L\u00e1zaro C\u00e1rdenas del R\u00edo.<\/p>\n<p>\u201cAhora nuestras relaciones son inmejorables porque, como usted lo sostiene, nuestros pa\u00edses son los principales socios comerciales en el mundo. Se ha acrecentado como nunca el afecto y el cari\u00f1o entre nuestros pueblos. Adem\u00e1s, su actitud de respeto hacia la soberan\u00eda de M\u00e9xico ha sido excepcional: usted es el primer presidente de Estados Unidos, en varias d\u00e9cadas, que no ha ordenado construir ni siquiera un metro de muro entre nuestras fronteras\u201d.<\/p>\n<p>En su misiva, Biden en tanto calific\u00f3 como \u201cuna bendici\u00f3n especial\u201d que el bicentenario de las relaciones entre Estados Unidos y M\u00e9xico coincida con la fiesta de la virgen de Guadalupe, \u201cuna festividad con un profundo significado y trascendencia en la vida cultural y religiosa de millones de mexico-estadunidenses\u201d.<\/p>\n<p>Enfatiz\u00f3 que bajo su administraci\u00f3n y la de L\u00f3pez Obrador, \u201chemos profundizado la cooperaci\u00f3n a trav\u00e9s del Alto Nivel M\u00e9xico-Estados Unidos\u201d, as\u00ed se han establecido los di\u00e1logos Econ\u00f3mico y de Seguridad de Alto Nivel M\u00e9xico-Estados Unidos, adem\u00e1s que en enero la Cumbre de L\u00edderes de Am\u00e9rica del Norte.<\/p>\n<p>\u201cEste compromiso de cooperaci\u00f3n reconoce la realidad de que la seguridad y la prosperidad est\u00e1n entrelazadas y que podemos realizar mejor nuestras aspiraciones comunes cuando trabajamos juntos basados en el respeto mutuo\u201d.<\/p>\n<p>A nombre de su pa\u00eds y con motivo de la efem\u00e9ride, Biden dese\u00f3 a todo el pueblo mexicano un futuro pac\u00edfico y pr\u00f3spero en asociaci\u00f3n continua con los Estados Unidos.<\/p>\n<p>\u201cEspero con inter\u00e9s todo lo que lograremos juntos para mejorar el bienestar de nuestro pueblo en los pr\u00f3ximos a\u00f1os\u201d.<\/p>\n<p>L\u00f3pez Obrador cerr\u00f3 su carta expresando que tanto Biden como su esposa Jill Biden ser\u00e1n bienvenidos los d\u00edas 9 y 10 de enero, para los trabajos de la Cumbre, pero igualmente en cualquier fecha.<\/p>\n<\/div>\n<\/div>\n<\/div>\n<div class=\"article-meta\"><\/div>\n<div><\/div>\n<div>Con informaci\u00f3n de La Jornada<\/div>\n","protected":false},"excerpt":{"rendered":"<p>Ciudad de M\u00e9xico.\u00a0Con sendas cartas, los presidentes de M\u00e9xico y de Estados Unidos, Andr\u00e9s Manuel L\u00f3pez Obrador y Joe Biden, destacaron la relevancia de la relaci\u00f3n entre ambas naciones, en el bicentenario del inicio de \u00e9stas. El mexicano enfatiz\u00f3 la necesidad de impulsar una Am\u00e9rica unida, con un nuevo sentido en las relaciones entre todos los pa\u00edses del hemisferio, con respeto a sus soberan\u00edas y a la autodeterminaci\u00f3n de los pueblos. &nbsp; Tambi\u00e9n resalt\u00f3 el estado actual de los v\u00ednculos bilaterales y sobre todo, la actitud de respeto hacia la soberan\u00eda de M\u00e9xico por parte de su par estadunidense, pero [&hellip;]<\/p>\n","protected":false},"author":3,"featured_media":63711,"comment_status":"open","ping_status":"open","sticky":false,"template":"","format":"standard","meta":{"_jetpack_newsletter_access":"","_jetpack_dont_email_post_to_subs":false,"_jetpack_newsletter_tier_id":0,"_jetpack_memberships_contains_paywalled_content":false,"_jetpack_feature_clip_id":0,"_jetpack_memberships_contains_paid_content":false,"footnotes":"","jetpack_publicize_message":"","jetpack_publicize_feature_enabled":true,"jetpack_social_post_already_shared":true,"jetpack_social_options":{"image_generator_settings":{"template":"highway","default_image_id":0,"font":"","enabled":false},"version":2},"jetpack_post_was_ever_published":false},"categories":[75,72],"tags":[],"class_list":["post-63710","post","type-post","status-publish","format-standard","has-post-thumbnail","hentry","category-nacional","category-portada","post--single"],"jetpack_publicize_connections":[],"jetpack_featured_media_url":"https:\/\/ovelanalista.com\/wp-content\/uploads\/2022\/12\/Lo\u0301pez-Obrador-y-Biden.jpeg","jetpack_sharing_enabled":true,"_links":{"self":[{"href":"https:\/\/ovelanalista.com\/index.php?rest_route=\/wp\/v2\/posts\/63710","targetHints":{"allow":["GET"]}}],"collection":[{"href":"https:\/\/ovelanalista.com\/index.php?rest_route=\/wp\/v2\/posts"}],"about":[{"href":"https:\/\/ovelanalista.com\/index.php?rest_route=\/wp\/v2\/types\/post"}],"author":[{"embeddable":true,"href":"https:\/\/ovelanalista.com\/index.php?rest_route=\/wp\/v2\/users\/3"}],"replies":[{"embeddable":true,"href":"https:\/\/ovelanalista.com\/index.php?rest_route=%2Fwp%2Fv2%2Fcomments&post=63710"}],"version-history":[{"count":1,"href":"https:\/\/ovelanalista.com\/index.php?rest_route=\/wp\/v2\/posts\/63710\/revisions"}],"predecessor-version":[{"id":63712,"href":"https:\/\/ovelanalista.com\/index.php?rest_route=\/wp\/v2\/posts\/63710\/revisions\/63712"}],"wp:featuredmedia":[{"embeddable":true,"href":"https:\/\/ovelanalista.com\/index.php?rest_route=\/wp\/v2\/media\/63711"}],"wp:attachment":[{"href":"https:\/\/ovelanalista.com\/index.php?rest_route=%2Fwp%2Fv2%2Fmedia&parent=63710"}],"wp:term":[{"taxonomy":"category","embeddable":true,"href":"https:\/\/ovelanalista.com\/index.php?rest_route=%2Fwp%2Fv2%2Fcategories&post=63710"},{"taxonomy":"post_tag","embeddable":true,"href":"https:\/\/ovelanalista.com\/index.php?rest_route=%2Fwp%2Fv2%2Ftags&post=63710"}],"curies":[{"name":"wp","href":"https:\/\/api.w.org\/{rel}","templated":true}]}}