{"id":63713,"date":"2022-12-13T13:20:48","date_gmt":"2022-12-13T20:20:48","guid":{"rendered":"https:\/\/ovelanalista.com\/?p=63713"},"modified":"2022-12-13T12:29:15","modified_gmt":"2022-12-13T19:29:15","slug":"se-reunira-christopher-j-dodd-con-amlo-para-festejos-diplomaticos","status":"publish","type":"post","link":"https:\/\/ovelanalista.com\/?p=63713","title":{"rendered":"Se reunir\u00e1 Christopher J. Dodd con AMLO para festejos diplom\u00e1ticos"},"content":{"rendered":"<p>El asesor especial del presidente estadunidense, Joe Biden, para las Am\u00e9ricas, Christopher J. Dodd, estar\u00e1 este lunes en la Ciudad de M\u00e9xico, para asistir a las celebraciones por el bicentenario de las relaciones diplom\u00e1ticas entre ambos pa\u00edses, inform\u00f3 el Departamento de Estado.<\/p>\n<p>\u201cEl 12 de diciembre, en la Ciudad de M\u00e9xico, el Asesor Presidencial Especial Dodd se reunir\u00e1 con el Presidente de M\u00e9xico, Andr\u00e9s Manuel L\u00f3pez Obrador y con el Secretario de Relaciones Exteriores, Marcelo Ebrard y asistir\u00e1 a las celebraciones de los 200 a\u00f1os de las relaciones entre Estados Unidos y M\u00e9xico\u201d, se\u00f1alo la nota informativa emitida en Washington D. C.<\/p>\n<p>Los Estados Unidos fueron uno de los primeros pa\u00edses en establecer relaciones diplom\u00e1ticas con nuestro pa\u00eds, luego de que se firm\u00f3 el Acta de Independencia de M\u00e9xico, el 28 de septiembre de 1821.<\/p>\n<p>Fue el 12 de diciembre de 1822 cuando por primera vez ambos pa\u00edses reconocieron formalmente a sus respectivos gobiernos independientes e intercambiaron embajadores.<\/p>\n<p>Luego de su estancia en M\u00e9xico, Dood ir\u00e1 a Quito, Ecuador, donde se reunir\u00e1 con el presidente Guillermo Lasso, para abordar temas de inter\u00e9s general, incluyendo la promoci\u00f3n del crecimiento econ\u00f3mico, los retos de la migraci\u00f3n y el combate al narcotr\u00e1fico.<\/p>\n<p>Posteriormente, el mi\u00e9rcoles 14, el funcionario estadunidense estar\u00e1 en San Jos\u00e9 de Costa Rica para reunirse con el presidente Rodrigo Chaves, con quien conversar\u00e1 sobre la integraci\u00f3n de ese pa\u00eds centroamericano en la Asociaci\u00f3n de las Am\u00e9ricas para la Prosperidad Econ\u00f3mica y abordar\u00e1n el tema de la situaci\u00f3n en Nicaragua.<\/p>\n<p>&nbsp;<\/p>\n<p>Con informaci\u00f3n de La Jornada<\/p>\n","protected":false},"excerpt":{"rendered":"<p>El asesor especial del presidente estadunidense, Joe Biden, para las Am\u00e9ricas, Christopher J. Dodd, estar\u00e1 este lunes en la Ciudad de M\u00e9xico, para asistir a las celebraciones por el bicentenario de las relaciones diplom\u00e1ticas entre ambos pa\u00edses, inform\u00f3 el Departamento de Estado. \u201cEl 12 de diciembre, en la Ciudad de M\u00e9xico, el Asesor Presidencial Especial Dodd se reunir\u00e1 con el Presidente de M\u00e9xico, Andr\u00e9s Manuel L\u00f3pez Obrador y con el Secretario de Relaciones Exteriores, Marcelo Ebrard y asistir\u00e1 a las celebraciones de los 200 a\u00f1os de las relaciones entre Estados Unidos y M\u00e9xico\u201d, se\u00f1alo la nota informativa emitida en Washington [&hellip;]<\/p>\n","protected":false},"author":3,"featured_media":63714,"comment_status":"open","ping_status":"open","sticky":false,"template":"","format":"standard","meta":{"_jetpack_newsletter_access":"","_jetpack_dont_email_post_to_subs":false,"_jetpack_newsletter_tier_id":0,"_jetpack_memberships_contains_paywalled_content":false,"_jetpack_feature_clip_id":0,"_jetpack_memberships_contains_paid_content":false,"footnotes":"","jetpack_publicize_message":"","jetpack_publicize_feature_enabled":true,"jetpack_social_post_already_shared":true,"jetpack_social_options":{"image_generator_settings":{"template":"highway","default_image_id":0,"font":"","enabled":false},"version":2},"jetpack_post_was_ever_published":false},"categories":[75,72],"tags":[],"class_list":["post-63713","post","type-post","status-publish","format-standard","has-post-thumbnail","hentry","category-nacional","category-portada","post--single"],"jetpack_publicize_connections":[],"jetpack_featured_media_url":"https:\/\/ovelanalista.com\/wp-content\/uploads\/2022\/12\/Christopher-J.-Dodd.jpeg","jetpack_sharing_enabled":true,"_links":{"self":[{"href":"https:\/\/ovelanalista.com\/index.php?rest_route=\/wp\/v2\/posts\/63713","targetHints":{"allow":["GET"]}}],"collection":[{"href":"https:\/\/ovelanalista.com\/index.php?rest_route=\/wp\/v2\/posts"}],"about":[{"href":"https:\/\/ovelanalista.com\/index.php?rest_route=\/wp\/v2\/types\/post"}],"author":[{"embeddable":true,"href":"https:\/\/ovelanalista.com\/index.php?rest_route=\/wp\/v2\/users\/3"}],"replies":[{"embeddable":true,"href":"https:\/\/ovelanalista.com\/index.php?rest_route=%2Fwp%2Fv2%2Fcomments&post=63713"}],"version-history":[{"count":1,"href":"https:\/\/ovelanalista.com\/index.php?rest_route=\/wp\/v2\/posts\/63713\/revisions"}],"predecessor-version":[{"id":63715,"href":"https:\/\/ovelanalista.com\/index.php?rest_route=\/wp\/v2\/posts\/63713\/revisions\/63715"}],"wp:featuredmedia":[{"embeddable":true,"href":"https:\/\/ovelanalista.com\/index.php?rest_route=\/wp\/v2\/media\/63714"}],"wp:attachment":[{"href":"https:\/\/ovelanalista.com\/index.php?rest_route=%2Fwp%2Fv2%2Fmedia&parent=63713"}],"wp:term":[{"taxonomy":"category","embeddable":true,"href":"https:\/\/ovelanalista.com\/index.php?rest_route=%2Fwp%2Fv2%2Fcategories&post=63713"},{"taxonomy":"post_tag","embeddable":true,"href":"https:\/\/ovelanalista.com\/index.php?rest_route=%2Fwp%2Fv2%2Ftags&post=63713"}],"curies":[{"name":"wp","href":"https:\/\/api.w.org\/{rel}","templated":true}]}}