{"id":63716,"date":"2022-12-13T13:30:31","date_gmt":"2022-12-13T20:30:31","guid":{"rendered":"https:\/\/ovelanalista.com\/?p=63716"},"modified":"2022-12-13T12:30:55","modified_gmt":"2022-12-13T19:30:55","slug":"felipe-garcia-ascencio-el-maximo-responsable-de-santander-mexico","status":"publish","type":"post","link":"https:\/\/ovelanalista.com\/?p=63716","title":{"rendered":"Felipe Garc\u00eda Ascencio, el m\u00e1ximo responsable de Santander M\u00e9xico"},"content":{"rendered":"<p>Santander M\u00e9xico dio a conocer que su consejo de administraci\u00f3n design\u00f3 a Felipe Garc\u00eda Ascencio, director del banco, como Country Head, con lo que desde el pr\u00f3ximo 1 de enero tambi\u00e9n ser\u00e1 el m\u00e1ximo responsable del grupo financiero.<\/p>\n<p>Garc\u00eda Ascencio remplaza a H\u00e9ctor Grisi Checa, quien a partir del 1 de enero de 2023 ser\u00e1 consejero delegado del Santander a nivel global en lugar de Jos\u00e9 Antonio \u00c1lvarez.<\/p>\n<p>\u201cEl gran trabajo realizado por H\u00e9ctor en los \u00faltimos a\u00f1os sit\u00faa a Santander M\u00e9xico en una posici\u00f3n envidiable para seguir creciendo, ahora bajo el liderazgo de Felipe. En los \u00faltimos meses como director general Felipe ha tenido la oportunidad de prepararse muy bien para asumir la m\u00e1xima responsabilidad sobre los negocios del pa\u00eds y estoy segura de que realizar\u00e1 un gran trabajo\u201d, dijo Ana Bot\u00edn, presidenta de Santander.<\/p>\n<p>Tambi\u00e9n agreg\u00f3 que en su reciente visita a M\u00e9xico el pasado mes de noviembre \u201cpude reafirmar mi confianza en que M\u00e9xico es uno de los mercados m\u00e1s din\u00e1micos y con mayor potencial del grupo\u201d.<\/p>\n<p>Por su parte, Garc\u00eda Ascencio consider\u00f3 que \u201ces un privilegio asumir el liderazgo de Santander M\u00e9xico. Estoy convencido de que contamos con el talento para seguir creciendo y situar a Santander en un nuevo nivel\u201d.<\/p>\n<p>Santander M\u00e9xico es uno de los principales bancos y grupos financieros del pa\u00eds, con una cuota de mercado de 13.3 por ciento en cr\u00e9dito y de 11.8 por ciento en dep\u00f3sitos.<\/p>\n<p>&nbsp;<\/p>\n<p>Con informaci\u00f3n de La Jornada<\/p>\n","protected":false},"excerpt":{"rendered":"<p>Santander M\u00e9xico dio a conocer que su consejo de administraci\u00f3n design\u00f3 a Felipe Garc\u00eda Ascencio, director del banco, como Country Head, con lo que desde el pr\u00f3ximo 1 de enero tambi\u00e9n ser\u00e1 el m\u00e1ximo responsable del grupo financiero. Garc\u00eda Ascencio remplaza a H\u00e9ctor Grisi Checa, quien a partir del 1 de enero de 2023 ser\u00e1 consejero delegado del Santander a nivel global en lugar de Jos\u00e9 Antonio \u00c1lvarez. \u201cEl gran trabajo realizado por H\u00e9ctor en los \u00faltimos a\u00f1os sit\u00faa a Santander M\u00e9xico en una posici\u00f3n envidiable para seguir creciendo, ahora bajo el liderazgo de Felipe. En los \u00faltimos meses como [&hellip;]<\/p>\n","protected":false},"author":3,"featured_media":63717,"comment_status":"open","ping_status":"open","sticky":false,"template":"","format":"standard","meta":{"_jetpack_newsletter_access":"","_jetpack_dont_email_post_to_subs":false,"_jetpack_newsletter_tier_id":0,"_jetpack_memberships_contains_paywalled_content":false,"_jetpack_feature_clip_id":0,"_jetpack_memberships_contains_paid_content":false,"footnotes":"","jetpack_publicize_message":"","jetpack_publicize_feature_enabled":true,"jetpack_social_post_already_shared":true,"jetpack_social_options":{"image_generator_settings":{"template":"highway","default_image_id":0,"font":"","enabled":false},"version":2},"jetpack_post_was_ever_published":false},"categories":[75,72],"tags":[],"class_list":["post-63716","post","type-post","status-publish","format-standard","has-post-thumbnail","hentry","category-nacional","category-portada","post--single"],"jetpack_publicize_connections":[],"jetpack_featured_media_url":"https:\/\/ovelanalista.com\/wp-content\/uploads\/2022\/12\/Felipe-Garci\u0301a-Ascencio.jpeg","jetpack_sharing_enabled":true,"_links":{"self":[{"href":"https:\/\/ovelanalista.com\/index.php?rest_route=\/wp\/v2\/posts\/63716","targetHints":{"allow":["GET"]}}],"collection":[{"href":"https:\/\/ovelanalista.com\/index.php?rest_route=\/wp\/v2\/posts"}],"about":[{"href":"https:\/\/ovelanalista.com\/index.php?rest_route=\/wp\/v2\/types\/post"}],"author":[{"embeddable":true,"href":"https:\/\/ovelanalista.com\/index.php?rest_route=\/wp\/v2\/users\/3"}],"replies":[{"embeddable":true,"href":"https:\/\/ovelanalista.com\/index.php?rest_route=%2Fwp%2Fv2%2Fcomments&post=63716"}],"version-history":[{"count":1,"href":"https:\/\/ovelanalista.com\/index.php?rest_route=\/wp\/v2\/posts\/63716\/revisions"}],"predecessor-version":[{"id":63718,"href":"https:\/\/ovelanalista.com\/index.php?rest_route=\/wp\/v2\/posts\/63716\/revisions\/63718"}],"wp:featuredmedia":[{"embeddable":true,"href":"https:\/\/ovelanalista.com\/index.php?rest_route=\/wp\/v2\/media\/63717"}],"wp:attachment":[{"href":"https:\/\/ovelanalista.com\/index.php?rest_route=%2Fwp%2Fv2%2Fmedia&parent=63716"}],"wp:term":[{"taxonomy":"category","embeddable":true,"href":"https:\/\/ovelanalista.com\/index.php?rest_route=%2Fwp%2Fv2%2Fcategories&post=63716"},{"taxonomy":"post_tag","embeddable":true,"href":"https:\/\/ovelanalista.com\/index.php?rest_route=%2Fwp%2Fv2%2Ftags&post=63716"}],"curies":[{"name":"wp","href":"https:\/\/api.w.org\/{rel}","templated":true}]}}