{"id":63728,"date":"2022-12-13T14:00:49","date_gmt":"2022-12-13T21:00:49","guid":{"rendered":"https:\/\/ovelanalista.com\/?p=63728"},"modified":"2022-12-13T13:47:35","modified_gmt":"2022-12-13T20:47:35","slug":"relaciones-con-peru-estan-en-pausa-por-situacion-politica-compleja-senala-ebrard","status":"publish","type":"post","link":"https:\/\/ovelanalista.com\/?p=63728","title":{"rendered":"Relaciones con Per\u00fa est\u00e1n &#8220;en pausa&#8221;, por situaci\u00f3n pol\u00edtica compleja, se\u00f1ala Ebrard"},"content":{"rendered":"<p>El canciller Marcelo Ebrard detall\u00f3 que M\u00e9xico mantiene su embajada con todos los servicios que contempla.<\/p>\n<p>La relaci\u00f3n con\u00a0<strong>Per\u00fa<\/strong>\u00a0est\u00e1 en<strong>\u00a0&#8220;pausa&#8221;\u00a0<\/strong>porque hay una\u00a0<strong>situaci\u00f3n pol\u00edtica compleja<\/strong>\u00a0en la que se desconoce qu\u00e9 va a suceder, se\u00f1al\u00f3 el\u00a0<strong>canciller Marcelo Ebrard<\/strong>.<\/p>\n<p>&#8220;Pausa quiere decir que hay una serie de acontecimientos que no sabemos qu\u00e9 resultados vayan a tener all\u00e1&#8221;, explic\u00f3 el canciller.<\/p>\n<p>Esto, luego de que el\u00a0<strong>presidente Andr\u00e9s Manuel L\u00f3pez Obrador\u00a0<\/strong>dijo que las relaciones con Per\u00fa est\u00e1n &#8220;en pausa&#8221;, tras la destituci\u00f3n de Pedro Castillo, a quien a\u00fan considera Presidente.<\/p>\n<p>En un encuentro con medios de comunicaci\u00f3n, el funcionario reconoci\u00f3 que han recibido algunas llamadas de la Canciller\u00eda de Per\u00fa tras estas declaraciones, pero dijo que son entendibles.<\/p>\n<p>Sin embarg\u00f3, aclar\u00f3 que M\u00e9xico mantiene su embajada con todos los servicios que contempla.<\/p>\n<p>Adem\u00e1s, puntualiz\u00f3 que M\u00e9xico no reconoce o deja de reconocer a otros gobiernos.<\/p>\n<p>En tanto, Ebrard Casaubon dijo que, junto con pa\u00edses como Colombia, Argentina y Bolivia, est\u00e1n preocupados por los derechos de Pedro Castillo, como suscribieron en un comunicado.<\/p>\n<p>&nbsp;<\/p>\n<p>Con informaci\u00f3n de El Universal<\/p>\n","protected":false},"excerpt":{"rendered":"<p>El canciller Marcelo Ebrard detall\u00f3 que M\u00e9xico mantiene su embajada con todos los servicios que contempla. La relaci\u00f3n con\u00a0Per\u00fa\u00a0est\u00e1 en\u00a0&#8220;pausa&#8221;\u00a0porque hay una\u00a0situaci\u00f3n pol\u00edtica compleja\u00a0en la que se desconoce qu\u00e9 va a suceder, se\u00f1al\u00f3 el\u00a0canciller Marcelo Ebrard. &#8220;Pausa quiere decir que hay una serie de acontecimientos que no sabemos qu\u00e9 resultados vayan a tener all\u00e1&#8221;, explic\u00f3 el canciller. Esto, luego de que el\u00a0presidente Andr\u00e9s Manuel L\u00f3pez Obrador\u00a0dijo que las relaciones con Per\u00fa est\u00e1n &#8220;en pausa&#8221;, tras la destituci\u00f3n de Pedro Castillo, a quien a\u00fan considera Presidente. En un encuentro con medios de comunicaci\u00f3n, el funcionario reconoci\u00f3 que han recibido algunas llamadas [&hellip;]<\/p>\n","protected":false},"author":3,"featured_media":63729,"comment_status":"open","ping_status":"open","sticky":false,"template":"","format":"standard","meta":{"_jetpack_newsletter_access":"","_jetpack_dont_email_post_to_subs":false,"_jetpack_newsletter_tier_id":0,"_jetpack_memberships_contains_paywalled_content":false,"_jetpack_feature_clip_id":0,"_jetpack_memberships_contains_paid_content":false,"footnotes":"","jetpack_publicize_message":"","jetpack_publicize_feature_enabled":true,"jetpack_social_post_already_shared":true,"jetpack_social_options":{"image_generator_settings":{"template":"highway","default_image_id":0,"font":"","enabled":false},"version":2},"jetpack_post_was_ever_published":false},"categories":[75,72],"tags":[],"class_list":["post-63728","post","type-post","status-publish","format-standard","has-post-thumbnail","hentry","category-nacional","category-portada","post--single"],"jetpack_publicize_connections":[],"jetpack_featured_media_url":"https:\/\/ovelanalista.com\/wp-content\/uploads\/2022\/12\/Ebrard.webp","jetpack_sharing_enabled":true,"_links":{"self":[{"href":"https:\/\/ovelanalista.com\/index.php?rest_route=\/wp\/v2\/posts\/63728","targetHints":{"allow":["GET"]}}],"collection":[{"href":"https:\/\/ovelanalista.com\/index.php?rest_route=\/wp\/v2\/posts"}],"about":[{"href":"https:\/\/ovelanalista.com\/index.php?rest_route=\/wp\/v2\/types\/post"}],"author":[{"embeddable":true,"href":"https:\/\/ovelanalista.com\/index.php?rest_route=\/wp\/v2\/users\/3"}],"replies":[{"embeddable":true,"href":"https:\/\/ovelanalista.com\/index.php?rest_route=%2Fwp%2Fv2%2Fcomments&post=63728"}],"version-history":[{"count":1,"href":"https:\/\/ovelanalista.com\/index.php?rest_route=\/wp\/v2\/posts\/63728\/revisions"}],"predecessor-version":[{"id":63730,"href":"https:\/\/ovelanalista.com\/index.php?rest_route=\/wp\/v2\/posts\/63728\/revisions\/63730"}],"wp:featuredmedia":[{"embeddable":true,"href":"https:\/\/ovelanalista.com\/index.php?rest_route=\/wp\/v2\/media\/63729"}],"wp:attachment":[{"href":"https:\/\/ovelanalista.com\/index.php?rest_route=%2Fwp%2Fv2%2Fmedia&parent=63728"}],"wp:term":[{"taxonomy":"category","embeddable":true,"href":"https:\/\/ovelanalista.com\/index.php?rest_route=%2Fwp%2Fv2%2Fcategories&post=63728"},{"taxonomy":"post_tag","embeddable":true,"href":"https:\/\/ovelanalista.com\/index.php?rest_route=%2Fwp%2Fv2%2Ftags&post=63728"}],"curies":[{"name":"wp","href":"https:\/\/api.w.org\/{rel}","templated":true}]}}