{"id":63731,"date":"2022-12-13T14:10:01","date_gmt":"2022-12-13T21:10:01","guid":{"rendered":"https:\/\/ovelanalista.com\/?p=63731"},"modified":"2022-12-13T13:55:53","modified_gmt":"2022-12-13T20:55:53","slug":"senado-da-primera-lectura-a-plan-b-de-reforma-electoral-que-se-votara-este-miercoles","status":"publish","type":"post","link":"https:\/\/ovelanalista.com\/?p=63731","title":{"rendered":"Senado da primera lectura a Plan B de reforma electoral que se votar\u00e1 este mi\u00e9rcoles"},"content":{"rendered":"<p>La senadora de Morena, Ver\u00f3nica Camino, inform\u00f3 que se sesion\u00f3 de forma dividida porque la oposici\u00f3n no quiso hacer qu\u00f3rum.<\/p>\n<div class=\"publicidadnueva dfp-contenedor-imagen\">\n<p>El pleno del Senado de la Rep\u00fablica realiz\u00f3 la\u00a0<strong>primera lectura<\/strong>\u00a0al dictamen de la reforma del llamado\u00a0<a href=\"https:\/\/www.eluniversal.com.mx\/tag\/reforma-electoral\" target=\"_blank\" rel=\"noopener\"><strong>\u201cPlan B\u201d de reforma electoral<\/strong><\/a>, por lo que se contempla que en la sesi\u00f3n de ma\u00f1ana mi\u00e9rcoles se discuta y su caso se apruebe el proyecto presidencial.<\/p>\n<p>Al iniciar la sesi\u00f3n ordinaria, la vicepresidenta del Senado, Ana Lilia Rivera, inform\u00f3 al pleno del tr\u00e1mite correspondiente, ello a pesar de los argumentos de senadores del PAN en el sentido de que se violent\u00f3 el reglamento porque no sesionaron de forma conjunta las comisiones dictaminadoras, ni tampoco se recibi\u00f3 la opini\u00f3n de la Comisi\u00f3n de Justicia.<\/p>\n<p>Desde su esca\u00f1o, el senador del PAN, Jos\u00e9 Alfredo Botello, solicit\u00f3 que no se diera el tr\u00e1mite de primera lectura al argumentar que las comisiones de Gobernaci\u00f3n y Estudios Legislativos Segunda\u00a0<strong>no sesionaron de forma conjunta<\/strong>\u00a0como marca el Reglamento del Senado, ni tampoco se pidi\u00f3 opini\u00f3n a la Comisi\u00f3n de Justicia.<\/p>\n<p>La senadora de Morena, Ver\u00f3nica Camino, inform\u00f3 que se sesion\u00f3 de forma\u00a0<strong>dividida porque la oposici\u00f3n\u00a0<\/strong>no quiso hacer qu\u00f3rum, por lo que se aprob\u00f3 el dictamen de forma correcta y \u201choy en la ma\u00f1ana en reuni\u00f3n de la Mesa Directiva quedo claro que el proceso est\u00e1 apegado al reglamento\u201d.<\/p>\n<h2>\u00bfQu\u00e9 establece el dictamen?<\/h2>\n<p>El llamado \u201cPlan B\u201d de reforma electoral plantea cambios a la Ley General de Instituciones y Procedimientos Electorales, de la Ley General de Partidos Pol\u00edticos, de la Ley Org\u00e1nica del Poder Judicial de la Federaci\u00f3n y se expide la Ley General de los Medios de Impugnaci\u00f3n en Materia Electoral.<\/p>\n<p>En el documento de<strong>\u00a0231 cuartillas\u00a0<\/strong>que se prev\u00e9 debatir y en su caso aprobar este mi\u00e9rcoles se incluye la propuesta de modificar la estructura del\u00a0<a href=\"https:\/\/www.eluniversal.com.mx\/tag\/ine\" target=\"_blank\" rel=\"noopener\"><strong>Instituto Nacional Electoral\u00a0<\/strong><\/a>(INE), vulnerar la permanencia de sus \u00f3rganos desconcentrados y del Servicio Profesional Nacional Electoral; recortar su gasto y funciones, afectar su autonom\u00eda presupuestal y poner en riesgo la expedici\u00f3n de la credencial, la organizaci\u00f3n de comicios.<\/p>\n<\/div>\n<p>&nbsp;<\/p>\n<p><em>Con informaci\u00f3n de\u00a0V\u00edctor Gamboa<\/em><\/p>\n<div><\/div>\n","protected":false},"excerpt":{"rendered":"<p>La senadora de Morena, Ver\u00f3nica Camino, inform\u00f3 que se sesion\u00f3 de forma dividida porque la oposici\u00f3n no quiso hacer qu\u00f3rum. El pleno del Senado de la Rep\u00fablica realiz\u00f3 la\u00a0primera lectura\u00a0al dictamen de la reforma del llamado\u00a0\u201cPlan B\u201d de reforma electoral, por lo que se contempla que en la sesi\u00f3n de ma\u00f1ana mi\u00e9rcoles se discuta y su caso se apruebe el proyecto presidencial. Al iniciar la sesi\u00f3n ordinaria, la vicepresidenta del Senado, Ana Lilia Rivera, inform\u00f3 al pleno del tr\u00e1mite correspondiente, ello a pesar de los argumentos de senadores del PAN en el sentido de que se violent\u00f3 el reglamento porque [&hellip;]<\/p>\n","protected":false},"author":3,"featured_media":63732,"comment_status":"open","ping_status":"open","sticky":false,"template":"","format":"standard","meta":{"_jetpack_newsletter_access":"","_jetpack_dont_email_post_to_subs":false,"_jetpack_newsletter_tier_id":0,"_jetpack_memberships_contains_paywalled_content":false,"_jetpack_feature_clip_id":0,"_jetpack_memberships_contains_paid_content":false,"footnotes":"","jetpack_publicize_message":"","jetpack_publicize_feature_enabled":true,"jetpack_social_post_already_shared":true,"jetpack_social_options":{"image_generator_settings":{"template":"highway","default_image_id":0,"font":"","enabled":false},"version":2},"jetpack_post_was_ever_published":false},"categories":[75,72],"tags":[],"class_list":["post-63731","post","type-post","status-publish","format-standard","has-post-thumbnail","hentry","category-nacional","category-portada","post--single"],"jetpack_publicize_connections":[],"jetpack_featured_media_url":"https:\/\/ovelanalista.com\/wp-content\/uploads\/2022\/12\/senado-primera-lectura-.webp","jetpack_sharing_enabled":true,"_links":{"self":[{"href":"https:\/\/ovelanalista.com\/index.php?rest_route=\/wp\/v2\/posts\/63731","targetHints":{"allow":["GET"]}}],"collection":[{"href":"https:\/\/ovelanalista.com\/index.php?rest_route=\/wp\/v2\/posts"}],"about":[{"href":"https:\/\/ovelanalista.com\/index.php?rest_route=\/wp\/v2\/types\/post"}],"author":[{"embeddable":true,"href":"https:\/\/ovelanalista.com\/index.php?rest_route=\/wp\/v2\/users\/3"}],"replies":[{"embeddable":true,"href":"https:\/\/ovelanalista.com\/index.php?rest_route=%2Fwp%2Fv2%2Fcomments&post=63731"}],"version-history":[{"count":1,"href":"https:\/\/ovelanalista.com\/index.php?rest_route=\/wp\/v2\/posts\/63731\/revisions"}],"predecessor-version":[{"id":63733,"href":"https:\/\/ovelanalista.com\/index.php?rest_route=\/wp\/v2\/posts\/63731\/revisions\/63733"}],"wp:featuredmedia":[{"embeddable":true,"href":"https:\/\/ovelanalista.com\/index.php?rest_route=\/wp\/v2\/media\/63732"}],"wp:attachment":[{"href":"https:\/\/ovelanalista.com\/index.php?rest_route=%2Fwp%2Fv2%2Fmedia&parent=63731"}],"wp:term":[{"taxonomy":"category","embeddable":true,"href":"https:\/\/ovelanalista.com\/index.php?rest_route=%2Fwp%2Fv2%2Fcategories&post=63731"},{"taxonomy":"post_tag","embeddable":true,"href":"https:\/\/ovelanalista.com\/index.php?rest_route=%2Fwp%2Fv2%2Ftags&post=63731"}],"curies":[{"name":"wp","href":"https:\/\/api.w.org\/{rel}","templated":true}]}}