{"id":63734,"date":"2022-12-13T14:20:05","date_gmt":"2022-12-13T21:20:05","guid":{"rendered":"https:\/\/ovelanalista.com\/?p=63734"},"modified":"2022-12-13T13:58:00","modified_gmt":"2022-12-13T20:58:00","slug":"monreal-se-debe-definir-si-esta-del-lado-de-la-democracia-o-del-autoritarismo-claudio-x-gonzalez","status":"publish","type":"post","link":"https:\/\/ovelanalista.com\/?p=63734","title":{"rendered":"Monreal se debe definir si est\u00e1 del lado de la democracia o del autoritarismo: Claudio X Gonz\u00e1lez"},"content":{"rendered":"<p>El empresario emplaz\u00f3 al coordinador de Morena en el Senado a definir su postura en torno al llamado Plan B de reforma electoral del presidente L\u00f3pez Obrador.<\/p>\n<p><strong>Claudio X Gonz\u00e1lez<\/strong>\u00a0emplaz\u00f3 al coordinador de Morena en el Senado,\u00a0<strong>Ricardo Monreal,<\/strong>\u00a0a definir su postura en torno al llamado\u00a0<strong>Plan B<\/strong>\u00a0de<a href=\"https:\/\/www.eluniversal.com.mx\/tag\/reforma-electoral\" target=\"_blank\" rel=\"noopener\"><strong>\u00a0reforma electoral<\/strong><\/a>\u00a0del\u00a0<a href=\"https:\/\/www.eluniversal.com.mx\/tag\/amlo\" target=\"_blank\" rel=\"noopener\"><strong>presidente Andr\u00e9s Manuel L\u00f3pez Obrador<\/strong><\/a>\u00a0y decidir si est\u00e1 del lado de democracia o del autoritarismo.<\/p>\n<p>En rueda de prensa acompa\u00f1ado de organizaciones de la sociedad civil que se oponen a la reforma electoral que afecta al INE, as\u00ed como de senadores del PAN, PRI y Grupo Plural, dijo que hay que \u201chay gente que quiere quedar bien con tirios y troyanos y est\u00e1n quedando mal por lo menos con la ciudadan\u00eda\u201d.<\/p>\n<p>En la sede del Senado, luego de que por varias horas polic\u00edas de la Ciudad de M\u00e9xico les imped\u00edan pasar las vallas met\u00e1licas que colocaron, subray\u00f3 que est\u00e1n esperando la respuesta del senador Monreal para ver de qu\u00e9 lado est\u00e1.<\/p>\n<p>\u201cPero as\u00ed es este juego: democracia o autoritarismo. Se tiene que definir el senador Monreal. Ojal\u00e1 que sea un dem\u00f3crata\u201d, indic\u00f3 y rechaz\u00f3 que su participaci\u00f3n en estas movilizaciones en defensa del INE tenga al prop\u00f3sito personal de cara al 2024.<\/p>\n<p>\u201cTengo una agenda pa\u00eds. Mi partido, porque no soy miembro ni del PRI, ni del PAN, ni del PRD, ni de Movimiento Ciudadano. Mi partido se llama M\u00e9xico\u201d, respondi\u00f3 ante los cuestionamientos el l\u00edder del colectivo \u201cUnidos\u201d.<\/p>\n<p>Por su parte, la senadora del PRI, Claudia Ruiz Massieu, dijo que no se trata de defender proyectos personales, sin la defensa de la democracia junto con organizaciones sociales. \u201cNadie quiere un retroceso autoritario y eso es lo que est\u00e1n haciendo. Se vive en democracia o se vive bajo un sistema autoritario, con estas leyes que van a votar los de morena lo que quieren hacer es darle un golpe a la democracia y un golpe al avance democr\u00e1tico\u201d.<\/p>\n<p>Expuso que eso es lo que hoy quieren debilitar los oficialistas de Morena y de sus partidos sat\u00e9lite. \u201cHaremos todo lo que est\u00e9 en nuestra mano como senadores, como ciudadanos y como mexicanos que creemos en la democracia, sino para impedirlo, por lo menos para para visibilizarlo y para que la gente, la ciudadan\u00eda les cobra la factura a los que van a ser responsables de este golpe a la democracia\u201d.<\/p>\n<p>La senadora Lily T\u00e9llez, exhort\u00f3 a la Jefa de Gobierno, Claudia Sheinbaum, a retirar a los grupos de polic\u00edas y granaderos que est\u00e1n impidiendo las manifestaciones de cientos de ciudadanos que se oponen a la reforma electoral del presidente L\u00f3pez Obrador.<\/p>\n<p>\u201cClaudia Sheinbaum te exijo que limpies las calles de las fuerzas armadas que tienen rodeadas al Senado. Vete por los delincuentes no por los ciudadanos de bien que tienen el derecho de estar en este Senado\u201d, apunt\u00f3.<\/p>\n<p>&nbsp;<\/p>\n<p>Con informaci\u00f3n de El Universal<\/p>\n<div class=\"dfp-tag-wrapperNew\"><\/div>\n","protected":false},"excerpt":{"rendered":"<p>El empresario emplaz\u00f3 al coordinador de Morena en el Senado a definir su postura en torno al llamado Plan B de reforma electoral del presidente L\u00f3pez Obrador. Claudio X Gonz\u00e1lez\u00a0emplaz\u00f3 al coordinador de Morena en el Senado,\u00a0Ricardo Monreal,\u00a0a definir su postura en torno al llamado\u00a0Plan B\u00a0de\u00a0reforma electoral\u00a0del\u00a0presidente Andr\u00e9s Manuel L\u00f3pez Obrador\u00a0y decidir si est\u00e1 del lado de democracia o del autoritarismo. En rueda de prensa acompa\u00f1ado de organizaciones de la sociedad civil que se oponen a la reforma electoral que afecta al INE, as\u00ed como de senadores del PAN, PRI y Grupo Plural, dijo que hay que \u201chay gente que [&hellip;]<\/p>\n","protected":false},"author":3,"featured_media":63735,"comment_status":"open","ping_status":"open","sticky":false,"template":"","format":"standard","meta":{"_jetpack_newsletter_access":"","_jetpack_dont_email_post_to_subs":false,"_jetpack_newsletter_tier_id":0,"_jetpack_memberships_contains_paywalled_content":false,"_jetpack_feature_clip_id":0,"_jetpack_memberships_contains_paid_content":false,"footnotes":"","jetpack_publicize_message":"","jetpack_publicize_feature_enabled":true,"jetpack_social_post_already_shared":true,"jetpack_social_options":{"image_generator_settings":{"template":"highway","default_image_id":0,"font":"","enabled":false},"version":2},"jetpack_post_was_ever_published":false},"categories":[75,72],"tags":[],"class_list":["post-63734","post","type-post","status-publish","format-standard","has-post-thumbnail","hentry","category-nacional","category-portada","post--single"],"jetpack_publicize_connections":[],"jetpack_featured_media_url":"https:\/\/ovelanalista.com\/wp-content\/uploads\/2022\/12\/MONREAL-1.webp","jetpack_sharing_enabled":true,"_links":{"self":[{"href":"https:\/\/ovelanalista.com\/index.php?rest_route=\/wp\/v2\/posts\/63734","targetHints":{"allow":["GET"]}}],"collection":[{"href":"https:\/\/ovelanalista.com\/index.php?rest_route=\/wp\/v2\/posts"}],"about":[{"href":"https:\/\/ovelanalista.com\/index.php?rest_route=\/wp\/v2\/types\/post"}],"author":[{"embeddable":true,"href":"https:\/\/ovelanalista.com\/index.php?rest_route=\/wp\/v2\/users\/3"}],"replies":[{"embeddable":true,"href":"https:\/\/ovelanalista.com\/index.php?rest_route=%2Fwp%2Fv2%2Fcomments&post=63734"}],"version-history":[{"count":1,"href":"https:\/\/ovelanalista.com\/index.php?rest_route=\/wp\/v2\/posts\/63734\/revisions"}],"predecessor-version":[{"id":63736,"href":"https:\/\/ovelanalista.com\/index.php?rest_route=\/wp\/v2\/posts\/63734\/revisions\/63736"}],"wp:featuredmedia":[{"embeddable":true,"href":"https:\/\/ovelanalista.com\/index.php?rest_route=\/wp\/v2\/media\/63735"}],"wp:attachment":[{"href":"https:\/\/ovelanalista.com\/index.php?rest_route=%2Fwp%2Fv2%2Fmedia&parent=63734"}],"wp:term":[{"taxonomy":"category","embeddable":true,"href":"https:\/\/ovelanalista.com\/index.php?rest_route=%2Fwp%2Fv2%2Fcategories&post=63734"},{"taxonomy":"post_tag","embeddable":true,"href":"https:\/\/ovelanalista.com\/index.php?rest_route=%2Fwp%2Fv2%2Ftags&post=63734"}],"curies":[{"name":"wp","href":"https:\/\/api.w.org\/{rel}","templated":true}]}}