{"id":64591,"date":"2022-12-20T11:30:49","date_gmt":"2022-12-20T18:30:49","guid":{"rendered":"https:\/\/ovelanalista.com\/?p=64591"},"modified":"2022-12-20T10:19:43","modified_gmt":"2022-12-20T17:19:43","slug":"amlo-se-reune-con-gobernadores-en-palacio-nacional-acude-nuevo-mandatario-de-puebla","status":"publish","type":"post","link":"https:\/\/ovelanalista.com\/?p=64591","title":{"rendered":"AMLO se re\u00fane con gobernadores en Palacio Nacional; acude nuevo mandatario de Puebla"},"content":{"rendered":"<h2 class=\"h2\">La reuni\u00f3n es para analizar el avance de la construcci\u00f3n de las sucursales del Banco del Bienestar.<\/h2>\n<p>El presidente Andr\u00e9s Manuel L\u00f3pez Obrador se re\u00fane en Palacio Nacional con gobernadores.<\/p>\n<p>Al recinto hist\u00f3rico han llegado hasta ahora los gobernadores emanados de su partido, Morena, entre ellos el nuevo gobernador de Puebla,\u00a0<strong>Sergio Salom\u00f3n<\/strong>;\u00a0<strong>Mara Lezama<\/strong>, de Quintana Roo;\u00a0<strong>Cuitl\u00e1huac Garc\u00eda<\/strong>, de Veracruz; de Chiapas,\u00a0<strong>Rutilio Escand\u00f3n<\/strong>; y\u00a0<strong>Evelyn Salgado<\/strong>, de Guerrero.<\/p>\n<p>Al recinto tambi\u00e9n han llegado Alfonso Durazo, de Sonora; Am\u00e9rico Villarreal, de Tamaulipas, Salom\u00f3n Jara, de Oaxaca y Alfredo Ram\u00edrez Bedolla, de Michoac\u00e1n.<\/p>\n<p>L\u00f3pez Obrador convoca a gobernadores a Palacio Nacional. Acudieron el nuevo gobernador de Puebla, Sergio Salom\u00f3n; Mara Lezama, de Quintana Roo; Cuitlahuac Garc\u00eda, de Veracruz; de Chiapas Rutilio Escand\u00f3n; y Evelyn Salgado, de Guerrero, entre otros<\/p>\n<p>Adem\u00e1s han llegado Ad\u00e1n Augusto L\u00f3pez Hern\u00e1ndez, titula de Gobernaci\u00f3n (SEGOB); Manuel Bartlett, director de CFE; Margarita Gonz\u00e1lez Saravia Calder\u00f3n, directora de Loter\u00eda Nacional.<\/p>\n<div>\n<div id=\"dfp-ad-eluniversal_com_mx_responsive_box_interarticle_3-wrapper\" class=\"dfp-tag-wrapperNew\">\n<div>\n<p>Igualmente los panistas Diego Sinhu\u00e9, de Guanajuato y Mauricio Kuri, de Quer\u00e9taro, Mauricio Vila de Yucat\u00e1n y el aliancista\u00a0Esteban Villegas, de Durango.<\/p>\n<\/div>\n<\/div>\n<\/div>\n<p>&nbsp;<\/p>\n<p>Con informaci\u00f3n de El Universal<\/p>\n<div class=\"publicidadnueva dfp-contenedor-imagen\">\n<div id=\"dfp-ad-eluniversal_com_mx_responsive_top-wrapper\" class=\"dfp-tag-wrapperNew\"><\/div>\n<\/div>\n","protected":false},"excerpt":{"rendered":"<p>La reuni\u00f3n es para analizar el avance de la construcci\u00f3n de las sucursales del Banco del Bienestar. El presidente Andr\u00e9s Manuel L\u00f3pez Obrador se re\u00fane en Palacio Nacional con gobernadores. Al recinto hist\u00f3rico han llegado hasta ahora los gobernadores emanados de su partido, Morena, entre ellos el nuevo gobernador de Puebla,\u00a0Sergio Salom\u00f3n;\u00a0Mara Lezama, de Quintana Roo;\u00a0Cuitl\u00e1huac Garc\u00eda, de Veracruz; de Chiapas,\u00a0Rutilio Escand\u00f3n; y\u00a0Evelyn Salgado, de Guerrero. Al recinto tambi\u00e9n han llegado Alfonso Durazo, de Sonora; Am\u00e9rico Villarreal, de Tamaulipas, Salom\u00f3n Jara, de Oaxaca y Alfredo Ram\u00edrez Bedolla, de Michoac\u00e1n. L\u00f3pez Obrador convoca a gobernadores a Palacio Nacional. Acudieron el nuevo [&hellip;]<\/p>\n","protected":false},"author":3,"featured_media":64592,"comment_status":"open","ping_status":"open","sticky":false,"template":"","format":"standard","meta":{"_jetpack_newsletter_access":"","_jetpack_dont_email_post_to_subs":false,"_jetpack_newsletter_tier_id":0,"_jetpack_memberships_contains_paywalled_content":false,"_jetpack_feature_clip_id":0,"_jetpack_memberships_contains_paid_content":false,"footnotes":"","jetpack_publicize_message":"","jetpack_publicize_feature_enabled":true,"jetpack_social_post_already_shared":true,"jetpack_social_options":{"image_generator_settings":{"template":"highway","default_image_id":0,"font":"","enabled":false},"version":2},"jetpack_post_was_ever_published":false},"categories":[75,72],"tags":[],"class_list":["post-64591","post","type-post","status-publish","format-standard","has-post-thumbnail","hentry","category-nacional","category-portada","post--single"],"jetpack_publicize_connections":[],"jetpack_featured_media_url":"https:\/\/ovelanalista.com\/wp-content\/uploads\/2022\/12\/palacio_nacional_gobernadores.jpeg","jetpack_sharing_enabled":true,"_links":{"self":[{"href":"https:\/\/ovelanalista.com\/index.php?rest_route=\/wp\/v2\/posts\/64591","targetHints":{"allow":["GET"]}}],"collection":[{"href":"https:\/\/ovelanalista.com\/index.php?rest_route=\/wp\/v2\/posts"}],"about":[{"href":"https:\/\/ovelanalista.com\/index.php?rest_route=\/wp\/v2\/types\/post"}],"author":[{"embeddable":true,"href":"https:\/\/ovelanalista.com\/index.php?rest_route=\/wp\/v2\/users\/3"}],"replies":[{"embeddable":true,"href":"https:\/\/ovelanalista.com\/index.php?rest_route=%2Fwp%2Fv2%2Fcomments&post=64591"}],"version-history":[{"count":1,"href":"https:\/\/ovelanalista.com\/index.php?rest_route=\/wp\/v2\/posts\/64591\/revisions"}],"predecessor-version":[{"id":64593,"href":"https:\/\/ovelanalista.com\/index.php?rest_route=\/wp\/v2\/posts\/64591\/revisions\/64593"}],"wp:featuredmedia":[{"embeddable":true,"href":"https:\/\/ovelanalista.com\/index.php?rest_route=\/wp\/v2\/media\/64592"}],"wp:attachment":[{"href":"https:\/\/ovelanalista.com\/index.php?rest_route=%2Fwp%2Fv2%2Fmedia&parent=64591"}],"wp:term":[{"taxonomy":"category","embeddable":true,"href":"https:\/\/ovelanalista.com\/index.php?rest_route=%2Fwp%2Fv2%2Fcategories&post=64591"},{"taxonomy":"post_tag","embeddable":true,"href":"https:\/\/ovelanalista.com\/index.php?rest_route=%2Fwp%2Fv2%2Ftags&post=64591"}],"curies":[{"name":"wp","href":"https:\/\/api.w.org\/{rel}","templated":true}]}}