{"id":64597,"date":"2022-12-20T12:20:12","date_gmt":"2022-12-20T19:20:12","guid":{"rendered":"https:\/\/ovelanalista.com\/?p=64597"},"modified":"2022-12-20T12:15:46","modified_gmt":"2022-12-20T19:15:46","slug":"pri-reforma-estatuto-que-permite-a-alito-moreno-dirigir-el-partido-hasta-2024-osorio-chong-anuncia-impugnacion","status":"publish","type":"post","link":"https:\/\/ovelanalista.com\/?p=64597","title":{"rendered":"PRI reforma estatuto que permite a \u2018Alito\u2019 Moreno dirigir el partido hasta 2024; Osorio Chong anuncia impugnaci\u00f3n"},"content":{"rendered":"<p data-t=\"{&quot;n&quot;:&quot;blueLinks&quot;}\">El Consejo Pol\u00edtico Nacional del Partido Revolucionario Institucional\u00a0<strong>(PRI)<\/strong>\u00a0aprob\u00f3 reformas estatutarias que permitir\u00e1n a\u00a0<strong>Alejandro Moreno C\u00e1rdenas\u00a0<\/strong>(Alito),\u00a0prolongar su gesti\u00f3n como presidente del partido<strong>\u00a0hasta 2024.<\/strong><\/p>\n<div class=\"article-image-container\" data-t=\"{&quot;n&quot;:&quot;OpenModal&quot;,&quot;t&quot;:13}\">Moreno C\u00e1rdenas deber\u00eda concluir su mandato en agosto del 2023, pero con esta reforma extender\u00e1 su presidencia tres meses m\u00e1s.<\/div>\n<div data-t=\"{&quot;n&quot;:&quot;OpenModal&quot;,&quot;t&quot;:13}\"><\/div>\n<div data-t=\"{&quot;n&quot;:&quot;OpenModal&quot;,&quot;t&quot;:13}\">\n<p data-t=\"{&quot;n&quot;:&quot;blueLinks&quot;}\">\u201cCon 458 votos a favor y 0 en contra, se aprueban las diversas disposiciones para adecuar nuestro marco normativo para armonizarlos con el marco jur\u00eddico electoral y para el fortalecimiento de la organizaci\u00f3n de nuestro Partido. \u00a1El PRI se fortalece ante los grandes retos!\u201d, dijo Moreno.<\/p>\n<div class=\"article-clear-div\"><\/div>\n<div class=\"twitter-slot\"><\/div>\n<p data-t=\"{&quot;n&quot;:&quot;blueLinks&quot;}\">El senador\u00a0<strong>Miguel \u00c1ngel Osorio Chong<\/strong>\u00a0acus\u00f3 que en una reuni\u00f3n a puerta cerrada, el Consejo Pol\u00edtico Nacional del partido modific\u00f3 el Art\u00edculo 83, fracci\u00f3n 37 de los estatutos.<\/p>\n<p data-t=\"{&quot;n&quot;:&quot;blueLinks&quot;}\">\u201cHace unos meses, Alejandro Moreno asegur\u00f3 a expresidentes y a la militancia que no buscar\u00eda prorrogar su dirigencia; hoy convoc\u00f3 al Consejo Pol\u00edtico Nacional para hacer lo contrario, modificando el Art. 83, fr. 37 de los estatutos\u201d, escribi\u00f3 en su cuenta de Twitter.<\/p>\n<p data-t=\"{&quot;n&quot;:&quot;blueLinks&quot;}\">El extitular de Gobernaci\u00f3n advirti\u00f3 que acudir\u00e1 a las instancias correspondientes para<strong>\u00a0impugnar el cambio.<\/strong><\/p>\n<p class=\"continue-read-break\" data-t=\"{&quot;n&quot;:&quot;blueLinks&quot;}\">Osorio Chong hizo un llamado a las y los priistas a alzar la voz contra de este \u201catropello\u201d, y pidi\u00f3 rescatar y reconstruir al PRI como el partido plural, democr\u00e1tico y abierto que requiere M\u00e9xico.<\/p>\n<blockquote class=\"twitter-tweet\" data-width=\"550\" data-dnt=\"true\">\n<p lang=\"es\" dir=\"ltr\">Hago un llamado a las y los priistas a alzar la voz contra este atropello. Y a que, todas y todos, rescatemos y reconstruyamos al PRI como el partido plural, democr\u00e1tico y abierto que requiere nuestro pa\u00eds.<\/p>\n<p>&mdash; Miguel \u00c1ngel Osorio Chong (@osoriochong) <a href=\"https:\/\/twitter.com\/osoriochong\/status\/1604987217394683904?ref_src=twsrc%5Etfw\">December 19, 2022<\/a><\/p><\/blockquote>\n<p><script async src=\"https:\/\/platform.twitter.com\/widgets.js\" charset=\"utf-8\"><\/script><\/p>\n<p data-t=\"{&quot;n&quot;:&quot;blueLinks&quot;}\">En tanto, la senadora Claudia Ruiz Massieu\u00a0se\u00f1al\u00f3 que la base para que el PRI recupere la confianza de los electores es la congruencia,\u00a0<strong>\u201cno reformas a la medida del dirigente\u201d<\/strong><\/p>\n<div class=\"article-clear-div\"><\/div>\n<div class=\"twitter-slot\"><\/div>\n<p data-t=\"{&quot;n&quot;:&quot;blueLinks&quot;}\">El partido tambi\u00e9n aval\u00f3 las alianzas con el PAN y el PRD para tener candidatos comunes para las gubernaturas de Coahuila y el Estado de M\u00e9xico el pr\u00f3ximo a\u00f1o.<\/p>\n<div><\/div>\n<div class=\"ap_single_fondea_text\">Con informaci\u00f3n de Animal Pol\u00edtico<\/div>\n<\/div>\n<div class=\"twitter-slot\"><\/div>\n","protected":false},"excerpt":{"rendered":"<p>El Consejo Pol\u00edtico Nacional del Partido Revolucionario Institucional\u00a0(PRI)\u00a0aprob\u00f3 reformas estatutarias que permitir\u00e1n a\u00a0Alejandro Moreno C\u00e1rdenas\u00a0(Alito),\u00a0prolongar su gesti\u00f3n como presidente del partido\u00a0hasta 2024. Moreno C\u00e1rdenas deber\u00eda concluir su mandato en agosto del 2023, pero con esta reforma extender\u00e1 su presidencia tres meses m\u00e1s. \u201cCon 458 votos a favor y 0 en contra, se aprueban las diversas disposiciones para adecuar nuestro marco normativo para armonizarlos con el marco jur\u00eddico electoral y para el fortalecimiento de la organizaci\u00f3n de nuestro Partido. \u00a1El PRI se fortalece ante los grandes retos!\u201d, dijo Moreno. El senador\u00a0Miguel \u00c1ngel Osorio Chong\u00a0acus\u00f3 que en una reuni\u00f3n a puerta cerrada, [&hellip;]<\/p>\n","protected":false},"author":3,"featured_media":64598,"comment_status":"open","ping_status":"open","sticky":false,"template":"","format":"standard","meta":{"_jetpack_newsletter_access":"","_jetpack_dont_email_post_to_subs":false,"_jetpack_newsletter_tier_id":0,"_jetpack_memberships_contains_paywalled_content":false,"_jetpack_feature_clip_id":0,"_jetpack_memberships_contains_paid_content":false,"footnotes":"","jetpack_publicize_message":"","jetpack_publicize_feature_enabled":true,"jetpack_social_post_already_shared":true,"jetpack_social_options":{"image_generator_settings":{"template":"highway","default_image_id":0,"font":"","enabled":false},"version":2},"jetpack_post_was_ever_published":false},"categories":[75,72],"tags":[],"class_list":["post-64597","post","type-post","status-publish","format-standard","has-post-thumbnail","hentry","category-nacional","category-portada","post--single"],"jetpack_publicize_connections":[],"jetpack_featured_media_url":"https:\/\/ovelanalista.com\/wp-content\/uploads\/2022\/12\/Alito.jpeg","jetpack_sharing_enabled":true,"_links":{"self":[{"href":"https:\/\/ovelanalista.com\/index.php?rest_route=\/wp\/v2\/posts\/64597","targetHints":{"allow":["GET"]}}],"collection":[{"href":"https:\/\/ovelanalista.com\/index.php?rest_route=\/wp\/v2\/posts"}],"about":[{"href":"https:\/\/ovelanalista.com\/index.php?rest_route=\/wp\/v2\/types\/post"}],"author":[{"embeddable":true,"href":"https:\/\/ovelanalista.com\/index.php?rest_route=\/wp\/v2\/users\/3"}],"replies":[{"embeddable":true,"href":"https:\/\/ovelanalista.com\/index.php?rest_route=%2Fwp%2Fv2%2Fcomments&post=64597"}],"version-history":[{"count":1,"href":"https:\/\/ovelanalista.com\/index.php?rest_route=\/wp\/v2\/posts\/64597\/revisions"}],"predecessor-version":[{"id":64599,"href":"https:\/\/ovelanalista.com\/index.php?rest_route=\/wp\/v2\/posts\/64597\/revisions\/64599"}],"wp:featuredmedia":[{"embeddable":true,"href":"https:\/\/ovelanalista.com\/index.php?rest_route=\/wp\/v2\/media\/64598"}],"wp:attachment":[{"href":"https:\/\/ovelanalista.com\/index.php?rest_route=%2Fwp%2Fv2%2Fmedia&parent=64597"}],"wp:term":[{"taxonomy":"category","embeddable":true,"href":"https:\/\/ovelanalista.com\/index.php?rest_route=%2Fwp%2Fv2%2Fcategories&post=64597"},{"taxonomy":"post_tag","embeddable":true,"href":"https:\/\/ovelanalista.com\/index.php?rest_route=%2Fwp%2Fv2%2Ftags&post=64597"}],"curies":[{"name":"wp","href":"https:\/\/api.w.org\/{rel}","templated":true}]}}