{"id":64602,"date":"2022-12-20T12:40:36","date_gmt":"2022-12-20T19:40:36","guid":{"rendered":"https:\/\/ovelanalista.com\/?p=64602"},"modified":"2022-12-20T12:22:59","modified_gmt":"2022-12-20T19:22:59","slug":"jalisco-en-alerta-ante-detencion-del-hermano-de-el-mencho","status":"publish","type":"post","link":"https:\/\/ovelanalista.com\/?p=64602","title":{"rendered":"Jalisco en alerta ante detenci\u00f3n del hermano de &#8220;El Mencho&#8221;"},"content":{"rendered":"<p>Jalisco en alerta ante detenci\u00f3n del hermano de &#8220;El Mencho&#8221; Las autoridades de Jalisco permanecen alertas ante los operativos realizados por efectivos del Ej\u00e9rcito Mexicano en distintas zonas de la entidad y por ahora han resultado en la captura del hermano de\u00a0<strong><a tabindex=\"0\" href=\"https:\/\/www.eluniversal.com.mx\/nacion\/detienen-hermano-de-el-mencho-lider-del-cjng\" target=\"_blank\" rel=\"noopener\" data-t=\"{&quot;n&quot;:&quot;destination&quot;,&quot;t&quot;:13,&quot;b&quot;:1,&quot;c.t&quot;:7}\">Nemesio Oseguera Cervantes<\/a><\/strong>\u00a0<strong>\u201cEl Mencho\u201d<\/strong>.<\/p>\n<p data-t=\"{&quot;n&quot;:&quot;blueLinks&quot;}\">El coordinador del gabinete de Seguridad del estado,\u00a0<strong>Ricardo S\u00e1nchez Beruben,<\/strong>\u00a0se\u00f1al\u00f3 que los tres niveles de gobierno permanecen atentas para atender posibles eventualidades que puedan presentarse por estos hechos.<\/p>\n<h2 class=\"article-sub-heading\">Piden mantener la calma<\/h2>\n<p>\u201cDurante la ma\u00f1ana se han registrado reportes a las l\u00edneas de emergencia denunciando supuestos hechos delictivos que, afortunadamente han resultado falsos. \u00danicamente se tiene registro del aparente incendio de tres veh\u00edculos al interior de un negocio de gr\u00faas en el municipio de Encarnaci\u00f3n de Diaz; las autoridades se encuentran en el punto y se realiza la investigaci\u00f3n correspondiente\u201d, se\u00f1al\u00f3 el funcionario.<\/p>\n<p data-t=\"{&quot;n&quot;:&quot;blueLinks&quot;}\">S\u00e1nchez Beruben pidi\u00f3 a la ciudadan\u00eda<strong>\u00a0mantener la calma<\/strong>\u00a0y no hacer caso de rumores, adem\u00e1s de consultar \u00fanicamente la informaci\u00f3n emitida a trav\u00e9s de las distintas fuentes oficiales.<\/p>\n<p data-t=\"{&quot;n&quot;:&quot;blueLinks&quot;}\">\n<p data-t=\"{&quot;n&quot;:&quot;blueLinks&quot;}\">Con informaci\u00f3n de El Universal<\/p>\n","protected":false},"excerpt":{"rendered":"<p>Jalisco en alerta ante detenci\u00f3n del hermano de &#8220;El Mencho&#8221; Las autoridades de Jalisco permanecen alertas ante los operativos realizados por efectivos del Ej\u00e9rcito Mexicano en distintas zonas de la entidad y por ahora han resultado en la captura del hermano de\u00a0Nemesio Oseguera Cervantes\u00a0\u201cEl Mencho\u201d. El coordinador del gabinete de Seguridad del estado,\u00a0Ricardo S\u00e1nchez Beruben,\u00a0se\u00f1al\u00f3 que los tres niveles de gobierno permanecen atentas para atender posibles eventualidades que puedan presentarse por estos hechos. Piden mantener la calma \u201cDurante la ma\u00f1ana se han registrado reportes a las l\u00edneas de emergencia denunciando supuestos hechos delictivos que, afortunadamente han resultado falsos. \u00danicamente se [&hellip;]<\/p>\n","protected":false},"author":3,"featured_media":64603,"comment_status":"open","ping_status":"open","sticky":false,"template":"","format":"standard","meta":{"_jetpack_newsletter_access":"","_jetpack_dont_email_post_to_subs":false,"_jetpack_newsletter_tier_id":0,"_jetpack_memberships_contains_paywalled_content":false,"_jetpack_feature_clip_id":0,"_jetpack_memberships_contains_paid_content":false,"footnotes":"","jetpack_publicize_message":"","jetpack_publicize_feature_enabled":true,"jetpack_social_post_already_shared":true,"jetpack_social_options":{"image_generator_settings":{"template":"highway","default_image_id":0,"font":"","enabled":false},"version":2},"jetpack_post_was_ever_published":false},"categories":[75,72],"tags":[],"class_list":["post-64602","post","type-post","status-publish","format-standard","has-post-thumbnail","hentry","category-nacional","category-portada","post--single"],"jetpack_publicize_connections":[],"jetpack_featured_media_url":"https:\/\/ovelanalista.com\/wp-content\/uploads\/2022\/12\/El-Mencho.jpeg","jetpack_sharing_enabled":true,"_links":{"self":[{"href":"https:\/\/ovelanalista.com\/index.php?rest_route=\/wp\/v2\/posts\/64602","targetHints":{"allow":["GET"]}}],"collection":[{"href":"https:\/\/ovelanalista.com\/index.php?rest_route=\/wp\/v2\/posts"}],"about":[{"href":"https:\/\/ovelanalista.com\/index.php?rest_route=\/wp\/v2\/types\/post"}],"author":[{"embeddable":true,"href":"https:\/\/ovelanalista.com\/index.php?rest_route=\/wp\/v2\/users\/3"}],"replies":[{"embeddable":true,"href":"https:\/\/ovelanalista.com\/index.php?rest_route=%2Fwp%2Fv2%2Fcomments&post=64602"}],"version-history":[{"count":1,"href":"https:\/\/ovelanalista.com\/index.php?rest_route=\/wp\/v2\/posts\/64602\/revisions"}],"predecessor-version":[{"id":64604,"href":"https:\/\/ovelanalista.com\/index.php?rest_route=\/wp\/v2\/posts\/64602\/revisions\/64604"}],"wp:featuredmedia":[{"embeddable":true,"href":"https:\/\/ovelanalista.com\/index.php?rest_route=\/wp\/v2\/media\/64603"}],"wp:attachment":[{"href":"https:\/\/ovelanalista.com\/index.php?rest_route=%2Fwp%2Fv2%2Fmedia&parent=64602"}],"wp:term":[{"taxonomy":"category","embeddable":true,"href":"https:\/\/ovelanalista.com\/index.php?rest_route=%2Fwp%2Fv2%2Fcategories&post=64602"},{"taxonomy":"post_tag","embeddable":true,"href":"https:\/\/ovelanalista.com\/index.php?rest_route=%2Fwp%2Fv2%2Ftags&post=64602"}],"curies":[{"name":"wp","href":"https:\/\/api.w.org\/{rel}","templated":true}]}}