{"id":64605,"date":"2022-12-20T12:50:13","date_gmt":"2022-12-20T19:50:13","guid":{"rendered":"https:\/\/ovelanalista.com\/?p=64605"},"modified":"2022-12-20T12:26:00","modified_gmt":"2022-12-20T19:26:00","slug":"diran-que-fue-claudio-x-gonzalez-o-loret-dice-ciro-gomez-leyva-tras-dichos-de-amlo-sobre-atentado","status":"publish","type":"post","link":"https:\/\/ovelanalista.com\/?p=64605","title":{"rendered":"Dir\u00e1n que fue Claudio X. Gonz\u00e1lez o Loret, dice Ciro G\u00f3mez Leyva tras dichos de AMLO sobre atentado"},"content":{"rendered":"<p>Dir\u00e1n que fue Claudio X. Gonz\u00e1lez o Loret, dice Ciro G\u00f3mez Leyva tras dichos de AMLO sobre atentado El presidente.<\/p>\n<p><strong>Andr\u00e9s Manuel L\u00f3pez Obrador\u00a0<\/strong>no descart\u00f3 que el ataque armado contra el periodista\u00a0<strong>Ciro G\u00f3mez Leyva<\/strong>\u00a0haya sido para afectar a su gobierno y desestabilizar al pa\u00eds.<\/p>\n<p data-t=\"{&quot;n&quot;:&quot;blueLinks&quot;}\">En su conferencia\u00a0<a tabindex=\"0\" href=\"https:\/\/www.eluniversal.com.mx\/nacion\/la-mananera-de-amlo-20-de-diciembre-minuto-minuto-0\" target=\"_blank\" rel=\"noopener\" data-t=\"{&quot;n&quot;:&quot;destination&quot;,&quot;t&quot;:13,&quot;b&quot;:1,&quot;c.t&quot;:7}\"><strong>ma\u00f1anera de este martes<\/strong><\/a>\u00a0en Palacio Nacional, L\u00f3pez Obrador se\u00f1al\u00f3 que si con el ataque al periodista el prop\u00f3sito era generar un conflicto mayor o desestabilizar al pa\u00eds, \u201ctambi\u00e9n es un crimen\u201d.<\/p>\n<p data-t=\"{&quot;n&quot;:&quot;blueLinks&quot;}\">\u201cNo es un asunto menor, quisieron asesinarlo, o intentaron hacerlo y si no fue as\u00ed, el prop\u00f3sito era generar un conflicto mayor, desestabilizar al pa\u00eds, que eso tambi\u00e9n es un crimen.<\/p>\n<p data-t=\"{&quot;n&quot;:&quot;blueLinks&quot;}\">\u201cPor eso, cuando plantean lo de Ciro de que pudo ser un autoatentado, no porque \u00e9l se lo haya hecho fabricado, sino porque alguien lo hizo para afectarnos a nosotros, no lo descarto\u201d, dijo.<\/p>\n<h1>Dir\u00e1n que fue Claudio X. Gonz\u00e1lez o Loret: G\u00f3mez Leyva<\/h1>\n<p data-t=\"{&quot;n&quot;:&quot;blueLinks&quot;}\">Ante los dichos del presidente L\u00f3pez Obrador, el periodista se\u00f1al\u00f3 que alguien lo quiso matar, no se pondr\u00eda a hacer conjeturas ni entrar\u00eda en \u201cpugnas\u201d con las autoridades que realizan las investigaciones.<\/p>\n<div class=\"article-clear-div\"><\/div>\n<p class=\"continue-read-break\" data-t=\"{&quot;n&quot;:&quot;blueLinks&quot;}\">En su programa \u201c<strong>Ciro por la Ma\u00f1ana<\/strong>\u201d, de<strong>\u00a0Grupo F\u00f3rmula<\/strong>, el periodista pregunt\u00f3 a\u00a0<strong>Claudia Sheinbaum<\/strong>, jefa de Gobierno de la Ciudad de M\u00e9xico; a\u00a0<strong>Omar Garc\u00eda Harfuch<\/strong>, secretario de Seguridad capitalino; a<strong>\u00a0Ernestina Godoy<\/strong>, titular de la Fiscal\u00eda capitalina; al secretario de Gobernaci\u00f3n,<strong>\u00a0Ad\u00e1n Augusto L\u00f3pez<\/strong>; al fiscal general de la Rep\u00fablica,\u00a0<strong>Alejandro Gertz Manero<\/strong>\u00a0y a los jueces, magistrados y ministros:<\/p>\n<p class=\"\" data-t=\"{&quot;n&quot;:&quot;blueLinks&quot;}\">\u201c\u00bfSe puede hacer, desde las instancias del Estado, se puede hacer una investigaci\u00f3n verdaderamente independiente, en esta intemperie de adjetivos y descalificaciones que lanza el jefe del Estado mexicano todos los d\u00edas? \u00bfSe puede? \u00bfClaudia, Ad\u00e1n, Omar, do\u00f1a Ernestina, Alejandro,\u00a0<strong>ministro Zald\u00edvar<\/strong>? \u00bfSe puede hacer una investigaci\u00f3n independiente en estas condiciones? Ojal\u00e1, yo tengo dudas\u201d.<\/p>\n<p class=\"\" data-t=\"{&quot;n&quot;:&quot;blueLinks&quot;}\">\u201cMal har\u00edamos no haciendo nuestra propia investigaci\u00f3n\u201d, expres\u00f3 la periodista y colaboradora del programa radiof\u00f3nico<strong>\u00a0Miriam Moreno<\/strong>, adem\u00e1s que pidi\u00f3 tener cuidado con la narrativa que quieren imponer a trav\u00e9s de filtraciones.<\/p>\n<p class=\"\" data-t=\"{&quot;n&quot;:&quot;blueLinks&quot;}\">\u201cAh\u00ed te va: quien orden\u00f3 el atentado fue\u00a0<strong>Claudio X. Gonz\u00e1lez<\/strong>, van a llegar a esa conclusi\u00f3n. Primero, \u00bfcrees que alguien lo vaya a creer? \u00bfO fue desde su celda en Brooklyn,\u00a0<strong>Genaro Garc\u00eda Luna<\/strong>? \u00bfO desde su malignidad infinita,\u00a0<strong>Felipe Calder\u00f3n<\/strong>? \u00bfO qui\u00e9n otro pudo haber sido?<\/p>\n<p class=\"\" data-t=\"{&quot;n&quot;:&quot;blueLinks&quot;}\">\u201cO a lo mejor por un asunto de varias bandas, que inclu\u00eda una \u2018competencia period\u00edstica\u2019, el\u00a0 autor intelectual del atentado fue\u00a0<strong>Carlos Loret de Mola<\/strong>, esos son los adversarios del r\u00e9gimen, que lleguen a esa conclusi\u00f3n<\/p>\n<p class=\"\" data-t=\"{&quot;n&quot;:&quot;blueLinks&quot;}\">\u201cO hubo un c\u00f3nclave de los due\u00f1os de comunicaci\u00f3n que decidieron contratar al pistolero. \u00bfA qu\u00e9 se refiere el presidente el presidente L\u00f3pez Obrador? \u00bfA qu\u00e9 se refiere? \u00bfO fueron tres fan\u00e1ticos de la ultraderecha que en una borrachera que era buena idea contratar a un cuate que conocen por ah\u00ed que se dedica a matar personas y decir \u2018manden matar a ese wey\u2019 y le armamos un desmadre al Presidente? \u00bfA qu\u00e9 se refiere el presidente cuando dice \u2018pudo haber sido\u2019 \u2013menos mal que ya\u2013 corrigi\u00f3 que no fue un autoatentado\u201d, expres\u00f3 Ciro G\u00f3mez Leyva.<\/p>\n<p data-t=\"{&quot;n&quot;:&quot;blueLinks&quot;}\">\n<p data-t=\"{&quot;n&quot;:&quot;blueLinks&quot;}\">Con informaci\u00f3n de El Universal<\/p>\n","protected":false},"excerpt":{"rendered":"<p>Dir\u00e1n que fue Claudio X. Gonz\u00e1lez o Loret, dice Ciro G\u00f3mez Leyva tras dichos de AMLO sobre atentado El presidente. Andr\u00e9s Manuel L\u00f3pez Obrador\u00a0no descart\u00f3 que el ataque armado contra el periodista\u00a0Ciro G\u00f3mez Leyva\u00a0haya sido para afectar a su gobierno y desestabilizar al pa\u00eds. En su conferencia\u00a0ma\u00f1anera de este martes\u00a0en Palacio Nacional, L\u00f3pez Obrador se\u00f1al\u00f3 que si con el ataque al periodista el prop\u00f3sito era generar un conflicto mayor o desestabilizar al pa\u00eds, \u201ctambi\u00e9n es un crimen\u201d. \u201cNo es un asunto menor, quisieron asesinarlo, o intentaron hacerlo y si no fue as\u00ed, el prop\u00f3sito era generar un conflicto mayor, desestabilizar [&hellip;]<\/p>\n","protected":false},"author":3,"featured_media":64606,"comment_status":"open","ping_status":"open","sticky":false,"template":"","format":"standard","meta":{"_jetpack_newsletter_access":"","_jetpack_dont_email_post_to_subs":false,"_jetpack_newsletter_tier_id":0,"_jetpack_memberships_contains_paywalled_content":false,"_jetpack_feature_clip_id":0,"_jetpack_memberships_contains_paid_content":false,"footnotes":"","jetpack_publicize_message":"","jetpack_publicize_feature_enabled":true,"jetpack_social_post_already_shared":true,"jetpack_social_options":{"image_generator_settings":{"template":"highway","default_image_id":0,"font":"","enabled":false},"version":2},"jetpack_post_was_ever_published":false},"categories":[75,72],"tags":[],"class_list":["post-64605","post","type-post","status-publish","format-standard","has-post-thumbnail","hentry","category-nacional","category-portada","post--single"],"jetpack_publicize_connections":[],"jetpack_featured_media_url":"https:\/\/ovelanalista.com\/wp-content\/uploads\/2022\/12\/Ciro-Go\u0301mez-AMLO.jpeg","jetpack_sharing_enabled":true,"_links":{"self":[{"href":"https:\/\/ovelanalista.com\/index.php?rest_route=\/wp\/v2\/posts\/64605","targetHints":{"allow":["GET"]}}],"collection":[{"href":"https:\/\/ovelanalista.com\/index.php?rest_route=\/wp\/v2\/posts"}],"about":[{"href":"https:\/\/ovelanalista.com\/index.php?rest_route=\/wp\/v2\/types\/post"}],"author":[{"embeddable":true,"href":"https:\/\/ovelanalista.com\/index.php?rest_route=\/wp\/v2\/users\/3"}],"replies":[{"embeddable":true,"href":"https:\/\/ovelanalista.com\/index.php?rest_route=%2Fwp%2Fv2%2Fcomments&post=64605"}],"version-history":[{"count":1,"href":"https:\/\/ovelanalista.com\/index.php?rest_route=\/wp\/v2\/posts\/64605\/revisions"}],"predecessor-version":[{"id":64607,"href":"https:\/\/ovelanalista.com\/index.php?rest_route=\/wp\/v2\/posts\/64605\/revisions\/64607"}],"wp:featuredmedia":[{"embeddable":true,"href":"https:\/\/ovelanalista.com\/index.php?rest_route=\/wp\/v2\/media\/64606"}],"wp:attachment":[{"href":"https:\/\/ovelanalista.com\/index.php?rest_route=%2Fwp%2Fv2%2Fmedia&parent=64605"}],"wp:term":[{"taxonomy":"category","embeddable":true,"href":"https:\/\/ovelanalista.com\/index.php?rest_route=%2Fwp%2Fv2%2Fcategories&post=64605"},{"taxonomy":"post_tag","embeddable":true,"href":"https:\/\/ovelanalista.com\/index.php?rest_route=%2Fwp%2Fv2%2Ftags&post=64605"}],"curies":[{"name":"wp","href":"https:\/\/api.w.org\/{rel}","templated":true}]}}