{"id":67848,"date":"2023-02-01T10:30:47","date_gmt":"2023-02-01T17:30:47","guid":{"rendered":"https:\/\/ovelanalista.com\/?p=67848"},"modified":"2023-02-01T09:56:02","modified_gmt":"2023-02-01T16:56:02","slug":"se-desbordan-en-elogios-mutuos-acuden-a-plenaria-del-verde","status":"publish","type":"post","link":"https:\/\/ovelanalista.com\/?p=67848","title":{"rendered":"Se desbordan en elogios mutuos; acuden a plenaria del Verde"},"content":{"rendered":"<p data-t=\"{&quot;n&quot;:&quot;blueLinks&quot;}\">Con la presencia de cuatro de los cinco aspirantes a la presidencia de la Rep\u00fablica en 2024 de la coalici\u00f3n Juntos Hacemos Historia, la fracci\u00f3n parlamentaria del Verde Ecologista en la C\u00e1mara de Diputados llev\u00f3 a cabo su plenaria de cara al periodo de sesiones.<\/p>\n<div class=\"article-image-container   \" data-t=\"{&quot;n&quot;:&quot;OpenModal&quot;,&quot;t&quot;:13}\">\n<p data-t=\"{&quot;n&quot;:&quot;blueLinks&quot;}\">Con la presencia de cuatro de los cinco aspirantes a la presidencia de la Rep\u00fablica en 2024 de la coalici\u00f3n Juntos Hacemos Historia, la fracci\u00f3n parlamentaria del Verde Ecologista en la C\u00e1mara de Diputados llev\u00f3 a cabo su plenaria de cara al periodo de sesiones.<\/p>\n<\/div>\n<div class=\"article-image-container   \" data-t=\"{&quot;n&quot;:&quot;OpenModal&quot;,&quot;t&quot;:13}\"><\/div>\n<div data-t=\"{&quot;n&quot;:&quot;OpenModal&quot;,&quot;t&quot;:13}\">Con informaci\u00f3n de Excelsior<\/div>\n","protected":false},"excerpt":{"rendered":"<p>Con la presencia de cuatro de los cinco aspirantes a la presidencia de la Rep\u00fablica en 2024 de la coalici\u00f3n Juntos Hacemos Historia, la fracci\u00f3n parlamentaria del Verde Ecologista en la C\u00e1mara de Diputados llev\u00f3 a cabo su plenaria de cara al periodo de sesiones. Con la presencia de cuatro de los cinco aspirantes a la presidencia de la Rep\u00fablica en 2024 de la coalici\u00f3n Juntos Hacemos Historia, la fracci\u00f3n parlamentaria del Verde Ecologista en la C\u00e1mara de Diputados llev\u00f3 a cabo su plenaria de cara al periodo de sesiones. Con informaci\u00f3n de Excelsior<\/p>\n","protected":false},"author":3,"featured_media":67849,"comment_status":"open","ping_status":"open","sticky":false,"template":"","format":"standard","meta":{"_jetpack_newsletter_access":"","_jetpack_dont_email_post_to_subs":false,"_jetpack_newsletter_tier_id":0,"_jetpack_memberships_contains_paywalled_content":false,"_jetpack_feature_clip_id":0,"_jetpack_memberships_contains_paid_content":false,"footnotes":"","jetpack_publicize_message":"","jetpack_publicize_feature_enabled":true,"jetpack_social_post_already_shared":true,"jetpack_social_options":{"image_generator_settings":{"template":"highway","default_image_id":0,"font":"","enabled":false},"version":2},"jetpack_post_was_ever_published":false},"categories":[75,72],"tags":[],"class_list":["post-67848","post","type-post","status-publish","format-standard","has-post-thumbnail","hentry","category-nacional","category-portada","post--single"],"jetpack_publicize_connections":[],"jetpack_featured_media_url":"https:\/\/ovelanalista.com\/wp-content\/uploads\/2023\/02\/Sheinbaum.jpeg","jetpack_sharing_enabled":true,"_links":{"self":[{"href":"https:\/\/ovelanalista.com\/index.php?rest_route=\/wp\/v2\/posts\/67848","targetHints":{"allow":["GET"]}}],"collection":[{"href":"https:\/\/ovelanalista.com\/index.php?rest_route=\/wp\/v2\/posts"}],"about":[{"href":"https:\/\/ovelanalista.com\/index.php?rest_route=\/wp\/v2\/types\/post"}],"author":[{"embeddable":true,"href":"https:\/\/ovelanalista.com\/index.php?rest_route=\/wp\/v2\/users\/3"}],"replies":[{"embeddable":true,"href":"https:\/\/ovelanalista.com\/index.php?rest_route=%2Fwp%2Fv2%2Fcomments&post=67848"}],"version-history":[{"count":1,"href":"https:\/\/ovelanalista.com\/index.php?rest_route=\/wp\/v2\/posts\/67848\/revisions"}],"predecessor-version":[{"id":67850,"href":"https:\/\/ovelanalista.com\/index.php?rest_route=\/wp\/v2\/posts\/67848\/revisions\/67850"}],"wp:featuredmedia":[{"embeddable":true,"href":"https:\/\/ovelanalista.com\/index.php?rest_route=\/wp\/v2\/media\/67849"}],"wp:attachment":[{"href":"https:\/\/ovelanalista.com\/index.php?rest_route=%2Fwp%2Fv2%2Fmedia&parent=67848"}],"wp:term":[{"taxonomy":"category","embeddable":true,"href":"https:\/\/ovelanalista.com\/index.php?rest_route=%2Fwp%2Fv2%2Fcategories&post=67848"},{"taxonomy":"post_tag","embeddable":true,"href":"https:\/\/ovelanalista.com\/index.php?rest_route=%2Fwp%2Fv2%2Ftags&post=67848"}],"curies":[{"name":"wp","href":"https:\/\/api.w.org\/{rel}","templated":true}]}}