{"id":67851,"date":"2023-02-01T10:50:17","date_gmt":"2023-02-01T17:50:17","guid":{"rendered":"https:\/\/ovelanalista.com\/?p=67851"},"modified":"2023-02-01T10:02:01","modified_gmt":"2023-02-01T17:02:01","slug":"ningun-coordinador-es-mas-grande-que-su-bancada-advierte-alito-tras-diferendo-con-osorio","status":"publish","type":"post","link":"https:\/\/ovelanalista.com\/?p=67851","title":{"rendered":"Ning\u00fan coordinador es m\u00e1s grande que su bancada, advierte &#8220;Alito&#8221; tras diferendo con Osorio"},"content":{"rendered":"<p>Ning\u00fan coordinador es m\u00e1s grande que su bancada, advierte &#8220;Alito&#8221; tras diferendo con Osorio Luego de que el coordinador del PRI en el Senado,\u00a0<strong>Miguel \u00c1ngel Osorio,<\/strong>\u00a0dio por terminada de manera abrupta la plenaria de esa bancada, por la llegada del presidente del partido, Alejandro \u201cAlito\u201d Moreno C\u00e1rdenas, el l\u00edder del tricolor advirti\u00f3 que \u201cning\u00fan coordinador es m\u00e1s grande que el grupo parlamentario\u201d.<\/p>\n<p data-t=\"{&quot;n&quot;:&quot;blueLinks&quot;}\"><strong>Moreno C\u00e1rdenas<\/strong>\u00a0inform\u00f3 que su participaci\u00f3n en el c\u00f3nclave pri\u00edsta obedeci\u00f3 a la invitaci\u00f3n de \u201cla mayor\u00eda de los integrantes de la bancada\u201d.<\/p>\n<p data-t=\"{&quot;n&quot;:&quot;blueLinks&quot;}\">Sobre la salida del exsecretario de Gobernaci\u00f3n del encuentro, el l\u00edder del PRI advirti\u00f3 en entrevista que \u201cojal\u00e1 el coordinador Osorio Chong tuviera el valor de enfrentarse a\u00a0<strong>Morena,\u00a0<\/strong>como lo estamos haciendo nosotros, y no con los priistas que estamos luchando por M\u00e9xico, ni levant\u00e1ndose de las mesas\u201d.<\/p>\n<p data-t=\"{&quot;n&quot;:&quot;blueLinks&quot;}\">Precis\u00f3 adem\u00e1s que \u201cla mayor\u00eda de los senadores me invitaron y, como Presidente del partido, no me voy a negar\u201d. En este sentido, agradeci\u00f3 a los senadores\u00a0<strong>Manuel A\u00f1orve,<\/strong>\u00a0vicecoordinador parlamentario;\u00a0<strong>Beatriz Paredes,<\/strong>\u00a0Carlos Aceves del Olmo, Sylvana Beltrones, Mario Zamora, Claudia Anaya, \u00c1ngel Garc\u00eda y Jorge Carlos Ram\u00edrez Mar\u00edn, por sus esfuerzos para concretar una agenda legislativa s\u00f3lida, consolidada, para seguir construyendo en favor de M\u00e9xico durante el periodo ordinario de sesiones del Congreso, que se inicia este mi\u00e9rcoles.<\/p>\n<p data-t=\"{&quot;n&quot;:&quot;blueLinks&quot;}\">Record\u00f3 que la fuerza y la fortaleza de la sociedad mexicana sali\u00f3 a las calles y, ahora, \u201cvamos a defender la<strong>\u00a0democracia.<\/strong>\u00a0Vamos a participar en el proceso electoral, porque hoy la gente quiere resultados\u201d.<\/p>\n<p data-t=\"{&quot;n&quot;:&quot;blueLinks&quot;}\">Alejandro Moreno asegur\u00f3 que la coalici\u00f3n \u201cVa por M\u00e9xico\u201d ha construido una alternativa, pues en 2021 \u201cdetuvimos que Morena y sus aliados no tuvieran la mayor\u00eda calificada en la C\u00e1mara de Diputados. Si no, estuvieran modificando la Constituci\u00f3n, \u00a0y eso los detuvo\u201d, dijo.<\/p>\n<p data-t=\"{&quot;n&quot;:&quot;blueLinks&quot;}\">Expuso que los legisladores del PRI, desde el Congreso de la Uni\u00f3n, trabajaran juntos, para generar certeza y confianza al pueblo de M\u00e9xico todos los d\u00edas.<\/p>\n<p data-t=\"{&quot;n&quot;:&quot;blueLinks&quot;}\">\n<p data-t=\"{&quot;n&quot;:&quot;blueLinks&quot;}\">Con informaci\u00f3n de El Universal<\/p>\n","protected":false},"excerpt":{"rendered":"<p>Ning\u00fan coordinador es m\u00e1s grande que su bancada, advierte &#8220;Alito&#8221; tras diferendo con Osorio Luego de que el coordinador del PRI en el Senado,\u00a0Miguel \u00c1ngel Osorio,\u00a0dio por terminada de manera abrupta la plenaria de esa bancada, por la llegada del presidente del partido, Alejandro \u201cAlito\u201d Moreno C\u00e1rdenas, el l\u00edder del tricolor advirti\u00f3 que \u201cning\u00fan coordinador es m\u00e1s grande que el grupo parlamentario\u201d. Moreno C\u00e1rdenas\u00a0inform\u00f3 que su participaci\u00f3n en el c\u00f3nclave pri\u00edsta obedeci\u00f3 a la invitaci\u00f3n de \u201cla mayor\u00eda de los integrantes de la bancada\u201d. Sobre la salida del exsecretario de Gobernaci\u00f3n del encuentro, el l\u00edder del PRI advirti\u00f3 en entrevista [&hellip;]<\/p>\n","protected":false},"author":3,"featured_media":62733,"comment_status":"open","ping_status":"open","sticky":false,"template":"","format":"standard","meta":{"_jetpack_newsletter_access":"","_jetpack_dont_email_post_to_subs":false,"_jetpack_newsletter_tier_id":0,"_jetpack_memberships_contains_paywalled_content":false,"_jetpack_feature_clip_id":0,"_jetpack_memberships_contains_paid_content":false,"footnotes":"","jetpack_publicize_message":"","jetpack_publicize_feature_enabled":true,"jetpack_social_post_already_shared":true,"jetpack_social_options":{"image_generator_settings":{"template":"highway","default_image_id":0,"font":"","enabled":false},"version":2},"jetpack_post_was_ever_published":false},"categories":[75,72],"tags":[],"class_list":["post-67851","post","type-post","status-publish","format-standard","has-post-thumbnail","hentry","category-nacional","category-portada","post--single"],"jetpack_publicize_connections":[],"jetpack_featured_media_url":"https:\/\/ovelanalista.com\/wp-content\/uploads\/2022\/12\/Alito-Moreno.png","jetpack_sharing_enabled":true,"_links":{"self":[{"href":"https:\/\/ovelanalista.com\/index.php?rest_route=\/wp\/v2\/posts\/67851","targetHints":{"allow":["GET"]}}],"collection":[{"href":"https:\/\/ovelanalista.com\/index.php?rest_route=\/wp\/v2\/posts"}],"about":[{"href":"https:\/\/ovelanalista.com\/index.php?rest_route=\/wp\/v2\/types\/post"}],"author":[{"embeddable":true,"href":"https:\/\/ovelanalista.com\/index.php?rest_route=\/wp\/v2\/users\/3"}],"replies":[{"embeddable":true,"href":"https:\/\/ovelanalista.com\/index.php?rest_route=%2Fwp%2Fv2%2Fcomments&post=67851"}],"version-history":[{"count":1,"href":"https:\/\/ovelanalista.com\/index.php?rest_route=\/wp\/v2\/posts\/67851\/revisions"}],"predecessor-version":[{"id":67852,"href":"https:\/\/ovelanalista.com\/index.php?rest_route=\/wp\/v2\/posts\/67851\/revisions\/67852"}],"wp:featuredmedia":[{"embeddable":true,"href":"https:\/\/ovelanalista.com\/index.php?rest_route=\/wp\/v2\/media\/62733"}],"wp:attachment":[{"href":"https:\/\/ovelanalista.com\/index.php?rest_route=%2Fwp%2Fv2%2Fmedia&parent=67851"}],"wp:term":[{"taxonomy":"category","embeddable":true,"href":"https:\/\/ovelanalista.com\/index.php?rest_route=%2Fwp%2Fv2%2Fcategories&post=67851"},{"taxonomy":"post_tag","embeddable":true,"href":"https:\/\/ovelanalista.com\/index.php?rest_route=%2Fwp%2Fv2%2Ftags&post=67851"}],"curies":[{"name":"wp","href":"https:\/\/api.w.org\/{rel}","templated":true}]}}