{"id":67853,"date":"2023-02-01T11:00:21","date_gmt":"2023-02-01T18:00:21","guid":{"rendered":"https:\/\/ovelanalista.com\/?p=67853"},"modified":"2023-02-01T10:08:21","modified_gmt":"2023-02-01T17:08:21","slug":"osorio-y-alito-ahondan-la-division-interna-en-el-pri","status":"publish","type":"post","link":"https:\/\/ovelanalista.com\/?p=67853","title":{"rendered":"Osorio y Alito ahondan la divisi\u00f3n interna en el PRI"},"content":{"rendered":"<p data-t=\"{&quot;n&quot;:&quot;blueLinks&quot;}\">La irrupci\u00f3n de Alejandro Moreno en la reuni\u00f3n plenaria de senadores del PRI, sin estar invitado oficialmente, ahond\u00f3 la divisi\u00f3n y la crisis en el partido.<\/p>\n<p data-t=\"{&quot;n&quot;:&quot;blueLinks&quot;}\">Arropado e invitado por los senadores Manuel A\u00f1orve y Mario Zamora, Alito arrib\u00f3 a la sede de la plenaria, lo que provoc\u00f3 que el coordinador parlamentario, Miguel \u00c1ngel Osorio Chong, clausurara la reuni\u00f3n y abandonara el recinto junto a la senadora Claudia Ruiz Massieu.<\/p>\n<p data-t=\"{&quot;n&quot;:&quot;blueLinks&quot;}\">El exsecretario de Gobernaci\u00f3n detall\u00f3 que se acord\u00f3 con el vicecoordinador Manuel A\u00f1orve que Moreno se reunir\u00eda con los senadores que as\u00ed lo desearan despu\u00e9s de que terminara la reuni\u00f3n plenaria, lo que ocurrir\u00eda despu\u00e9s de las 18:00 horas.<\/p>\n<p data-t=\"{&quot;n&quot;:&quot;blueLinks&quot;}\">Sin embargo, los senadores Manuel A\u00f1orve y Mario Zamora invitaron a su dirigente nacional, quien arrib\u00f3 inesperadamente poco despu\u00e9s del mediod\u00eda al sal\u00f3n donde se realizaba el c\u00f3nclave priista.<\/p>\n<p data-t=\"{&quot;n&quot;:&quot;blueLinks&quot;}\">Osorio Chong dijo que Moreno incumpl\u00eda su palabra dentro y fuera del partido.<\/p>\n<p data-t=\"{&quot;n&quot;:&quot;blueLinks&quot;}\">\u201cY para variar, por si no les suena cotidiano o no recuerdan que esto se repite diariamente de \u00e9l, no cumpli\u00f3; falt\u00f3 a la palabra y se present\u00f3 de manera abrupta\u201d, dijo en rueda de prensa.<\/p>\n<p class=\"continue-read-break\" data-t=\"{&quot;n&quot;:&quot;blueLinks&quot;}\">\u201cQuien viola el acuerdo, es quien me manda decir que estar\u00eda a determinada hora y me refiero a Alito, \u00e9l es el que viola cotidianamente su palabra y con sus acciones demuestra qui\u00e9n es y que s\u00f3lo tiene el \u00fanico inter\u00e9s de ver sus temas, sus circunstancias y no las de mi partido ni las del pa\u00eds.<\/p>\n<p class=\"\" data-t=\"{&quot;n&quot;:&quot;blueLinks&quot;}\">\u201c\u00c9l es el presidente del PRI, no es el due\u00f1o del PRI; \u00e9l es presidente del PRI, no coordinador del grupo parlamentario. Y, bueno, pues se decidi\u00f3 suspender la plenaria\u201d, expuso Osorio.<\/p>\n<div class=\"article-clear-div\"><\/div>\n<h2 class=\"article-sub-heading\">Fui invitado: Alito<\/h2>\n<p class=\"\" data-t=\"{&quot;n&quot;:&quot;blueLinks&quot;}\">Por su parte, Alito asegur\u00f3 que fue invitado por los senadores de su partido.<\/p>\n<p class=\"\" data-t=\"{&quot;n&quot;:&quot;blueLinks&quot;}\">\u201cNosotros siempre actuaremos de manera responsable y respetuosa. Y mi responsabilidad como dirigente del partido es acompa\u00f1arlos, estar presentes, construir una agenda legis-lativa. Mi reconocimiento a los senadores del Partido Revolucionario Institucional, a todos, porque todos han dado una gran batalla\u201d, dijo.<\/p>\n<p class=\"\" data-t=\"{&quot;n&quot;:&quot;blueLinks&quot;}\">Moreno C\u00e1rdenas asever\u00f3 que ning\u00fan coordinador es m\u00e1s grande que el grupo parlamentario. \u201cOjal\u00e1 el coordinador Osorio Chong tuviera el valor de enfrentarse a Morena como lo estamos haciendo nosotros, y no con los priistas que estamos luchando por M\u00e9xico, ni levant\u00e1ndose de las mesas.<\/p>\n<p class=\"\" data-t=\"{&quot;n&quot;:&quot;blueLinks&quot;}\">\u201cLa mayor\u00eda de los senadores me invitaron, y como presidente del partido no me voy a negar\u201d, coment\u00f3 Moreno C\u00e1rdenas.<\/p>\n<p class=\"\" data-t=\"{&quot;n&quot;:&quot;blueLinks&quot;}\">Manuel A\u00f1orve, vicecoordinador priista, insisti\u00f3 en que Alito fue invitado por la mayor\u00eda de los senadores.<\/p>\n<p class=\"\" data-t=\"{&quot;n&quot;:&quot;blueLinks&quot;}\">\u201cNiego que el acuerdo haya sido que llegar\u00eda a las seis de la tarde. No veo por qu\u00e9 tenemos que entrar en conflicto donde simple y sencillamente lo que se est\u00e1 pretendiendo, siempre, como en todas las reuniones parlamentarias, va el presidente del PRI. No es algo extra\u00f1o, no es para irrumpir o molestar a nadie\u201d.<\/p>\n<p data-t=\"{&quot;n&quot;:&quot;blueLinks&quot;}\">\n<p data-t=\"{&quot;n&quot;:&quot;blueLinks&quot;}\">Con informaci\u00f3n de El Universal<\/p>\n","protected":false},"excerpt":{"rendered":"<p>La irrupci\u00f3n de Alejandro Moreno en la reuni\u00f3n plenaria de senadores del PRI, sin estar invitado oficialmente, ahond\u00f3 la divisi\u00f3n y la crisis en el partido. Arropado e invitado por los senadores Manuel A\u00f1orve y Mario Zamora, Alito arrib\u00f3 a la sede de la plenaria, lo que provoc\u00f3 que el coordinador parlamentario, Miguel \u00c1ngel Osorio Chong, clausurara la reuni\u00f3n y abandonara el recinto junto a la senadora Claudia Ruiz Massieu. El exsecretario de Gobernaci\u00f3n detall\u00f3 que se acord\u00f3 con el vicecoordinador Manuel A\u00f1orve que Moreno se reunir\u00eda con los senadores que as\u00ed lo desearan despu\u00e9s de que terminara la reuni\u00f3n [&hellip;]<\/p>\n","protected":false},"author":3,"featured_media":67854,"comment_status":"open","ping_status":"open","sticky":false,"template":"","format":"standard","meta":{"_jetpack_newsletter_access":"","_jetpack_dont_email_post_to_subs":false,"_jetpack_newsletter_tier_id":0,"_jetpack_memberships_contains_paywalled_content":false,"_jetpack_feature_clip_id":0,"_jetpack_memberships_contains_paid_content":false,"footnotes":"","jetpack_publicize_message":"","jetpack_publicize_feature_enabled":true,"jetpack_social_post_already_shared":true,"jetpack_social_options":{"image_generator_settings":{"template":"highway","default_image_id":0,"font":"","enabled":false},"version":2},"jetpack_post_was_ever_published":false},"categories":[75,72],"tags":[],"class_list":["post-67853","post","type-post","status-publish","format-standard","has-post-thumbnail","hentry","category-nacional","category-portada","post--single"],"jetpack_publicize_connections":[],"jetpack_featured_media_url":"https:\/\/ovelanalista.com\/wp-content\/uploads\/2023\/02\/Osorio-y-Alito.jpeg","jetpack_sharing_enabled":true,"_links":{"self":[{"href":"https:\/\/ovelanalista.com\/index.php?rest_route=\/wp\/v2\/posts\/67853","targetHints":{"allow":["GET"]}}],"collection":[{"href":"https:\/\/ovelanalista.com\/index.php?rest_route=\/wp\/v2\/posts"}],"about":[{"href":"https:\/\/ovelanalista.com\/index.php?rest_route=\/wp\/v2\/types\/post"}],"author":[{"embeddable":true,"href":"https:\/\/ovelanalista.com\/index.php?rest_route=\/wp\/v2\/users\/3"}],"replies":[{"embeddable":true,"href":"https:\/\/ovelanalista.com\/index.php?rest_route=%2Fwp%2Fv2%2Fcomments&post=67853"}],"version-history":[{"count":1,"href":"https:\/\/ovelanalista.com\/index.php?rest_route=\/wp\/v2\/posts\/67853\/revisions"}],"predecessor-version":[{"id":67855,"href":"https:\/\/ovelanalista.com\/index.php?rest_route=\/wp\/v2\/posts\/67853\/revisions\/67855"}],"wp:featuredmedia":[{"embeddable":true,"href":"https:\/\/ovelanalista.com\/index.php?rest_route=\/wp\/v2\/media\/67854"}],"wp:attachment":[{"href":"https:\/\/ovelanalista.com\/index.php?rest_route=%2Fwp%2Fv2%2Fmedia&parent=67853"}],"wp:term":[{"taxonomy":"category","embeddable":true,"href":"https:\/\/ovelanalista.com\/index.php?rest_route=%2Fwp%2Fv2%2Fcategories&post=67853"},{"taxonomy":"post_tag","embeddable":true,"href":"https:\/\/ovelanalista.com\/index.php?rest_route=%2Fwp%2Fv2%2Ftags&post=67853"}],"curies":[{"name":"wp","href":"https:\/\/api.w.org\/{rel}","templated":true}]}}