{"id":67856,"date":"2023-02-01T11:10:38","date_gmt":"2023-02-01T18:10:38","guid":{"rendered":"https:\/\/ovelanalista.com\/?p=67856"},"modified":"2023-02-01T10:10:35","modified_gmt":"2023-02-01T17:10:35","slug":"osorio-chong-aclara-que-clausuro-plenaria-del-pri-ante-presencia-de-alito-moreno","status":"publish","type":"post","link":"https:\/\/ovelanalista.com\/?p=67856","title":{"rendered":"Osorio Chong aclara que clausur\u00f3 plenaria del PRI ante presencia de &#8220;Alito&#8221; Moreno"},"content":{"rendered":"<p>Osorio Chong aclara que clausur\u00f3 plenaria del PRI ante presencia de &#8220;Alito&#8221; Moreno El coordinador del <strong>PRI\u00a0<\/strong>en el Senado,\u00a0<a tabindex=\"0\" href=\"https:\/\/www.eluniversal.com.mx\/nacion\/ruiz-massieu-y-osorio-chong-impugnan-sesion-para-extender-mandato-de-alito-moreno-en-pri\" target=\"_blank\" rel=\"noopener\" data-t=\"{&quot;n&quot;:&quot;destination&quot;,&quot;t&quot;:13,&quot;b&quot;:1,&quot;c.t&quot;:7}\"><strong>Miguel \u00c1ngel Osorio Chong<\/strong><\/a>, aclar\u00f3 que s\u00ed clausur\u00f3 la plenaria de legisladores antes de tiempo porque el dirigente nacional de ese partido arrib\u00f3 al evento sin ser invitado.<\/p>\n<p data-t=\"{&quot;n&quot;:&quot;blueLinks&quot;}\">Subray\u00f3 que en el orden del d\u00eda de la plenaria del\u00a0<strong>PRI\u00a0<\/strong>no estaba contemplada ninguna participaci\u00f3n de\u00a0<a tabindex=\"0\" href=\"https:\/\/www.eluniversal.com.mx\/tag\/alejandro-moreno\" target=\"_blank\" rel=\"noopener\" data-t=\"{&quot;n&quot;:&quot;destination&quot;,&quot;t&quot;:13,&quot;b&quot;:1,&quot;c.t&quot;:7}\"><strong>Alejandro Moreno<\/strong><\/a>\u00a0y con el senador Manuel A\u00f1orve se acord\u00f3 concluir a determinada hora el evento para que pudieran reunirse con el l\u00edder del partido quienes quisieran alrededor de las 6 de la tarde.<\/p>\n<p data-t=\"{&quot;n&quot;:&quot;blueLinks&quot;}\">\n<p data-t=\"{&quot;n&quot;:&quot;blueLinks&quot;}\">En rueda de prensa, insisti\u00f3 que el encuentro de algunos senadores del PRI con Alito ser\u00eda fuera de la plenaria, \u201cno estaba invitado en nuestra plenaria\u201d e incluso el acuerdo es que estar\u00eda en un sal\u00f3n aparte.<\/p>\n<p data-t=\"{&quot;n&quot;:&quot;blueLinks&quot;}\">Osorio Chong, indic\u00f3 que quien viol\u00f3 el acuerdo, fue Alejandro Moreno, quien con estas acciones muestra qui\u00e9n es.<\/p>\n<p data-t=\"{&quot;n&quot;:&quot;blueLinks&quot;}\">Dijo que no es correcto que la mayor\u00eda de los senadores se hayan quedado a escuchar al dirigente del partido, pero lo importante la irresponsabilidad de Alito de llegar a una reuni\u00f3n donde no fue convocado.<\/p>\n<p data-t=\"{&quot;n&quot;:&quot;blueLinks&quot;}\">\n<p class=\"continue-read-break\" data-t=\"{&quot;n&quot;:&quot;blueLinks&quot;}\">Cabe destacar que los senadores Miguel \u00c1ngel Osorio Chong y\u00a0<strong>Claudia Ruiz Massieu,<\/strong>\u00a0abandonaron el sal\u00f3n donde se realiz\u00f3 la reuni\u00f3n plenaria cuando ingreso Alito acompa\u00f1ado de Manuel A\u00f1orve.<\/p>\n<p data-t=\"{&quot;n&quot;:&quot;blueLinks&quot;}\"><em>Con informaci\u00f3n de Victor Gamboa<\/em><\/p>\n<div class=\"article-image-slot\" data-image-href=\"https:\/\/www.msn.com\/es-mx\/noticias\/mexico\/osorio-chong-aclara-que-clausur%C3%B3-plenaria-del-pri-ante-presencia-de-alito-moreno\/ar-AA16XCdm?ocid=Peregrine&amp;cvid=1f25420ed6ae48d4a4082bd676de3e35&amp;fullscreen=true#image=1\" data-doc-id=\"cms\/api\/amp\/image\/AA16XCdl\" data-rendered=\"true\">\n<div class=\"article-image-container   \" data-t=\"{&quot;n&quot;:&quot;OpenModal&quot;,&quot;t&quot;:13}\"><\/div>\n<\/div>\n","protected":false},"excerpt":{"rendered":"<p>Osorio Chong aclara que clausur\u00f3 plenaria del PRI ante presencia de &#8220;Alito&#8221; Moreno El coordinador del PRI\u00a0en el Senado,\u00a0Miguel \u00c1ngel Osorio Chong, aclar\u00f3 que s\u00ed clausur\u00f3 la plenaria de legisladores antes de tiempo porque el dirigente nacional de ese partido arrib\u00f3 al evento sin ser invitado. Subray\u00f3 que en el orden del d\u00eda de la plenaria del\u00a0PRI\u00a0no estaba contemplada ninguna participaci\u00f3n de\u00a0Alejandro Moreno\u00a0y con el senador Manuel A\u00f1orve se acord\u00f3 concluir a determinada hora el evento para que pudieran reunirse con el l\u00edder del partido quienes quisieran alrededor de las 6 de la tarde. En rueda de prensa, insisti\u00f3 que [&hellip;]<\/p>\n","protected":false},"author":3,"featured_media":67857,"comment_status":"open","ping_status":"open","sticky":false,"template":"","format":"standard","meta":{"_jetpack_newsletter_access":"","_jetpack_dont_email_post_to_subs":false,"_jetpack_newsletter_tier_id":0,"_jetpack_memberships_contains_paywalled_content":false,"_jetpack_feature_clip_id":0,"_jetpack_memberships_contains_paid_content":false,"footnotes":"","jetpack_publicize_message":"","jetpack_publicize_feature_enabled":true,"jetpack_social_post_already_shared":true,"jetpack_social_options":{"image_generator_settings":{"template":"highway","default_image_id":0,"font":"","enabled":false},"version":2},"jetpack_post_was_ever_published":false},"categories":[75,72],"tags":[],"class_list":["post-67856","post","type-post","status-publish","format-standard","has-post-thumbnail","hentry","category-nacional","category-portada","post--single"],"jetpack_publicize_connections":[],"jetpack_featured_media_url":"https:\/\/ovelanalista.com\/wp-content\/uploads\/2023\/02\/Osorio-Chong.jpeg","jetpack_sharing_enabled":true,"_links":{"self":[{"href":"https:\/\/ovelanalista.com\/index.php?rest_route=\/wp\/v2\/posts\/67856","targetHints":{"allow":["GET"]}}],"collection":[{"href":"https:\/\/ovelanalista.com\/index.php?rest_route=\/wp\/v2\/posts"}],"about":[{"href":"https:\/\/ovelanalista.com\/index.php?rest_route=\/wp\/v2\/types\/post"}],"author":[{"embeddable":true,"href":"https:\/\/ovelanalista.com\/index.php?rest_route=\/wp\/v2\/users\/3"}],"replies":[{"embeddable":true,"href":"https:\/\/ovelanalista.com\/index.php?rest_route=%2Fwp%2Fv2%2Fcomments&post=67856"}],"version-history":[{"count":1,"href":"https:\/\/ovelanalista.com\/index.php?rest_route=\/wp\/v2\/posts\/67856\/revisions"}],"predecessor-version":[{"id":67858,"href":"https:\/\/ovelanalista.com\/index.php?rest_route=\/wp\/v2\/posts\/67856\/revisions\/67858"}],"wp:featuredmedia":[{"embeddable":true,"href":"https:\/\/ovelanalista.com\/index.php?rest_route=\/wp\/v2\/media\/67857"}],"wp:attachment":[{"href":"https:\/\/ovelanalista.com\/index.php?rest_route=%2Fwp%2Fv2%2Fmedia&parent=67856"}],"wp:term":[{"taxonomy":"category","embeddable":true,"href":"https:\/\/ovelanalista.com\/index.php?rest_route=%2Fwp%2Fv2%2Fcategories&post=67856"},{"taxonomy":"post_tag","embeddable":true,"href":"https:\/\/ovelanalista.com\/index.php?rest_route=%2Fwp%2Fv2%2Ftags&post=67856"}],"curies":[{"name":"wp","href":"https:\/\/api.w.org\/{rel}","templated":true}]}}