{"id":67859,"date":"2023-02-01T11:30:28","date_gmt":"2023-02-01T18:30:28","guid":{"rendered":"https:\/\/ovelanalista.com\/?p=67859"},"modified":"2023-02-01T10:13:53","modified_gmt":"2023-02-01T17:13:53","slug":"la-suprema-corte-invalida-la-llamada-ley-nahle-en-constitucion-de-veracruz","status":"publish","type":"post","link":"https:\/\/ovelanalista.com\/?p=67859","title":{"rendered":"La Suprema Corte invalida la llamada &#8220;Ley Nahle&#8221; en Constituci\u00f3n de Veracruz"},"content":{"rendered":"<p style=\"text-align: left;\">La Suprema Corte de Justicia de la Naci\u00f3n (SCJN) declar\u00f3 la invalidez de las reformas realizadas a la Constituci\u00f3n de Veracruz, mediante las cuales se elimin\u00f3 el requisito de haber nacido en ese estado para poder aspirar al cargo de gobernador. Los partidos Acci\u00f3n Nacional (PAN) y de la Revoluci\u00f3n Democr\u00e1tica (PRD) presentaron las acciones de inconstitucionalidad 125\/2022 y 127\/2022, respectivamente, en contra de la llamada \u201cLey Nahle\u201d, que permit\u00eda contender por el cargo de la gubernatura con el solo hecho de tener hijos nacidos en la entidad veracruzana.<\/p>\n<p class=\"continue-read-break\" data-t=\"{&quot;n&quot;:&quot;blueLinks&quot;}\">Son veracruzanos \u201clas y los mexicanos nacidos fuera del territorio del estado con hijos veracruzanos o con una residencia efectiva de cinco a\u00f1os en territorio veracruzano\u201d, indica la fracci\u00f3n III del art\u00edculo 11 de la constituci\u00f3n local, aprobada en agosto del 2022 por el Congreso local. Por mayor\u00eda de ocho votos, el pleno ech\u00f3 para atr\u00e1s dicha reforma que, de acuerdo a la oposici\u00f3n, ten\u00eda dedicatoria para la titular de Energ\u00eda Roc\u00edo Nahle, quien naci\u00f3 en Zacatecas. De acuerdo con los opositores, Nahle buscar\u00eda la candidatura a la gubernatura veracruzana, por Morena, dado que sus dos hijas nacieron en esa entidad. El ministro ponente Alfredo Guti\u00e9rrez Ortiz Mena sostuvo su proyecto, al considerar que es competencia del estado decidir qui\u00e9nes son o no veracruzanos y, en su caso, qui\u00e9nes pueden contender por la gubernatura. \u201cYo sostendr\u00eda el proyecto. Es una muy fuerte convicci\u00f3n m\u00eda que las entidades federativas son laboratorio de experimentaci\u00f3n. Lo he sostenido los \u00faltimos diez a\u00f1os. Yo no veo por qu\u00e9 nativo tiene que estar restringido al nacimiento dentro de la entidad federativa\u201d, argument\u00f3.<\/p>\n<p data-t=\"{&quot;n&quot;:&quot;blueLinks&quot;}\">\u201cNo encuentro una inconstitucionalidad, efectivamente, es una interpretaci\u00f3n novedosa, pero al final del d\u00eda el estado de Veracruz es quien puede decidir qui\u00e9n es un veracruzano y qui\u00e9nes pueden contender para la gubernatura de su estado\u201d, a\u00f1adi\u00f3. Los ministros Yasm\u00edn Esquivel Mossa y Juan Luis Gonz\u00e1lez Alc\u00e1ntara Carranc\u00e1 votaron a favor del proyecto de Guti\u00e9rrez Ortiz Mena. Por la invalidez de las reformas votaron los ministros Loreta Ortiz Ahlf, Luis Mar\u00eda Aguilar, Margarita R\u00edos Farjat, Jorge Mario Pardo Rebolledo, Javier L\u00e1ynes Potisek, Arturo Zald\u00edvar Lelo de Larrea, Alberto P\u00e9rez Day\u00e1n, as\u00ed como la presidenta de la Corte, Norma Pi\u00f1a Hern\u00e1ndez. Zald\u00edvar coment\u00f3 que de haberse aprobado dichos cambios a la constituci\u00f3n local, ser\u00eda tanto como abrirle &#8216;la puerta a un fraude&#8217; a la Carta magna. El pleno determin\u00f3, sin embargo, que pueden aspirar a ocupar la gubernatura local, quienes cumplan con la residencia efectiva de cinco a\u00f1os en la entidad, seg\u00fan lo establece la Constituci\u00f3n federal, en su art\u00edculo 16.<\/p>\n<div class=\"article-clear-div\"><\/div>\n<div class=\"video-clear-div\">Con informaci\u00f3n de Expansi\u00f3n<\/div>\n","protected":false},"excerpt":{"rendered":"<p>La Suprema Corte de Justicia de la Naci\u00f3n (SCJN) declar\u00f3 la invalidez de las reformas realizadas a la Constituci\u00f3n de Veracruz, mediante las cuales se elimin\u00f3 el requisito de haber nacido en ese estado para poder aspirar al cargo de gobernador. Los partidos Acci\u00f3n Nacional (PAN) y de la Revoluci\u00f3n Democr\u00e1tica (PRD) presentaron las acciones de inconstitucionalidad 125\/2022 y 127\/2022, respectivamente, en contra de la llamada \u201cLey Nahle\u201d, que permit\u00eda contender por el cargo de la gubernatura con el solo hecho de tener hijos nacidos en la entidad veracruzana. Son veracruzanos \u201clas y los mexicanos nacidos fuera del territorio del [&hellip;]<\/p>\n","protected":false},"author":3,"featured_media":67860,"comment_status":"open","ping_status":"open","sticky":false,"template":"","format":"standard","meta":{"_jetpack_newsletter_access":"","_jetpack_dont_email_post_to_subs":false,"_jetpack_newsletter_tier_id":0,"_jetpack_memberships_contains_paywalled_content":false,"_jetpack_feature_clip_id":0,"_jetpack_memberships_contains_paid_content":false,"footnotes":"","jetpack_publicize_message":"","jetpack_publicize_feature_enabled":true,"jetpack_social_post_already_shared":true,"jetpack_social_options":{"image_generator_settings":{"template":"highway","default_image_id":0,"font":"","enabled":false},"version":2},"jetpack_post_was_ever_published":false},"categories":[75,72],"tags":[],"class_list":["post-67859","post","type-post","status-publish","format-standard","has-post-thumbnail","hentry","category-nacional","category-portada","post--single"],"jetpack_publicize_connections":[],"jetpack_featured_media_url":"https:\/\/ovelanalista.com\/wp-content\/uploads\/2023\/02\/AMLO-1.jpeg","jetpack_sharing_enabled":true,"_links":{"self":[{"href":"https:\/\/ovelanalista.com\/index.php?rest_route=\/wp\/v2\/posts\/67859","targetHints":{"allow":["GET"]}}],"collection":[{"href":"https:\/\/ovelanalista.com\/index.php?rest_route=\/wp\/v2\/posts"}],"about":[{"href":"https:\/\/ovelanalista.com\/index.php?rest_route=\/wp\/v2\/types\/post"}],"author":[{"embeddable":true,"href":"https:\/\/ovelanalista.com\/index.php?rest_route=\/wp\/v2\/users\/3"}],"replies":[{"embeddable":true,"href":"https:\/\/ovelanalista.com\/index.php?rest_route=%2Fwp%2Fv2%2Fcomments&post=67859"}],"version-history":[{"count":1,"href":"https:\/\/ovelanalista.com\/index.php?rest_route=\/wp\/v2\/posts\/67859\/revisions"}],"predecessor-version":[{"id":67861,"href":"https:\/\/ovelanalista.com\/index.php?rest_route=\/wp\/v2\/posts\/67859\/revisions\/67861"}],"wp:featuredmedia":[{"embeddable":true,"href":"https:\/\/ovelanalista.com\/index.php?rest_route=\/wp\/v2\/media\/67860"}],"wp:attachment":[{"href":"https:\/\/ovelanalista.com\/index.php?rest_route=%2Fwp%2Fv2%2Fmedia&parent=67859"}],"wp:term":[{"taxonomy":"category","embeddable":true,"href":"https:\/\/ovelanalista.com\/index.php?rest_route=%2Fwp%2Fv2%2Fcategories&post=67859"},{"taxonomy":"post_tag","embeddable":true,"href":"https:\/\/ovelanalista.com\/index.php?rest_route=%2Fwp%2Fv2%2Ftags&post=67859"}],"curies":[{"name":"wp","href":"https:\/\/api.w.org\/{rel}","templated":true}]}}