{"id":67879,"date":"2023-02-01T13:00:32","date_gmt":"2023-02-01T20:00:32","guid":{"rendered":"https:\/\/ovelanalista.com\/?p=67879"},"modified":"2023-02-01T10:50:36","modified_gmt":"2023-02-01T17:50:36","slug":"juicio-de-garcia-luna-como-ocultaron-su-identidad-segun-los-narcosoplones","status":"publish","type":"post","link":"https:\/\/ovelanalista.com\/?p=67879","title":{"rendered":"Juicio de Garc\u00eda Luna: \u00bfC\u00f3mo ocultaron su identidad, seg\u00fan los \u2018narcosoplones\u2019?"},"content":{"rendered":"<div class=\"row\">\n<div class=\"col-sm-xl-12 layout-section wrap-bottom\">\n<h2 class=\"primary-font__PrimaryFontStyles-o56yd5-0 heuGTu h4-primary sub-headline\">El contador del excapo Mario Pineda Villa sostuvo que conoc\u00eda a Garc\u00eda Luna porque era parte de la n\u00f3mina del C\u00e1rtel de Sinaloa, organizaci\u00f3n delictiva que le pagaba millones de d\u00f3lares.<\/h2>\n<div class=\"default__StyledDiv-cj38t1-0 gCPfDm share-bar\"><\/div>\n<\/div>\n<\/div>\n<div class=\"col-sm-md-12 col-lg-xl-8 left-article-section ie-flex-100-percent-sm layout-section\">\n<p class=\"default__StyledText-xb1qmn-0 cgXrXK body-paragraph\">En un nuevo episodio sobre los supuestos nexos que ten\u00eda con narcotraficantes mexicanos\u00a0<a href=\"https:\/\/www.elfinanciero.com.mx\/nacional\/2023\/01\/31\/perfil-el-es-florian-miedel-abogado-de-garcia-luna-y-quien-ha-puesto-en-duda-testimonios-de-capos\/\" target=\"_blank\" rel=\"noopener\">Genaro Garc\u00eda Luna<\/a>, exsecretario de Seguridad P\u00fablica durante el sexenio de Felipe Calder\u00f3n, este martes un testigo asegur\u00f3 que el excalderonista ten\u00eda pseud\u00f3nimos para recibir\u00a0<b>millones de d\u00f3lares del C\u00e1rtel de Sinaloa.<\/b><\/p>\n<p class=\"default__StyledText-xb1qmn-0 cgXrXK body-paragraph\">Durante el juicio en\u00a0<a href=\"https:\/\/www.elfinanciero.com.mx\/tags\/genaro-garcia-luna\/\" target=\"_blank\" rel=\"noopener\">contra de Garc\u00eda Luna<\/a>, el contador del excapo mexicano Mario Pineda Villa, identificado como Israel \u00c1vila, afirm\u00f3 que ten\u00eda registrado en sus libros, en total, m\u00e1s de<b>\u00a010 millones de d\u00f3lares en supuestos pagos\u00a0<\/b>al exsecretario de Seguridad P\u00fablica a cambio de seguridad e informaci\u00f3n.<\/p>\n<div id=\"arcad-feature-7886\" class=\"default__StyledAdUnit-ijbiyl-0 dmQA-dM arcad-feature margin-md-bottom \">\n<div class=\"arcad-container\">\n<div id=\"lazy_3\">\n<div id=\"inread_oop\" class=\"arcad ad-1x1\" data-google-query-id=\"CNvh4Onw9PwCFTmmAAAddoMBUw\">\n<div id=\"google_ads_iframe_\/77835600\/ElFinanciero__internas\/inread_oop_0__container__\"><\/div>\n<\/div>\n<\/div>\n<\/div>\n<\/div>\n<p class=\"default__StyledText-xb1qmn-0 cgXrXK body-paragraph\">Al ser cuestionado sobre si conoc\u00eda al exfuncionario, \u00c1vila sostuvo que sab\u00eda qui\u00e9n era porque figuraba en la n\u00f3mina del C\u00e1rtel de Sinaloa y estaba registrado con los apodos de\u00a0<b>\u201cEl Tartamudo\u201d y \u201cEl Metralleta\u201d,\u00a0<\/b>sobrenombres con los que algunos narcos se refer\u00edan a Genaro Garc\u00eda Luna.<\/p>\n<p class=\"default__StyledText-xb1qmn-0 cgXrXK body-paragraph\">Adem\u00e1s, precis\u00f3 que otros pagos no eran<a href=\"https:\/\/www.elfinanciero.com.mx\/nacional\/2023\/01\/31\/juicio-a-genaro-garcia-luna-luis-cardenas-palomino-guillermo-galvan-funcionarios-salpicados\/\" target=\"_blank\" rel=\"noopener\">\u00a0directos a Garc\u00eda Luna<\/a>, sino que se hac\u00edan a trav\u00e9s de otros narcotraficantes, entre los que cit\u00f3 a Jes\u00fas \u201cEl Rey\u201d Zambada, el clan de los Beltr\u00e1n \u201cLeyva\u201d y tambi\u00e9n a los narcos Sergio Villarreal Barrag\u00e1n, alias \u201cEl Grande\u201d, y \u00c9dgar Valdez Villarreal, conocido como \u201cLa Barbie\u201d.<\/p>\n<p class=\"default__StyledText-xb1qmn-0 cgXrXK body-paragraph\">El narcocontable indic\u00f3 que el mayor pago que registr\u00f3 a nombre de Garc\u00eda Luna fue de 5 millones de d\u00f3lares, pero que tambi\u00e9n recuerda pagos de 3 millones, un mill\u00f3n y de<b>\u00a01.8 millones de d\u00f3lares.<\/b><\/p>\n<p class=\"default__StyledText-xb1qmn-0 cgXrXK body-paragraph\">Vestido con un uniforme de presidiario verde claro, el excontador, que cumple condena en Estados Unidos por narcotr\u00e1fico, testific\u00f3 que como contable de Pineda Villa, alias \u201cGordo Malo\u201d, registraba los ingresos obtenidos del narcotr\u00e1fico, as\u00ed como los gastos y los pagos por los servicios de seguridad estatales, federales y municipales, adem\u00e1s de los sueldos de los trabajadores o los alquileres de casas y almacenes.<\/p>\n<div id=\"arcad-feature-6983\" class=\"default__StyledAdUnit-ijbiyl-0 dmQA-dM arcad-feature margin-md-bottom \">\n<div class=\"arcad-container\">\n<div id=\"lazy_4\">\n<div id=\"box_banner1\" class=\"arcad ad-300x250\" data-google-query-id=\"CN7i4Onw9PwCFY2XAAAdJU0IRA\">\n<div id=\"google_ads_iframe_\/77835600\/ElFinanciero__nacional\/box_banner1_0__container__\"><\/div>\n<\/div>\n<\/div>\n<\/div>\n<\/div>\n<p class=\"default__StyledText-xb1qmn-0 cgXrXK body-paragraph\">\u201cLe ayud\u00e9 a hacer unas<b>\u00a0hojas de contabilidad en Excel<\/b>\u201d, en lugar de registrarlo todo en libros, con la intenci\u00f3n de que pudieran llevar su contabilidad de una manera \u201cm\u00e1s clara\u201d, dijo \u00c1vila desde la tarima.<\/p>\n<p class=\"default__StyledText-xb1qmn-0 cgXrXK body-paragraph\"><i>Con informaci\u00f3n de EFE<\/i><\/p>\n<p>&nbsp;<\/p>\n<\/div>\n","protected":false},"excerpt":{"rendered":"<p>El contador del excapo Mario Pineda Villa sostuvo que conoc\u00eda a Garc\u00eda Luna porque era parte de la n\u00f3mina del C\u00e1rtel de Sinaloa, organizaci\u00f3n delictiva que le pagaba millones de d\u00f3lares. En un nuevo episodio sobre los supuestos nexos que ten\u00eda con narcotraficantes mexicanos\u00a0Genaro Garc\u00eda Luna, exsecretario de Seguridad P\u00fablica durante el sexenio de Felipe Calder\u00f3n, este martes un testigo asegur\u00f3 que el excalderonista ten\u00eda pseud\u00f3nimos para recibir\u00a0millones de d\u00f3lares del C\u00e1rtel de Sinaloa. Durante el juicio en\u00a0contra de Garc\u00eda Luna, el contador del excapo mexicano Mario Pineda Villa, identificado como Israel \u00c1vila, afirm\u00f3 que ten\u00eda registrado en sus libros, [&hellip;]<\/p>\n","protected":false},"author":3,"featured_media":66979,"comment_status":"open","ping_status":"open","sticky":false,"template":"","format":"standard","meta":{"_jetpack_newsletter_access":"","_jetpack_dont_email_post_to_subs":false,"_jetpack_newsletter_tier_id":0,"_jetpack_memberships_contains_paywalled_content":false,"_jetpack_feature_clip_id":0,"_jetpack_memberships_contains_paid_content":false,"footnotes":"","jetpack_publicize_message":"","jetpack_publicize_feature_enabled":true,"jetpack_social_post_already_shared":true,"jetpack_social_options":{"image_generator_settings":{"template":"highway","default_image_id":0,"font":"","enabled":false},"version":2},"jetpack_post_was_ever_published":false},"categories":[75,72],"tags":[],"class_list":["post-67879","post","type-post","status-publish","format-standard","has-post-thumbnail","hentry","category-nacional","category-portada","post--single"],"jetpack_publicize_connections":[],"jetpack_featured_media_url":"https:\/\/ovelanalista.com\/wp-content\/uploads\/2023\/01\/genaro-garcia-luna-1100.webp","jetpack_sharing_enabled":true,"_links":{"self":[{"href":"https:\/\/ovelanalista.com\/index.php?rest_route=\/wp\/v2\/posts\/67879","targetHints":{"allow":["GET"]}}],"collection":[{"href":"https:\/\/ovelanalista.com\/index.php?rest_route=\/wp\/v2\/posts"}],"about":[{"href":"https:\/\/ovelanalista.com\/index.php?rest_route=\/wp\/v2\/types\/post"}],"author":[{"embeddable":true,"href":"https:\/\/ovelanalista.com\/index.php?rest_route=\/wp\/v2\/users\/3"}],"replies":[{"embeddable":true,"href":"https:\/\/ovelanalista.com\/index.php?rest_route=%2Fwp%2Fv2%2Fcomments&post=67879"}],"version-history":[{"count":1,"href":"https:\/\/ovelanalista.com\/index.php?rest_route=\/wp\/v2\/posts\/67879\/revisions"}],"predecessor-version":[{"id":67880,"href":"https:\/\/ovelanalista.com\/index.php?rest_route=\/wp\/v2\/posts\/67879\/revisions\/67880"}],"wp:featuredmedia":[{"embeddable":true,"href":"https:\/\/ovelanalista.com\/index.php?rest_route=\/wp\/v2\/media\/66979"}],"wp:attachment":[{"href":"https:\/\/ovelanalista.com\/index.php?rest_route=%2Fwp%2Fv2%2Fmedia&parent=67879"}],"wp:term":[{"taxonomy":"category","embeddable":true,"href":"https:\/\/ovelanalista.com\/index.php?rest_route=%2Fwp%2Fv2%2Fcategories&post=67879"},{"taxonomy":"post_tag","embeddable":true,"href":"https:\/\/ovelanalista.com\/index.php?rest_route=%2Fwp%2Fv2%2Ftags&post=67879"}],"curies":[{"name":"wp","href":"https:\/\/api.w.org\/{rel}","templated":true}]}}