{"id":67884,"date":"2023-02-01T13:40:10","date_gmt":"2023-02-01T20:40:10","guid":{"rendered":"https:\/\/ovelanalista.com\/?p=67884"},"modified":"2023-02-01T13:30:12","modified_gmt":"2023-02-01T20:30:12","slug":"me-dio-mucho-gusto-amlo-celebra-deslinde-de-cuauhtemoc-cardenas-de-proyecto-mexicolectivo","status":"publish","type":"post","link":"https:\/\/ovelanalista.com\/?p=67884","title":{"rendered":"\u201cMe dio mucho gusto\u201d: AMLO celebra deslinde de Cuauht\u00e9moc C\u00e1rdenas de proyecto Mexicolectivo"},"content":{"rendered":"<p>Un d\u00eda despu\u00e9s de considerarlo \u201cadversario pol\u00edtico\u201d, el presidente L\u00f3pez Obrador dijo estimar y respetar mucho a Cuauht\u00e9moc C\u00e1rdenas<\/p>\n<div class=\"entry-grid__content-area entry-main-text\">\n<header class=\"entry-header mb-4\">\n<div class=\"entry-info entry-info-header mb-0 mb-lg-2\">\n<div class=\"entry-excerpt px-0 pb-3\">\n<p>Un d\u00eda despu\u00e9s de considerarlo \u201cadversario pol\u00edtico\u201d, el presidente L\u00f3pez Obrador dijo estimar y respetar mucho a Cuauht\u00e9moc C\u00e1rdenas<\/p>\n<\/div>\n<\/div>\n<\/header>\n<\/div>\n<div class=\"entry-grid__content-area2 entry-main-text\">\n<div class=\"row\">\n<div class=\"col-12 col-lg-8\">\n<div class=\"article-content\">\n<p><strong><a href=\"https:\/\/twitter.com\/lopezobrador_\" target=\"_blank\" rel=\"noopener noreferrer\">Andr\u00e9s Manuel<\/a>\u00a0L\u00f3pez Obrador<\/strong>, presidente de\u00a0<strong>M\u00e9xico<\/strong>, celebr\u00f3 que el excandidato presidencial\u00a0<strong>Cuauht\u00e9moc C\u00e1rdenas<\/strong>\u00a0se haya\u00a0<a href=\"https:\/\/lopezdoriga.com\/nacional\/cuauhtemoc-cardenas-confirma-su-salida-de-mexicolectivo\/\" target=\"_blank\" rel=\"noopener\"><strong>deslindado<\/strong>\u00a0en una carta<\/a>\u00a0del proyecto pol\u00edtico denominado\u00a0<strong>Mexicolectivo.<\/strong><\/p>\n<\/div>\n<\/div>\n<\/div>\n<\/div>\n<blockquote class=\"twitter-tweet\" data-width=\"550\" data-dnt=\"true\">\n<p lang=\"es\" dir=\"ltr\">&quot;Me dio mucho gusto la carta&quot;, dijo el presidente tras texto de Cuauht\u00e9moc C\u00e1rdenas precisando que no pertenece a Mexicolectivo.<\/p>\n<p>Dijo que, &quot;de todas maneras&quot;, no lo incorporaba en &quot;el grupo de moderados que en realidad son conservadores&quot; <\/p>\n<p>M\u00e1s, en: <a href=\"https:\/\/t.co\/GVLaRePUVK\">https:\/\/t.co\/GVLaRePUVK<\/a> <a href=\"https:\/\/t.co\/Iu7Pm5V9Bf\">pic.twitter.com\/Iu7Pm5V9Bf<\/a><\/p>\n<p>&mdash; Joaqu\u00edn L\u00f3pez-D\u00f3riga (@lopezdoriga) <a href=\"https:\/\/twitter.com\/lopezdoriga\/status\/1620800647133102084?ref_src=twsrc%5Etfw\">February 1, 2023<\/a><\/p><\/blockquote>\n<p><script async src=\"https:\/\/platform.twitter.com\/widgets.js\" charset=\"utf-8\"><\/script><\/p>\n<p>&nbsp;<\/p>\n<div class=\"entry-grid__content-area2 entry-main-text\">\n<div class=\"row\">\n<div class=\"col-12 col-lg-8\">\n<div class=\"article-content\">\n<p>En la conferencia matutina de\u00a0<strong>Palacio Nacional<\/strong>,\u00a0<strong>L\u00f3pez Obrador<\/strong>\u00a0volvi\u00f3 a se\u00f1alar que estima y respeta mucho a\u00a0<strong>C\u00e1rdenas Sol\u00f3rzano<\/strong>, de quien se\u00f1al\u00f3 que es precursor de la\u00a0<strong>democracia<\/strong>\u00a0en el pa\u00eds.<\/p>\n<p><strong>\u201cMe dio mucho gusto lo de la carta del ingeniero<\/strong>. Yo no sab\u00eda, pero \u00e9l ya lo hab\u00eda informado al grupo, lo que pasa es que ko siguieron manejando, entonces cuando me preguntan respond\u00ed de la manera que ustedes saben, pero me da mucho ggusto que el ingeniero haya aclarado\u201d, declar\u00f3.<\/p>\n<p>\u201cEs que de todas maneras no lo incorporaba yo en el grupo de moderados que en realidad son conservadores, porque ayer habl\u00e9 de lo que dec\u00eda Melchor Ocampo, que los moderados no son m\u00e1s que conservadores m\u00e1s despiertos, m\u00e1s audaces, m\u00e1s simuladores\u201d, agreg\u00f3.<\/p>\n<blockquote><p><strong>Celebro mucho que se haya deslindado el ingeniero C\u00e1rdenas<\/strong>\u00a0(\u2026) Yo lo estimo mucho pero adem\u00e1s lo respeto, es precursor del movimiento democr\u00e1tico. Nosotros llegamos a la Presidencia para impulsar una transformaci\u00f3n, la Cuarta Transformaci\u00f3n con el apoyo de millones de mexicanos, esto no es un asunto de un solo hombre, somos millones\u201d, puntualiz\u00f3.<\/p><\/blockquote>\n<p><strong>Cuauht\u00e9moc C\u00e1rdenas<\/strong>\u00a0confirm\u00f3 que dejar\u00e1 la plataforma\u00a0<strong>Mexicolectivo<\/strong>, en la que hab\u00eda sido incluido, despu\u00e9s de que el presidente\u00a0<strong>Andr\u00e9s Manuel L\u00f3pez Obrador<\/strong>\u00a0lo considerara un\u00a0<strong><a href=\"https:\/\/lopezdoriga.com\/nacional\/amlo-cuauhtemoc-cardenas-adversario-mexicolectivo\/\" target=\"_blank\" rel=\"noopener\">adversario pol\u00edtico<\/a>.\u00a0<\/strong><\/p>\n<p>A trav\u00e9s de una\u00a0<strong>carta<\/strong>, el excandidato presidencial, asegur\u00f3 que nunca ha sido convocante de la plataforma\u00a0<strong>Punto de partida<\/strong>, y que en su momento dio a conocer a quienes lo invitaron al proyecto que\u00a0<strong>no seguir\u00eda participando<\/strong>\u00a0en ella.<\/p>\n<\/div>\n<div class=\"ad-container dfp-ad-unit ad-inread ad-slot\" data-ad-type=\"inreadbox\" data-slot=\"inread-multiple\" data-ad-loaded=\"1\" data-ad-setup=\"{&quot;postID&quot;:1501388,&quot;canRefresh&quot;:false,&quot;infinitescroll&quot;:false}\" data-google-query-id=\"CJaF_sSU9fwCFb_V4wcdLv4I4w\">\n<p class=\"jsx-3954459878\">\u201cEn el caso particular de\u00a0<strong>Punto de Partida<\/strong>, cuyo desenvolvimiento como documento he venido conociendo a lo largo del tiempo, en ning\u00fan momento he sido convocante de nadie para que participe en su formulaci\u00f3n y en el ulterior desarrollo. En su momento inform\u00e9 a quienes me invitaron a conocer de este proyecto y a dar seguimiento a su proceso de elaboraci\u00f3n, que a partir de consideraciones de car\u00e1cter pol\u00edtico, no seguir\u00eda participando m\u00e1s\u201d,dijo el fundador del PRD.<\/p>\n<p>Con informaci\u00f3n de L\u00f3pez-D\u00f3riga Digital<\/p>\n<p>&nbsp;<\/p>\n<\/div>\n<\/div>\n<\/div>\n<\/div>\n","protected":false},"excerpt":{"rendered":"<p>Un d\u00eda despu\u00e9s de considerarlo \u201cadversario pol\u00edtico\u201d, el presidente L\u00f3pez Obrador dijo estimar y respetar mucho a Cuauht\u00e9moc C\u00e1rdenas Un d\u00eda despu\u00e9s de considerarlo \u201cadversario pol\u00edtico\u201d, el presidente L\u00f3pez Obrador dijo estimar y respetar mucho a Cuauht\u00e9moc C\u00e1rdenas Andr\u00e9s Manuel\u00a0L\u00f3pez Obrador, presidente de\u00a0M\u00e9xico, celebr\u00f3 que el excandidato presidencial\u00a0Cuauht\u00e9moc C\u00e1rdenas\u00a0se haya\u00a0deslindado\u00a0en una carta\u00a0del proyecto pol\u00edtico denominado\u00a0Mexicolectivo. &quot;Me dio mucho gusto la carta&quot;, dijo el presidente tras texto de Cuauht\u00e9moc C\u00e1rdenas precisando que no pertenece a Mexicolectivo. Dijo que, &quot;de todas maneras&quot;, no lo incorporaba en &quot;el grupo de moderados que en realidad son conservadores&quot; M\u00e1s, en: https:\/\/t.co\/GVLaRePUVK pic.twitter.com\/Iu7Pm5V9Bf &mdash; Joaqu\u00edn L\u00f3pez-D\u00f3riga [&hellip;]<\/p>\n","protected":false},"author":3,"featured_media":67885,"comment_status":"open","ping_status":"open","sticky":false,"template":"","format":"standard","meta":{"_jetpack_newsletter_access":"","_jetpack_dont_email_post_to_subs":false,"_jetpack_newsletter_tier_id":0,"_jetpack_memberships_contains_paywalled_content":false,"_jetpack_feature_clip_id":0,"_jetpack_memberships_contains_paid_content":false,"footnotes":"","jetpack_publicize_message":"","jetpack_publicize_feature_enabled":true,"jetpack_social_post_already_shared":true,"jetpack_social_options":{"image_generator_settings":{"template":"highway","default_image_id":0,"font":"","enabled":false},"version":2},"jetpack_post_was_ever_published":false},"categories":[75,72],"tags":[],"class_list":["post-67884","post","type-post","status-publish","format-standard","has-post-thumbnail","hentry","category-nacional","category-portada","post--single"],"jetpack_publicize_connections":[],"jetpack_featured_media_url":"https:\/\/ovelanalista.com\/wp-content\/uploads\/2023\/02\/cuauhtemoc-cardenas.webp","jetpack_sharing_enabled":true,"_links":{"self":[{"href":"https:\/\/ovelanalista.com\/index.php?rest_route=\/wp\/v2\/posts\/67884","targetHints":{"allow":["GET"]}}],"collection":[{"href":"https:\/\/ovelanalista.com\/index.php?rest_route=\/wp\/v2\/posts"}],"about":[{"href":"https:\/\/ovelanalista.com\/index.php?rest_route=\/wp\/v2\/types\/post"}],"author":[{"embeddable":true,"href":"https:\/\/ovelanalista.com\/index.php?rest_route=\/wp\/v2\/users\/3"}],"replies":[{"embeddable":true,"href":"https:\/\/ovelanalista.com\/index.php?rest_route=%2Fwp%2Fv2%2Fcomments&post=67884"}],"version-history":[{"count":1,"href":"https:\/\/ovelanalista.com\/index.php?rest_route=\/wp\/v2\/posts\/67884\/revisions"}],"predecessor-version":[{"id":67886,"href":"https:\/\/ovelanalista.com\/index.php?rest_route=\/wp\/v2\/posts\/67884\/revisions\/67886"}],"wp:featuredmedia":[{"embeddable":true,"href":"https:\/\/ovelanalista.com\/index.php?rest_route=\/wp\/v2\/media\/67885"}],"wp:attachment":[{"href":"https:\/\/ovelanalista.com\/index.php?rest_route=%2Fwp%2Fv2%2Fmedia&parent=67884"}],"wp:term":[{"taxonomy":"category","embeddable":true,"href":"https:\/\/ovelanalista.com\/index.php?rest_route=%2Fwp%2Fv2%2Fcategories&post=67884"},{"taxonomy":"post_tag","embeddable":true,"href":"https:\/\/ovelanalista.com\/index.php?rest_route=%2Fwp%2Fv2%2Ftags&post=67884"}],"curies":[{"name":"wp","href":"https:\/\/api.w.org\/{rel}","templated":true}]}}