{"id":67887,"date":"2023-02-01T13:50:27","date_gmt":"2023-02-01T20:50:27","guid":{"rendered":"https:\/\/ovelanalista.com\/?p=67887"},"modified":"2023-02-01T13:32:21","modified_gmt":"2023-02-01T20:32:21","slug":"periodo-ordinario-del-congreso-inicia-con-reclamos-a-creel-por-molestia-de-morena-y-gritos-de-chachalacas-2","status":"publish","type":"post","link":"https:\/\/ovelanalista.com\/?p=67887","title":{"rendered":"Periodo Ordinario del Congreso inicia con reclamos a Creel por molestia de Morena y gritos de \u201cchachalacas\u201d"},"content":{"rendered":"<p>La bancada de Morena se molest\u00f3 porque los honores a la bandera se hicieron fuera del pleno porque los integrantes de la escolta estaban armados.<\/p>\n<p>El Congreso General inici\u00f3 el Segundo Periodo Ordinario de Sesiones y el protocolo para rendir honores a la bandera abri\u00f3 la primera confrontaci\u00f3n en\u00a0<strong>San L\u00e1zaro<\/strong>.<\/p>\n<p>Durante la\u00a0<a href=\"https:\/\/www.eluniversal.com.mx\/nacion\/congreso-general-inicia-segundo-periodo-ordinario-de-sesiones-y-estas-son-sus-prioridades\" target=\"_blank\" rel=\"noopener\"><strong>apertura del Segundo Periodo de Sesiones<\/strong><\/a>, del segundo a\u00f1o de ejercicio de la\u00a0<strong>LXV Legislatura<\/strong>, el presidente de la C\u00e1mara de Diputados,<strong>\u00a0Santiago Creel<\/strong>, sali\u00f3 a la parte delantera del recinto para rendir honores a la bandera, pero la bancada de Morena se molest\u00f3 porque asegur\u00f3 que deb\u00edan hacerse dentro del pleno.<\/p>\n<p>Santiago Creel explic\u00f3 que as\u00ed se determin\u00f3 porque la escolta militar estaba armada.<\/p>\n<p>&#8220;Hicimos los honores de la bandera afuera porque los integrantes de la escolta est\u00e1n armados, y no pueden entrar armados a este pleno, por eso convenimos que as\u00ed fuera&#8221;, declar\u00f3 el diputado del\u00a0<strong>PAN<\/strong>.<\/p>\n<p>Pese a ello, ya en el pleno, la bancada de\u00a0<strong>Morena\u00a0<\/strong>comenz\u00f3 a entonar el himno nacional y grit\u00f3 &#8220;irrespetuoso&#8221; al presidente de San L\u00e1zaro.<\/p>\n<p>&#8220;Entiendo la circunstancia en que se convino; sin embargo, como presidente no puedo permitir armas en este sal\u00f3n, que es una soberan\u00eda, que es el Congreso de la Uni\u00f3n al cual me debo&#8221;, insisti\u00f3 Creel, quien as\u00ed declar\u00f3 formalmente abierto el periodo.<\/p>\n<p>&#8220;Se abre el segundo periodo ordinario de sesiones que va a concluir el 30 de abril de este a\u00f1o&#8221;, indic\u00f3.<\/p>\n<p>Posteriormente, la banda de guerra enton\u00f3, de manera formal, el himno nacional, a la vez que Santiago Creel indic\u00f3 que saldr\u00eda nuevamente al frontispicio para despedir a la bandera.<\/p>\n<p>Ante esa circunstancia, los legisladores de Morena volvieron a arremeter contra Creel, a quien le gritaron &#8220;ap\u00e1trida&#8221;, mientras que los panistas respondieron: &#8220;C\u00e1llense chachalacas&#8221;.<\/p>\n<p>&nbsp;<\/p>\n<p>Con informaci\u00f3n de El Universal<\/p>\n<div class=\"publicidadnueva dfp-contenedor-imagen\">\n<div id=\"dfp-ad-eluniversal_com_mx_responsive_top-wrapper\" class=\"dfp-tag-wrapperNew\"><\/div>\n<\/div>\n","protected":false},"excerpt":{"rendered":"<p>La bancada de Morena se molest\u00f3 porque los honores a la bandera se hicieron fuera del pleno porque los integrantes de la escolta estaban armados. El Congreso General inici\u00f3 el Segundo Periodo Ordinario de Sesiones y el protocolo para rendir honores a la bandera abri\u00f3 la primera confrontaci\u00f3n en\u00a0San L\u00e1zaro. Durante la\u00a0apertura del Segundo Periodo de Sesiones, del segundo a\u00f1o de ejercicio de la\u00a0LXV Legislatura, el presidente de la C\u00e1mara de Diputados,\u00a0Santiago Creel, sali\u00f3 a la parte delantera del recinto para rendir honores a la bandera, pero la bancada de Morena se molest\u00f3 porque asegur\u00f3 que deb\u00edan hacerse dentro del [&hellip;]<\/p>\n","protected":false},"author":3,"featured_media":67882,"comment_status":"open","ping_status":"open","sticky":false,"template":"","format":"standard","meta":{"_jetpack_newsletter_access":"","_jetpack_dont_email_post_to_subs":false,"_jetpack_newsletter_tier_id":0,"_jetpack_memberships_contains_paywalled_content":false,"_jetpack_feature_clip_id":0,"_jetpack_memberships_contains_paid_content":false,"footnotes":"","jetpack_publicize_message":"","jetpack_publicize_feature_enabled":true,"jetpack_social_post_already_shared":true,"jetpack_social_options":{"image_generator_settings":{"template":"highway","default_image_id":0,"font":"","enabled":false},"version":2},"jetpack_post_was_ever_published":false},"categories":[75,72],"tags":[],"class_list":["post-67887","post","type-post","status-publish","format-standard","has-post-thumbnail","hentry","category-nacional","category-portada","post--single"],"jetpack_publicize_connections":[],"jetpack_featured_media_url":"https:\/\/ovelanalista.com\/wp-content\/uploads\/2023\/02\/santiago_creel.webp","jetpack_sharing_enabled":true,"_links":{"self":[{"href":"https:\/\/ovelanalista.com\/index.php?rest_route=\/wp\/v2\/posts\/67887","targetHints":{"allow":["GET"]}}],"collection":[{"href":"https:\/\/ovelanalista.com\/index.php?rest_route=\/wp\/v2\/posts"}],"about":[{"href":"https:\/\/ovelanalista.com\/index.php?rest_route=\/wp\/v2\/types\/post"}],"author":[{"embeddable":true,"href":"https:\/\/ovelanalista.com\/index.php?rest_route=\/wp\/v2\/users\/3"}],"replies":[{"embeddable":true,"href":"https:\/\/ovelanalista.com\/index.php?rest_route=%2Fwp%2Fv2%2Fcomments&post=67887"}],"version-history":[{"count":1,"href":"https:\/\/ovelanalista.com\/index.php?rest_route=\/wp\/v2\/posts\/67887\/revisions"}],"predecessor-version":[{"id":67888,"href":"https:\/\/ovelanalista.com\/index.php?rest_route=\/wp\/v2\/posts\/67887\/revisions\/67888"}],"wp:featuredmedia":[{"embeddable":true,"href":"https:\/\/ovelanalista.com\/index.php?rest_route=\/wp\/v2\/media\/67882"}],"wp:attachment":[{"href":"https:\/\/ovelanalista.com\/index.php?rest_route=%2Fwp%2Fv2%2Fmedia&parent=67887"}],"wp:term":[{"taxonomy":"category","embeddable":true,"href":"https:\/\/ovelanalista.com\/index.php?rest_route=%2Fwp%2Fv2%2Fcategories&post=67887"},{"taxonomy":"post_tag","embeddable":true,"href":"https:\/\/ovelanalista.com\/index.php?rest_route=%2Fwp%2Fv2%2Ftags&post=67887"}],"curies":[{"name":"wp","href":"https:\/\/api.w.org\/{rel}","templated":true}]}}