{"id":67929,"date":"2023-02-01T15:30:17","date_gmt":"2023-02-01T22:30:17","guid":{"rendered":"https:\/\/ovelanalista.com\/?p=67929"},"modified":"2023-02-01T14:23:47","modified_gmt":"2023-02-01T21:23:47","slug":"pese-a-resolucion-de-la-corte-amlo-insiste-en-rocio-nahle-para-la-gubernatura-de-veracruz","status":"publish","type":"post","link":"https:\/\/ovelanalista.com\/?p=67929","title":{"rendered":"Pese a resoluci\u00f3n de la Corte, AMLO insiste en Roc\u00edo Nahle para la gubernatura de Veracruz"},"content":{"rendered":"<h2 class=\"article-subheadline\">La titular de Sener asegur\u00f3 que cumple con los requisitos para ser candidata y que por ahora est\u00e1 aplicada ayudando al presidente con la transformaci\u00f3n del pa\u00eds<\/h2>\n<div class=\"byline\">\n<div class=\"byline-text-wrapper\">La\u00a0<b>secretaria de Energ\u00eda, Norma Roc\u00edo Nahle Garc\u00eda<\/b>, asegur\u00f3 este mi\u00e9rcoles que cumple con los requisitos legales para contender por la\u00a0<b>gubernatura de Veracruz en 2024\u00a0<\/b>y destac\u00f3 el apoyo expresado esta ma\u00f1ana por el presidente<b>\u00a0Andr\u00e9s Manuel L\u00f3pez Obrador<\/b>, quien consider\u00f3 que de ganar la encuesta de Morena, no tendr\u00eda inconveniente en presentarse a las urnas para suceder a\u00a0<b>Cuitl\u00e1huac Garc\u00eda<\/b>.<\/div>\n<\/div>\n<div><\/div>\n<div>Este martes, la\u00a0<a href=\"https:\/\/www.infobae.com\/mexico\/2023\/01\/31\/scjn-invalido-la-ley-nahle-la-secretaria-de-energia-no-podra-ser-candidata-en-veracruz\/\" target=\"_blank\" rel=\"noopener\"><b>Suprema Corte de Justicia de la Naci\u00f3n<\/b><\/a>\u00a0(SCJN)\u00a0<b>invalid\u00f3 la llamada Ley Nahle<\/b>\u00a0en la legislaci\u00f3n local de<b>\u00a0Veracruz<\/b>, con la cual se a\u00f1adieron causales, adem\u00e1s del haber nacido en la entidad, para que una persona sea considerada veracruzana. Medida que beneficiaba a las aspiraciones electorales de la actual titular de Sener.<\/div>\n<div><\/div>\n<div>En su conferencia en Palacio Nacional, el titular del Ejecutivo consider\u00f3 que la decisi\u00f3n de la Suprema Corte al invalidar parte de la llamada \u201c<b>ley Nahle<\/b>\u201d en la<a href=\"https:\/\/www.legisver.gob.mx\/leyes\/ConstitucionPDF\/CONSTITUCION0407172.pdf\" target=\"_blank\" rel=\"noopener\">\u00a0Constituci\u00f3n veracruzana<\/a>, no representa un obst\u00e1culo para la postulaci\u00f3n de la funcionaria federal, y record\u00f3 que la oriunda de Zacatecas ya ha sido diputada federal y senadora por Veracruz.<\/div>\n<div><\/div>\n<div>https:\/\/twitter.com\/rocionahle\/status\/1620816524520091648?ref_src=twsrc%5Etfw%7Ctwcamp%5Etweetembed%7Ctwterm%5E1620816524520091648%7Ctwgr%5Ed475f1abdf041a1d988bffc1be199e4e6d24fdf2%7Ctwcon%5Es1_c10&amp;ref_url=https%3A%2F%2Fwww.infobae.com%2Fmexico%2F2023%2F02%2F01%2Fpese-a-resolucion-de-la-corte-amlo-insiste-en-rocio-nahle-para-la-gubernatura-de-veracruz%2F<\/div>\n<div><\/div>\n<div>\u201cYa Roc\u00edo fue diputada federal, senadora por Veracruz.<b>\u00a0Diputada federal por el distrito de Coatzacoalcos,<\/b>\u00a0que gan\u00f3 de mayor\u00eda. Gan\u00f3 de mayor\u00eda el Senado\u2026 es senadora de Veracruz con licencia porque nos est\u00e1 ayudando en la\u00a0<b>Secretar\u00eda de Energ\u00eda<\/b>\u00a0y en la construcci\u00f3n y rehabilitaci\u00f3n de las refiner\u00edas, pero gan\u00f3 de mayor\u00eda, no es plurinominal\u201d, explic\u00f3 el mandatario federal.<\/div>\n<div><\/div>\n<div>\n<p class=\"paragraph\">De acuerdo con el portal del Congreso, Nahle dej\u00f3 su esca\u00f1o en el Senado de la Rep\u00fablica el 27 de noviembre de 2018, previo a la toma de posesi\u00f3n de Andr\u00e9s Manuel L\u00f3pez Obrador. A partir de diciembre de aqu\u00e9l a\u00f1o se integr\u00f3 al gabinete federal como secretar\u00eda de Energ\u00eda y en los \u00faltimos a\u00f1os su labor ha estado concentrada en Para\u00edso, Tabasco, donde se construye la Refiner\u00eda Olmeca de Dos Bocas.<\/p>\n<p class=\"paragraph\">La pol\u00e9mica data del 11 de agosto de 2022, cuando Morena impuls\u00f3 la modificaci\u00f3n al<b>\u00a0art\u00edculo 11 de la Constituci\u00f3n del Estado de Veracruz<\/b>\u00a0para adicionar la fracci\u00f3n tercera, la cual indica que: \u201cSon veracruzanos las o los\u00a0mexicanos nacidos fuera del territorio del estado, con hijos veracruzanos o con una residencia efectiva de cinco a\u00f1os\u00a0en territorio veracruzano\u201d.<\/p>\n<div class=\"visual__image\">\n<div style=\"width: 1290px\" class=\"wp-caption alignnone\"><img loading=\"lazy\" decoding=\"async\" src=\"https:\/\/cloudfront-us-east-1.images.arcpublishing.com\/infobae\/M5LMV3POHVGJZBSBLSEVQ6PXXM.jfif\" alt=\"Roc\u00edo Nahle y Cuitl\u00e1huac Garc\u00eda (Foto: especial)\" width=\"1280\" height=\"853\" \/><p class=\"wp-caption-text\">Roc\u00edo Nahle y Cuitl\u00e1huac Garc\u00eda (Foto: especial)<\/p><\/div>\n<\/div>\n<p class=\"paragraph\">Este mi\u00e9rcoles, L\u00f3pez Obrador apunt\u00f3 que el art\u00edculo 11 de la Constituci\u00f3n local jarocha, adem\u00e1s de considerar como veracruzanos \u201ca los hijos de padre o madre nativos del Estado\u201d, tambi\u00e9n otorga esta condici\u00f3n a las personas con residencia efectiva de 5 a\u00f1os (parte de la reforma de 2022), lo cual abre las puertas a Roc\u00edo Nahle, pues ella fue dos veces legisladora federal por esa entidad.<\/p>\n<p class=\"paragraph\">\u201cPues yo no entiendo bien c\u00f3mo est\u00e1 esa resoluci\u00f3n, yo creo que no la limita\u2026 yo recuerdo que, creo que el art\u00edculo 11 de la Constituci\u00f3n del estado, establece que para ser gobernador de Veracruz se necesita ser originario o hijo de veracruzanos, por ejemplo, yo puedo (ser gobernador) porque mi pap\u00e1 era de Veracruz, mi madre tabasque\u00f1a, de acuerdo con la Constituci\u00f3n, pero se puede tambi\u00e9n por la residencia y ya Roc\u00edo fue diputada federal y senadora por el estado de Veracruz\u201d, expres\u00f3.<\/p>\n<p class=\"paragraph\">Luego de la postura del presidente de la Rep\u00fablica, la secretaria de Energ\u00eda se pronunci\u00f3 en Twitter, donde asegur\u00f3 que cumple con la residencia en Veracruz, a\u00fan cuando en los \u00faltimos a\u00f1os ha despachado desde la Ciudad de M\u00e9xico y Tabasco.<\/p>\n<p class=\"paragraph\">\u201cMi compromiso y convicci\u00f3n es la transformaci\u00f3n en y en eso estoy aplicada ayudando al presidente \u2066<b>Andr\u00e9s Manuel L\u00f3pez Obrador<\/b>. Ayer la SCJN\u2069 determin\u00f3 que lo no nacidos en Veracruz si somos veracruzanos con un tiempo de residencia efectiva de 5 a\u00f1os. Se acata y se cumple\u201d, expres\u00f3 la titular de Sener.<\/p>\n<\/div>\n<p>&nbsp;<\/p>\n<p>Con informaci\u00f3n de Infobae<\/p>\n<div>\n<div class=\"recommended-card__devider\"><\/div>\n<div class=\"recommended-card__info recommended-card__info--seconds\">\n<div class=\"recommended-card__info-title recommended-card__info-title--seconds\"><\/div>\n<\/div>\n<\/div>\n","protected":false},"excerpt":{"rendered":"<p>La titular de Sener asegur\u00f3 que cumple con los requisitos para ser candidata y que por ahora est\u00e1 aplicada ayudando al presidente con la transformaci\u00f3n del pa\u00eds La\u00a0secretaria de Energ\u00eda, Norma Roc\u00edo Nahle Garc\u00eda, asegur\u00f3 este mi\u00e9rcoles que cumple con los requisitos legales para contender por la\u00a0gubernatura de Veracruz en 2024\u00a0y destac\u00f3 el apoyo expresado esta ma\u00f1ana por el presidente\u00a0Andr\u00e9s Manuel L\u00f3pez Obrador, quien consider\u00f3 que de ganar la encuesta de Morena, no tendr\u00eda inconveniente en presentarse a las urnas para suceder a\u00a0Cuitl\u00e1huac Garc\u00eda. Este martes, la\u00a0Suprema Corte de Justicia de la Naci\u00f3n\u00a0(SCJN)\u00a0invalid\u00f3 la llamada Ley Nahle\u00a0en la legislaci\u00f3n local [&hellip;]<\/p>\n","protected":false},"author":3,"featured_media":67931,"comment_status":"open","ping_status":"open","sticky":false,"template":"","format":"standard","meta":{"_jetpack_newsletter_access":"","_jetpack_dont_email_post_to_subs":false,"_jetpack_newsletter_tier_id":0,"_jetpack_memberships_contains_paywalled_content":false,"_jetpack_feature_clip_id":0,"_jetpack_memberships_contains_paid_content":false,"footnotes":"","jetpack_publicize_message":"","jetpack_publicize_feature_enabled":true,"jetpack_social_post_already_shared":true,"jetpack_social_options":{"image_generator_settings":{"template":"highway","default_image_id":0,"font":"","enabled":false},"version":2},"jetpack_post_was_ever_published":false},"categories":[75,72],"tags":[],"class_list":["post-67929","post","type-post","status-publish","format-standard","has-post-thumbnail","hentry","category-nacional","category-portada","post--single"],"jetpack_publicize_connections":[],"jetpack_featured_media_url":"https:\/\/ovelanalista.com\/wp-content\/uploads\/2023\/02\/Captura-de-Pantalla-2023-02-01-a-las-14.22.30.png","jetpack_sharing_enabled":true,"_links":{"self":[{"href":"https:\/\/ovelanalista.com\/index.php?rest_route=\/wp\/v2\/posts\/67929","targetHints":{"allow":["GET"]}}],"collection":[{"href":"https:\/\/ovelanalista.com\/index.php?rest_route=\/wp\/v2\/posts"}],"about":[{"href":"https:\/\/ovelanalista.com\/index.php?rest_route=\/wp\/v2\/types\/post"}],"author":[{"embeddable":true,"href":"https:\/\/ovelanalista.com\/index.php?rest_route=\/wp\/v2\/users\/3"}],"replies":[{"embeddable":true,"href":"https:\/\/ovelanalista.com\/index.php?rest_route=%2Fwp%2Fv2%2Fcomments&post=67929"}],"version-history":[{"count":1,"href":"https:\/\/ovelanalista.com\/index.php?rest_route=\/wp\/v2\/posts\/67929\/revisions"}],"predecessor-version":[{"id":67932,"href":"https:\/\/ovelanalista.com\/index.php?rest_route=\/wp\/v2\/posts\/67929\/revisions\/67932"}],"wp:featuredmedia":[{"embeddable":true,"href":"https:\/\/ovelanalista.com\/index.php?rest_route=\/wp\/v2\/media\/67931"}],"wp:attachment":[{"href":"https:\/\/ovelanalista.com\/index.php?rest_route=%2Fwp%2Fv2%2Fmedia&parent=67929"}],"wp:term":[{"taxonomy":"category","embeddable":true,"href":"https:\/\/ovelanalista.com\/index.php?rest_route=%2Fwp%2Fv2%2Fcategories&post=67929"},{"taxonomy":"post_tag","embeddable":true,"href":"https:\/\/ovelanalista.com\/index.php?rest_route=%2Fwp%2Fv2%2Ftags&post=67929"}],"curies":[{"name":"wp","href":"https:\/\/api.w.org\/{rel}","templated":true}]}}