{"id":67933,"date":"2023-02-01T15:40:01","date_gmt":"2023-02-01T22:40:01","guid":{"rendered":"https:\/\/ovelanalista.com\/?p=67933"},"modified":"2023-02-01T14:36:26","modified_gmt":"2023-02-01T21:36:26","slug":"ratifican-pan-y-pri-sin-prd-pacto-electoral","status":"publish","type":"post","link":"https:\/\/ovelanalista.com\/?p=67933","title":{"rendered":"Ratifican PAN y PRI, sin PRD, pacto electoral"},"content":{"rendered":"<p data-t=\"{&quot;n&quot;:&quot;blueLinks&quot;}\">Los partidos Acci\u00f3n Nacional y Revolucionario Institucional ratificaron el acuerdo de coalici\u00f3n rumbo a 2024, a fin de que sea el primero el que conduzca el proceso de elecci\u00f3n del candidato presidencial.<\/p>\n<div class=\"article-image-container   \" data-t=\"{&quot;n&quot;:&quot;OpenModal&quot;,&quot;t&quot;:13}\">\n<p data-t=\"{&quot;n&quot;:&quot;blueLinks&quot;}\">En un comunicado conjunto que no fue suscrito por el PRD, ambos institutos pol\u00edticos reiteraron que la designaci\u00f3n del candidato a la Presidencia de la Rep\u00fablica y a la Jefatura de Gobierno de la Ciudad de M\u00e9xico se llevar\u00e1 a cabo bajo las reglas estatutarias del PAN.<\/p>\n<p data-t=\"{&quot;n&quot;:&quot;blueLinks&quot;}\">&#8220;Acci\u00f3n Nacional siglar\u00e1 y ser\u00e1 el responsable de conducir el proceso para elegir al abanderado o abanderada rumbo a la Presidencia de la Rep\u00fablica y CDMX, tambi\u00e9n bajo sus reglas democr\u00e1ticas estatutarias, tomando siempre en cuenta la opini\u00f3n de diversos grupos de la sociedad civil&#8221;, se\u00f1ala el comunicado.<\/p>\n<p data-t=\"{&quot;n&quot;:&quot;blueLinks&quot;}\">Aunque ambos partidos aseguraron que en todos los procesos podr\u00e1n participar ciudadanos con o sin militancia partidista, el PRD que forma parte de la alianza Va por M\u00e9xico no suscribi\u00f3 el acuerdo.<\/p>\n<div class=\"article-clear-div\"><\/div>\n<p data-t=\"{&quot;n&quot;:&quot;blueLinks&quot;}\">En diversas ocasiones, el l\u00edder nacional de ese partido, Jes\u00fas Zambrano, se manifest\u00f3 en contra del acuerdo PAN-PRI y solicit\u00f3 a sus aliados la inclusi\u00f3n de la sociedad civil en las decisiones rumb\u00f3 a las elecciones de 2023 y 2024, pero a trav\u00e9s de un m\u00e9todo abierto y transparente.<\/p>\n<p class=\"continue-read-break\" data-t=\"{&quot;n&quot;:&quot;blueLinks&quot;}\">Est\u00e1 petici\u00f3n fue suscrita por organizaciones civiles que en d\u00edas pasados se reunieron con los dirigentes de los tres partidos que conforman la alianza Va por M\u00e9xico.<\/p>\n<p data-t=\"{&quot;n&quot;:&quot;blueLinks&quot;}\">De acuerdo con el documento, PAN y PRI se comprometen a proponer perfiles competitivos para ganar las elecciones y constituir buenos Gobiernos de Coalici\u00f3n.<\/p>\n<p data-t=\"{&quot;n&quot;:&quot;blueLinks&quot;}\">Aseguran que buscar\u00e1n sumar a m\u00e1s partidos opositores y que escuchar\u00e1n siempre las voces de los diversos grupos de la sociedad civil para construir un proyecto conjunto.<\/p>\n<p data-t=\"{&quot;n&quot;:&quot;blueLinks&quot;}\">&#8220;Ambas instituciones pol\u00edticas refrendan un llamado a otras fuerzas pol\u00edticas de oposici\u00f3n y a las diversas organizaciones de la sociedad civil a sumar esfuerzos en este proyecto de cambio&#8221;, se\u00f1alaron.<\/p>\n<p data-t=\"{&quot;n&quot;:&quot;blueLinks&quot;}\">Adem\u00e1s, refrendaron el compromiso tripartita de ir juntos en el proceso de selecci\u00f3n de los consejeros del INE y de los magistrados del Tribunal Electoral.<\/p>\n<p data-t=\"{&quot;n&quot;:&quot;blueLinks&quot;}\">&#8220;Acci\u00f3n Nacional y el Revolucionario Institucional se comprometen a encabezar esta propuesta para corregir el rumbo y cambiar a M\u00e9xico, para detener el autoritarismo y la destrucci\u00f3n de las instituciones que se ha dado durante este sexenio&#8221;, reiteraron.<\/p>\n<\/div>\n<p data-t=\"{&quot;n&quot;:&quot;blueLinks&quot;}\">\n<p data-t=\"{&quot;n&quot;:&quot;blueLinks&quot;}\">Con informaci\u00f3n de Reforma<\/p>\n","protected":false},"excerpt":{"rendered":"<p>Los partidos Acci\u00f3n Nacional y Revolucionario Institucional ratificaron el acuerdo de coalici\u00f3n rumbo a 2024, a fin de que sea el primero el que conduzca el proceso de elecci\u00f3n del candidato presidencial. En un comunicado conjunto que no fue suscrito por el PRD, ambos institutos pol\u00edticos reiteraron que la designaci\u00f3n del candidato a la Presidencia de la Rep\u00fablica y a la Jefatura de Gobierno de la Ciudad de M\u00e9xico se llevar\u00e1 a cabo bajo las reglas estatutarias del PAN. &#8220;Acci\u00f3n Nacional siglar\u00e1 y ser\u00e1 el responsable de conducir el proceso para elegir al abanderado o abanderada rumbo a la Presidencia [&hellip;]<\/p>\n","protected":false},"author":3,"featured_media":54808,"comment_status":"open","ping_status":"open","sticky":false,"template":"","format":"standard","meta":{"_jetpack_newsletter_access":"","_jetpack_dont_email_post_to_subs":false,"_jetpack_newsletter_tier_id":0,"_jetpack_memberships_contains_paywalled_content":false,"_jetpack_feature_clip_id":0,"_jetpack_memberships_contains_paid_content":false,"footnotes":"","jetpack_publicize_message":"","jetpack_publicize_feature_enabled":true,"jetpack_social_post_already_shared":true,"jetpack_social_options":{"image_generator_settings":{"template":"highway","default_image_id":0,"font":"","enabled":false},"version":2},"jetpack_post_was_ever_published":false},"categories":[75,72],"tags":[],"class_list":["post-67933","post","type-post","status-publish","format-standard","has-post-thumbnail","hentry","category-nacional","category-portada","post--single"],"jetpack_publicize_connections":[],"jetpack_featured_media_url":"https:\/\/ovelanalista.com\/wp-content\/uploads\/2022\/09\/MARKO-3.jpeg","jetpack_sharing_enabled":true,"_links":{"self":[{"href":"https:\/\/ovelanalista.com\/index.php?rest_route=\/wp\/v2\/posts\/67933","targetHints":{"allow":["GET"]}}],"collection":[{"href":"https:\/\/ovelanalista.com\/index.php?rest_route=\/wp\/v2\/posts"}],"about":[{"href":"https:\/\/ovelanalista.com\/index.php?rest_route=\/wp\/v2\/types\/post"}],"author":[{"embeddable":true,"href":"https:\/\/ovelanalista.com\/index.php?rest_route=\/wp\/v2\/users\/3"}],"replies":[{"embeddable":true,"href":"https:\/\/ovelanalista.com\/index.php?rest_route=%2Fwp%2Fv2%2Fcomments&post=67933"}],"version-history":[{"count":1,"href":"https:\/\/ovelanalista.com\/index.php?rest_route=\/wp\/v2\/posts\/67933\/revisions"}],"predecessor-version":[{"id":67934,"href":"https:\/\/ovelanalista.com\/index.php?rest_route=\/wp\/v2\/posts\/67933\/revisions\/67934"}],"wp:featuredmedia":[{"embeddable":true,"href":"https:\/\/ovelanalista.com\/index.php?rest_route=\/wp\/v2\/media\/54808"}],"wp:attachment":[{"href":"https:\/\/ovelanalista.com\/index.php?rest_route=%2Fwp%2Fv2%2Fmedia&parent=67933"}],"wp:term":[{"taxonomy":"category","embeddable":true,"href":"https:\/\/ovelanalista.com\/index.php?rest_route=%2Fwp%2Fv2%2Fcategories&post=67933"},{"taxonomy":"post_tag","embeddable":true,"href":"https:\/\/ovelanalista.com\/index.php?rest_route=%2Fwp%2Fv2%2Ftags&post=67933"}],"curies":[{"name":"wp","href":"https:\/\/api.w.org\/{rel}","templated":true}]}}