{"id":67936,"date":"2023-02-01T15:50:54","date_gmt":"2023-02-01T22:50:54","guid":{"rendered":"https:\/\/ovelanalista.com\/?p=67936"},"modified":"2023-02-01T14:41:51","modified_gmt":"2023-02-01T21:41:51","slug":"lo-estimo-y-lo-respeto-amlo-celebra-deslinde-de-cardenas-de-mexicolectivo","status":"publish","type":"post","link":"https:\/\/ovelanalista.com\/?p=67936","title":{"rendered":"\u201cLo estimo y lo respeto\u201d: AMLO celebra deslinde de C\u00e1rdenas de Mexicolectivo"},"content":{"rendered":"<p data-t=\"{&quot;n&quot;:&quot;blueLinks&quot;}\">El presidente Andr\u00e9s Manuel L\u00f3pez Obrador (<strong>AMLO<\/strong>), dijo que le dio \u201cmucho gusto\u201d saber que\u00a0<strong>Cuauht\u00e9moc C\u00e1rdenas<\/strong>\u00a0se deslind\u00f3 de la iniciativa\u00a0<em>Mexicolectivo<\/em>, luego de considerarlo \u201cadversario pol\u00edtico\u201d.<\/p>\n<div class=\"article-image-slot\" data-image-href=\"https:\/\/www.msn.com\/es-mx\/noticias\/mexico\/lo-estimo-y-lo-respeto-amlo-celebra-deslinde-de-c%C3%A1rdenas-de-mexicolectivo\/ar-AA16ZYFN?cvid=bbf0e5e77a974e10a48c0d44f2ad4685&amp;fullscreen=true#image=1\" data-doc-id=\"cms\/api\/amp\/image\/AA16ZCUJ\" data-rendered=\"true\">\n<div class=\"article-image-container   \" data-t=\"{&quot;n&quot;:&quot;OpenModal&quot;,&quot;t&quot;:13}\">\n<p data-t=\"{&quot;n&quot;:&quot;blueLinks&quot;}\">Durante la\u00a0<a tabindex=\"0\" href=\"https:\/\/www.youtube.com\/watch?v=eAyMTN8FQt8\" target=\"_blank\" rel=\"noopener\" data-t=\"{&quot;n&quot;:&quot;destination&quot;,&quot;t&quot;:13,&quot;b&quot;:1,&quot;c.t&quot;:7}\"><strong>conferencia<\/strong><\/a>de prensa matutina, el mandatario declar\u00f3 que \u201cel ingeniero ya hab\u00eda informado al grupo que no iba a formar parte pero lo siguieron incluyendo\u201d.<\/p>\n<p data-t=\"{&quot;n&quot;:&quot;blueLinks&quot;}\">\u201cCuando me preguntan mi opini\u00f3n sobre \u00e9l en dicho grupo, yo respond\u00ed, pero me da mucho gusto que el ingeniero lo haya aclarado. De todas maneras, yo no lo incorporaba en el grupo de moderados que en realidad son conservadores\u201d, dijo L\u00f3pez Obrador desde\u00a0<strong>Palacio Nacional<\/strong>.<\/p>\n<h2 class=\"article-sub-heading\">Pol\u00e9mica entre AMLO y Cuauht\u00e9moc C\u00e1rdenas<\/h2>\n<p data-t=\"{&quot;n&quot;:&quot;blueLinks&quot;}\">El pasado 31 de enero, el presidente hab\u00eda mencionado que respeta mucho a C\u00e1rdenas; sin embargo, dijo, son tiempos de definiciones, en donde se debe de decidir si se est\u00e1 \u201c<strong>con el pueblo o la oligarqu\u00eda<\/strong>\u201d.<\/p>\n<p data-t=\"{&quot;n&quot;:&quot;blueLinks&quot;}\">\u201cEn pol\u00edtica s\u00ed, si \u00e9l asume una postura de este tipo. Lo estimo mucho, lo respeto, lo considero precursor de este movimiento, pero estamos viviendo un\u00a0<strong>momento de definiciones<\/strong>\u201d, agreg\u00f3.<\/p>\n<p class=\"continue-read-break\" data-t=\"{&quot;n&quot;:&quot;blueLinks&quot;}\">Las declaraciones del presidente se dieron luego del anuncio de\u00a0<em>Mexicolectivo<\/em>, una nueva plataforma formada por exintegrantes de diversos partidos pol\u00edticos, as\u00ed como de la sociedad civil, para las<strong>\u00a0elecciones del 2024<\/strong>.<\/p>\n<div class=\"article-clear-div\"><\/div>\n<div class=\"article-image-slot\" data-image-href=\"https:\/\/www.msn.com\/es-mx\/noticias\/mexico\/lo-estimo-y-lo-respeto-amlo-celebra-deslinde-de-c%C3%A1rdenas-de-mexicolectivo\/ar-AA16ZYFN?cvid=bbf0e5e77a974e10a48c0d44f2ad4685&amp;fullscreen=true#image=2\" data-doc-id=\"cms\/api\/amp\/image\/AA16ZJGZ\" data-rendered=\"true\">\n<div class=\"article-image-container   \" data-t=\"{&quot;n&quot;:&quot;OpenModal&quot;,&quot;t&quot;:13}\">\n<div style=\"width: 610px\" class=\"wp-caption alignnone\"><a class=\"article-image-height-wrapper\" href=\"https:\/\/www.msn.com\/es-mx\/noticias\/mexico\/lo-estimo-y-lo-respeto-amlo-celebra-deslinde-de-c%C3%A1rdenas-de-mexicolectivo\/ar-AA16ZYFN?cvid=bbf0e5e77a974e10a48c0d44f2ad4685&amp;fullscreen=true#image=2\" data-t=\"{&quot;n&quot;:&quot;destination&quot;,&quot;t&quot;:14,&quot;b&quot;:1,&quot;c.t&quot;:14}\"><img loading=\"lazy\" decoding=\"async\" class=\"article-image \" tabindex=\"0\" title=\"Foto: Cuartoscuro\" src=\"https:\/\/img-s-msn-com.akamaized.net\/tenant\/amp\/entityid\/AA16ZJGZ.img?w=600&amp;h=400&amp;m=6&amp;x=277&amp;y=124&amp;s=79&amp;d=79\" alt=\"Foto: Cuartoscuro\" width=\"600\" height=\"400\" \/><\/a><p class=\"wp-caption-text\">Foto: Cuartoscuro\u00a9\u00a0Proporcionado por Animal Pol\u00edtico<\/p><\/div>\n<div class=\"image-caption-container   content-small-text \"><\/div>\n<\/div>\n<\/div>\n<p data-t=\"{&quot;n&quot;:&quot;blueLinks&quot;}\">Tras las declaraciones de L\u00f3pez Obrador, Cuauht\u00e9moc C\u00e1rdenas public\u00f3 una\u00a0<strong>carta<\/strong>\u00a0en la cual asegur\u00f3 que cuando lo invitaron a formar parte de la iniciativa\u00a0<strong>decidi\u00f3 no unirse<\/strong>\u00a0debido a \u201cconsideraciones de car\u00e1cter pol\u00edtico\u201d.<\/p>\n<p data-t=\"{&quot;n&quot;:&quot;blueLinks&quot;}\">Ante la noticia, el mandatario dijo celebrar dicha decisi\u00f3n. \u201cYo lo estimo mucho pero adem\u00e1s lo respeto porque es precursor del movimiento democr\u00e1tico\u201d, concluy\u00f3.<\/p>\n<\/div>\n<\/div>\n<p data-t=\"{&quot;n&quot;:&quot;blueLinks&quot;}\">Con informaci\u00f3n de Animal Pol\u00edtico<\/p>\n","protected":false},"excerpt":{"rendered":"<p>El presidente Andr\u00e9s Manuel L\u00f3pez Obrador (AMLO), dijo que le dio \u201cmucho gusto\u201d saber que\u00a0Cuauht\u00e9moc C\u00e1rdenas\u00a0se deslind\u00f3 de la iniciativa\u00a0Mexicolectivo, luego de considerarlo \u201cadversario pol\u00edtico\u201d. Durante la\u00a0conferenciade prensa matutina, el mandatario declar\u00f3 que \u201cel ingeniero ya hab\u00eda informado al grupo que no iba a formar parte pero lo siguieron incluyendo\u201d. \u201cCuando me preguntan mi opini\u00f3n sobre \u00e9l en dicho grupo, yo respond\u00ed, pero me da mucho gusto que el ingeniero lo haya aclarado. De todas maneras, yo no lo incorporaba en el grupo de moderados que en realidad son conservadores\u201d, dijo L\u00f3pez Obrador desde\u00a0Palacio Nacional. Pol\u00e9mica entre AMLO y Cuauht\u00e9moc [&hellip;]<\/p>\n","protected":false},"author":3,"featured_media":64764,"comment_status":"open","ping_status":"open","sticky":false,"template":"","format":"standard","meta":{"_jetpack_newsletter_access":"","_jetpack_dont_email_post_to_subs":false,"_jetpack_newsletter_tier_id":0,"_jetpack_memberships_contains_paywalled_content":false,"_jetpack_feature_clip_id":0,"_jetpack_memberships_contains_paid_content":false,"footnotes":"","jetpack_publicize_message":"","jetpack_publicize_feature_enabled":true,"jetpack_social_post_already_shared":true,"jetpack_social_options":{"image_generator_settings":{"template":"highway","default_image_id":0,"font":"","enabled":false},"version":2},"jetpack_post_was_ever_published":false},"categories":[75,72],"tags":[],"class_list":["post-67936","post","type-post","status-publish","format-standard","has-post-thumbnail","hentry","category-nacional","category-portada","post--single"],"jetpack_publicize_connections":[],"jetpack_featured_media_url":"https:\/\/ovelanalista.com\/wp-content\/uploads\/2022\/12\/AMLO-1-2.jpeg","jetpack_sharing_enabled":true,"_links":{"self":[{"href":"https:\/\/ovelanalista.com\/index.php?rest_route=\/wp\/v2\/posts\/67936","targetHints":{"allow":["GET"]}}],"collection":[{"href":"https:\/\/ovelanalista.com\/index.php?rest_route=\/wp\/v2\/posts"}],"about":[{"href":"https:\/\/ovelanalista.com\/index.php?rest_route=\/wp\/v2\/types\/post"}],"author":[{"embeddable":true,"href":"https:\/\/ovelanalista.com\/index.php?rest_route=\/wp\/v2\/users\/3"}],"replies":[{"embeddable":true,"href":"https:\/\/ovelanalista.com\/index.php?rest_route=%2Fwp%2Fv2%2Fcomments&post=67936"}],"version-history":[{"count":2,"href":"https:\/\/ovelanalista.com\/index.php?rest_route=\/wp\/v2\/posts\/67936\/revisions"}],"predecessor-version":[{"id":67938,"href":"https:\/\/ovelanalista.com\/index.php?rest_route=\/wp\/v2\/posts\/67936\/revisions\/67938"}],"wp:featuredmedia":[{"embeddable":true,"href":"https:\/\/ovelanalista.com\/index.php?rest_route=\/wp\/v2\/media\/64764"}],"wp:attachment":[{"href":"https:\/\/ovelanalista.com\/index.php?rest_route=%2Fwp%2Fv2%2Fmedia&parent=67936"}],"wp:term":[{"taxonomy":"category","embeddable":true,"href":"https:\/\/ovelanalista.com\/index.php?rest_route=%2Fwp%2Fv2%2Fcategories&post=67936"},{"taxonomy":"post_tag","embeddable":true,"href":"https:\/\/ovelanalista.com\/index.php?rest_route=%2Fwp%2Fv2%2Ftags&post=67936"}],"curies":[{"name":"wp","href":"https:\/\/api.w.org\/{rel}","templated":true}]}}