{"id":67939,"date":"2023-02-01T16:00:04","date_gmt":"2023-02-01T23:00:04","guid":{"rendered":"https:\/\/ovelanalista.com\/?p=67939"},"modified":"2023-02-01T14:45:05","modified_gmt":"2023-02-01T21:45:05","slug":"fbi-allana-la-casa-de-playa-de-joe-biden-en-busca-de-documentos-clasificados","status":"publish","type":"post","link":"https:\/\/ovelanalista.com\/?p=67939","title":{"rendered":"FBI allana la casa de playa de Joe Biden en busca de documentos clasificados"},"content":{"rendered":"<p data-t=\"{&quot;n&quot;:&quot;blueLinks&quot;}\">El Bur\u00f3 Federal de Investigaciones (FBI)\u00a0<strong>realiz\u00f3\u00a0un allanamiento planificado en la casa de verano del presidente de Estados Unidos,\u00a0Joe Biden, en Rehoboth Beach<\/strong>\u00a0(Delaware), como parte de su investigaci\u00f3n sobre el posible mal manejo de documentos clasificados, dijo el abogado personal del presidente.<\/p>\n<div class=\"article-image-container   \" data-t=\"{&quot;n&quot;:&quot;OpenModal&quot;,&quot;t&quot;:13}\">\n<p data-t=\"{&quot;n&quot;:&quot;blueLinks&quot;}\">\u201cAcordamos cooperar\u201d, dijo el abogado personal de Biden, Bob Bauer, en un comunicado, y dijo que se divulgar\u00eda m\u00e1s informaci\u00f3n una vez que concluyera la b\u00fasqueda.<\/p>\n<p data-t=\"{&quot;n&quot;:&quot;blueLinks&quot;}\"><strong>El allanamiento sigue a una revisi\u00f3n de arriba a abajo de 13 horas de su casa en Wilmington (Delaware)<\/strong>, el 20 de enero, cuando los agentes localizaron documentos adicionales con marcas clasificadas y tambi\u00e9n tomaron posesi\u00f3n de algunas de sus notas escritas a mano.<\/p>\n<\/div>\n<p data-t=\"{&quot;n&quot;:&quot;blueLinks&quot;}\">\n<p data-t=\"{&quot;n&quot;:&quot;blueLinks&quot;}\">Con informmaci\u00f3n de Excelsior<\/p>\n","protected":false},"excerpt":{"rendered":"<p>El Bur\u00f3 Federal de Investigaciones (FBI)\u00a0realiz\u00f3\u00a0un allanamiento planificado en la casa de verano del presidente de Estados Unidos,\u00a0Joe Biden, en Rehoboth Beach\u00a0(Delaware), como parte de su investigaci\u00f3n sobre el posible mal manejo de documentos clasificados, dijo el abogado personal del presidente. \u201cAcordamos cooperar\u201d, dijo el abogado personal de Biden, Bob Bauer, en un comunicado, y dijo que se divulgar\u00eda m\u00e1s informaci\u00f3n una vez que concluyera la b\u00fasqueda. El allanamiento sigue a una revisi\u00f3n de arriba a abajo de 13 horas de su casa en Wilmington (Delaware), el 20 de enero, cuando los agentes localizaron documentos adicionales con marcas clasificadas y [&hellip;]<\/p>\n","protected":false},"author":3,"featured_media":67940,"comment_status":"open","ping_status":"open","sticky":false,"template":"","format":"standard","meta":{"_jetpack_newsletter_access":"","_jetpack_dont_email_post_to_subs":false,"_jetpack_newsletter_tier_id":0,"_jetpack_memberships_contains_paywalled_content":false,"_jetpack_feature_clip_id":0,"_jetpack_memberships_contains_paid_content":false,"footnotes":"","jetpack_publicize_message":"","jetpack_publicize_feature_enabled":true,"jetpack_social_post_already_shared":true,"jetpack_social_options":{"image_generator_settings":{"template":"highway","default_image_id":0,"font":"","enabled":false},"version":2},"jetpack_post_was_ever_published":false},"categories":[89,72],"tags":[],"class_list":["post-67939","post","type-post","status-publish","format-standard","has-post-thumbnail","hentry","category-internacional","category-portada","post--single"],"jetpack_publicize_connections":[],"jetpack_featured_media_url":"https:\/\/ovelanalista.com\/wp-content\/uploads\/2023\/02\/Joe-Biden-.jpeg","jetpack_sharing_enabled":true,"_links":{"self":[{"href":"https:\/\/ovelanalista.com\/index.php?rest_route=\/wp\/v2\/posts\/67939","targetHints":{"allow":["GET"]}}],"collection":[{"href":"https:\/\/ovelanalista.com\/index.php?rest_route=\/wp\/v2\/posts"}],"about":[{"href":"https:\/\/ovelanalista.com\/index.php?rest_route=\/wp\/v2\/types\/post"}],"author":[{"embeddable":true,"href":"https:\/\/ovelanalista.com\/index.php?rest_route=\/wp\/v2\/users\/3"}],"replies":[{"embeddable":true,"href":"https:\/\/ovelanalista.com\/index.php?rest_route=%2Fwp%2Fv2%2Fcomments&post=67939"}],"version-history":[{"count":1,"href":"https:\/\/ovelanalista.com\/index.php?rest_route=\/wp\/v2\/posts\/67939\/revisions"}],"predecessor-version":[{"id":67941,"href":"https:\/\/ovelanalista.com\/index.php?rest_route=\/wp\/v2\/posts\/67939\/revisions\/67941"}],"wp:featuredmedia":[{"embeddable":true,"href":"https:\/\/ovelanalista.com\/index.php?rest_route=\/wp\/v2\/media\/67940"}],"wp:attachment":[{"href":"https:\/\/ovelanalista.com\/index.php?rest_route=%2Fwp%2Fv2%2Fmedia&parent=67939"}],"wp:term":[{"taxonomy":"category","embeddable":true,"href":"https:\/\/ovelanalista.com\/index.php?rest_route=%2Fwp%2Fv2%2Fcategories&post=67939"},{"taxonomy":"post_tag","embeddable":true,"href":"https:\/\/ovelanalista.com\/index.php?rest_route=%2Fwp%2Fv2%2Ftags&post=67939"}],"curies":[{"name":"wp","href":"https:\/\/api.w.org\/{rel}","templated":true}]}}