{"id":67946,"date":"2023-02-01T17:30:46","date_gmt":"2023-02-02T00:30:46","guid":{"rendered":"https:\/\/ovelanalista.com\/?p=67946"},"modified":"2023-02-01T14:57:00","modified_gmt":"2023-02-01T21:57:00","slug":"impide-san-lazaro-ingreso-de-escolta-del-ejercito-al-salon-de-plenos","status":"publish","type":"post","link":"https:\/\/ovelanalista.com\/?p=67946","title":{"rendered":"Impide San L\u00e1zaro ingreso de escolta del Ej\u00e9rcito al sal\u00f3n de Plenos"},"content":{"rendered":"<p data-t=\"{&quot;n&quot;:&quot;blueLinks&quot;}\">Como no hab\u00eda ocurrido, el Ej\u00e9rcito Mexicano envi\u00f3 a la C\u00e1mara de Diputados una escolta de bandera y una banda de guerra armados, como parte del ceremonial del inicio del periodo de sesiones ordinarias, pero la Mesa Directiva impidi\u00f3 que entraran al recinto y los honores a la bandera tuvieron que realizarse, por primera vez, en el vest\u00edbulo.<\/p>\n<div class=\"article-image-container   \" data-t=\"{&quot;n&quot;:&quot;OpenModal&quot;,&quot;t&quot;:13}\">\n<p data-t=\"{&quot;n&quot;:&quot;blueLinks&quot;}\">Los militares se presentaron a la c\u00e1mara en informe de campa\u00f1a y con sus fusiles. Morena objet\u00f3 que no solo el presidente de la c\u00e1mara, Santiago Creel Miranda (PAN) ten\u00eda que evitar la entrada de soldados con armas al pleno, sino incluso al Palacio Legislativo.<\/p>\n<p data-t=\"{&quot;n&quot;:&quot;blueLinks&quot;}\">La decisi\u00f3n del presidente del Congreso General, Santiago Creel Miranda (PAN), que respald\u00f3 la Mesa Directiva, desat\u00f3 un griter\u00edo entre las filas de Morena, que cant\u00f3 el Himno Nacional y reclam\u00f3 que los honores a la bandera no se llevaran a cabo en el sal\u00f3n de plenos.<\/p>\n<p data-t=\"{&quot;n&quot;:&quot;blueLinks&quot;}\">Creel ataj\u00f3 que, como presidente de la C\u00e1mara, su responsabilidad y obligaci\u00f3n es garantizar la inviolabilidad del recinto parlamentario, como prev\u00e9n el art\u00edculo 61, p\u00e1rrafo 2 de la Constituci\u00f3n y el numeral 2 del art\u00edculo 12 de la Ley Org\u00e1nica del Congreso.<\/p>\n<p data-t=\"{&quot;n&quot;:&quot;blueLinks&quot;}\">\u201c\u00a1Ap\u00e1trida! \u00a1Traidor a la patria! \u00a1No eres rey!\u201d, le reclamaban legisladores de Morena y PT.<\/p>\n<p data-t=\"{&quot;n&quot;:&quot;blueLinks&quot;}\">No obstante, Creel se mantuvo firme.<\/p>\n<p class=\"continue-read-break\" data-t=\"{&quot;n&quot;:&quot;blueLinks&quot;}\">Inform\u00f3 que los diputados decidieron salir al vest\u00edbulo, donde se encontraba la escolta y la banda de guerra, del 104 Batall\u00f3n de Infanter\u00eda con sede la Ciudad de M\u00e9xico.<\/p>\n<p class=\"\" data-t=\"{&quot;n&quot;:&quot;blueLinks&quot;}\">\u201cLa escolta est\u00e1 armada y en este sal\u00f3n de sesiones no pueden entrar hombres armados. Convenimos con la Secretar\u00eda de la Defensa Nacional el protocolo para hacer los honores a la bandera\u201d, dijo.<\/p>\n<p class=\"\" data-t=\"{&quot;n&quot;:&quot;blueLinks&quot;}\">Cuando los legisladores de las bancadas y senadores de Morena terminaron de cantar el Himno, Creel revir\u00f3 con un \u201c\u00a1Viva M\u00e9xico!\u201d<\/p>\n<div class=\"article-clear-div\"><\/div>\n<div class=\"video-clear-div\">\n<p class=\"\" data-t=\"{&quot;n&quot;:&quot;blueLinks&quot;}\">Luego, dijo que, si bien entend\u00eda los reclamos por las circunstancias para desahogar el protocolo, \u201ccomo presidente de la C\u00e1mara yo no puedo permitir armas en este sal\u00f3n de sesiones, que es un parlamento, que es una soberan\u00eda, que es el Congreso de la Uni\u00f3n, al cual me debo\u201d.<\/p>\n<p class=\"\" data-t=\"{&quot;n&quot;:&quot;blueLinks&quot;}\">Enseguida, declar\u00f3 la apertura del periodo de sesiones ordinarias y anunci\u00f3 que, con el presidente del Senado, Alejandro Armenta Mier, hab\u00eda acordado un di\u00e1logo permanente para definir las prioridades de ambas c\u00e1maras.<\/p>\n<p class=\"\" data-t=\"{&quot;n&quot;:&quot;blueLinks&quot;}\">Creel trastabill\u00f3 en su discurso ante la presi\u00f3n que se ejerc\u00eda de las filas morenistas.<\/p>\n<p class=\"\" data-t=\"{&quot;n&quot;:&quot;blueLinks&quot;}\">Todav\u00eda en medio del esc\u00e1ndalo, pidi\u00f3 que se entonara el Himno Nacional, bajo el acompa\u00f1amiento de la banda de m\u00fasica de la Armada y de la Fuerza A\u00e9rea, cuyos integrantes entraron solo en uniforme de campa\u00f1a y sus instrumentos.<\/p>\n<p class=\"\" data-t=\"{&quot;n&quot;:&quot;blueLinks&quot;}\">Tras el Himno, Creel, acompa\u00f1ado de los integrantes de la Mesa Directiva y de Armenta Mier, salieron al vest\u00edbulo.<\/p>\n<p class=\"\" data-t=\"{&quot;n&quot;:&quot;blueLinks&quot;}\">La escolta esperaba justo debajo del mural Las Constituciones de M\u00e9xico, la obra que Adolfo Mexiac desarroll\u00f3 en caoba entintada.<\/p>\n<p class=\"\" data-t=\"{&quot;n&quot;:&quot;blueLinks&quot;}\">Hasta ah\u00ed se presentaron los integrantes de la Mesa Directiva. El corneta de la banda de guerra orden\u00f3 firmes, luego saludar y los militares levantaron sus armas. A su vez, los legisladores saludaron a la bandera con sus manos en el pecho, y la banda \u2013cuyos integrantes llevaban terciados los fusiles en la espalda- interpret\u00f3 el Toque de Bandera.<\/p>\n<p class=\"\" data-t=\"{&quot;n&quot;:&quot;blueLinks&quot;}\">La escolta sali\u00f3 con la bandera hacia el Sal\u00f3n de Protocolo y detr\u00e1s de ella, la banda de guerra.<\/p>\n<p class=\"\" data-t=\"{&quot;n&quot;:&quot;blueLinks&quot;}\">Ya con los senadores y diputados de vuelta en el sal\u00f3n, el conflicto se aviv\u00f3 porque, tambi\u00e9n por vez primera, Morena se neg\u00f3 a aprobar el acta de la sesi\u00f3n de Congreso General. Seg\u00fan la diputada Cecilia M\u00e1rquez (Morena), ello implica que se pod\u00eda declarar instalado el periodo de sesiones.<\/p>\n<p class=\"\" data-t=\"{&quot;n&quot;:&quot;blueLinks&quot;}\">\u201cEl acta no es un elemento constitutivo, sino el qu\u00f3rum y la declaratoria de instalaci\u00f3n. Todo lo dem\u00e1s es un protocolo y los protocolos pueden cambiar, ataj\u00f3 Creel.<\/p>\n<p class=\"\" data-t=\"{&quot;n&quot;:&quot;blueLinks&quot;}\">Con esa definici\u00f3n, levant\u00f3 la sesi\u00f3n y cit\u00f3 para la primera sesi\u00f3n de car\u00e1cter ordinario para ma\u00f1ana martes 2 de febrero, a las 11 de la ma\u00f1ana.<\/p>\n<p class=\"\" data-t=\"{&quot;n&quot;:&quot;blueLinks&quot;}\">Ante las cr\u00edticas de senadores y diputados de Morena, Creel dijo en conferencia:<\/p>\n<p class=\"\" data-t=\"{&quot;n&quot;:&quot;blueLinks&quot;}\">\u201cSin miramientos acept\u00e9 cumplir y hacer cumplir la Constituci\u00f3n. No pod\u00eda conducirme de otra manera. No hubo ning\u00fan integrante de la Mesa que me dijera que hiciera otra cosa. Segu\u00ed adelante, sin titubeos, porque siempre lo voy a hacer, as\u00ed como presidente del Congreso. La ley es la ley y la Constituci\u00f3n es la Constituci\u00f3n y se va a aplicar, digan lo que digan quienes lo hagan. La Ley Org\u00e1nica del Congreso va por encima de cualquier opci\u00f3n pol\u00edtica\u201d.<\/p>\n<\/div>\n<\/div>\n<p data-t=\"{&quot;n&quot;:&quot;blueLinks&quot;}\">Con informaci\u00f3n de La Jornada<\/p>\n","protected":false},"excerpt":{"rendered":"<p>Como no hab\u00eda ocurrido, el Ej\u00e9rcito Mexicano envi\u00f3 a la C\u00e1mara de Diputados una escolta de bandera y una banda de guerra armados, como parte del ceremonial del inicio del periodo de sesiones ordinarias, pero la Mesa Directiva impidi\u00f3 que entraran al recinto y los honores a la bandera tuvieron que realizarse, por primera vez, en el vest\u00edbulo. Los militares se presentaron a la c\u00e1mara en informe de campa\u00f1a y con sus fusiles. Morena objet\u00f3 que no solo el presidente de la c\u00e1mara, Santiago Creel Miranda (PAN) ten\u00eda que evitar la entrada de soldados con armas al pleno, sino incluso [&hellip;]<\/p>\n","protected":false},"author":3,"featured_media":67947,"comment_status":"open","ping_status":"open","sticky":false,"template":"","format":"standard","meta":{"_jetpack_newsletter_access":"","_jetpack_dont_email_post_to_subs":false,"_jetpack_newsletter_tier_id":0,"_jetpack_memberships_contains_paywalled_content":false,"_jetpack_feature_clip_id":0,"_jetpack_memberships_contains_paid_content":false,"footnotes":"","jetpack_publicize_message":"","jetpack_publicize_feature_enabled":true,"jetpack_social_post_already_shared":true,"jetpack_social_options":{"image_generator_settings":{"template":"highway","default_image_id":0,"font":"","enabled":false},"version":2},"jetpack_post_was_ever_published":false},"categories":[75,72],"tags":[],"class_list":["post-67946","post","type-post","status-publish","format-standard","has-post-thumbnail","hentry","category-nacional","category-portada","post--single"],"jetpack_publicize_connections":[],"jetpack_featured_media_url":"https:\/\/ovelanalista.com\/wp-content\/uploads\/2023\/02\/Eje\u0301rcito.jpeg","jetpack_sharing_enabled":true,"_links":{"self":[{"href":"https:\/\/ovelanalista.com\/index.php?rest_route=\/wp\/v2\/posts\/67946","targetHints":{"allow":["GET"]}}],"collection":[{"href":"https:\/\/ovelanalista.com\/index.php?rest_route=\/wp\/v2\/posts"}],"about":[{"href":"https:\/\/ovelanalista.com\/index.php?rest_route=\/wp\/v2\/types\/post"}],"author":[{"embeddable":true,"href":"https:\/\/ovelanalista.com\/index.php?rest_route=\/wp\/v2\/users\/3"}],"replies":[{"embeddable":true,"href":"https:\/\/ovelanalista.com\/index.php?rest_route=%2Fwp%2Fv2%2Fcomments&post=67946"}],"version-history":[{"count":1,"href":"https:\/\/ovelanalista.com\/index.php?rest_route=\/wp\/v2\/posts\/67946\/revisions"}],"predecessor-version":[{"id":67948,"href":"https:\/\/ovelanalista.com\/index.php?rest_route=\/wp\/v2\/posts\/67946\/revisions\/67948"}],"wp:featuredmedia":[{"embeddable":true,"href":"https:\/\/ovelanalista.com\/index.php?rest_route=\/wp\/v2\/media\/67947"}],"wp:attachment":[{"href":"https:\/\/ovelanalista.com\/index.php?rest_route=%2Fwp%2Fv2%2Fmedia&parent=67946"}],"wp:term":[{"taxonomy":"category","embeddable":true,"href":"https:\/\/ovelanalista.com\/index.php?rest_route=%2Fwp%2Fv2%2Fcategories&post=67946"},{"taxonomy":"post_tag","embeddable":true,"href":"https:\/\/ovelanalista.com\/index.php?rest_route=%2Fwp%2Fv2%2Ftags&post=67946"}],"curies":[{"name":"wp","href":"https:\/\/api.w.org\/{rel}","templated":true}]}}