{"id":67949,"date":"2023-02-01T17:45:40","date_gmt":"2023-02-02T00:45:40","guid":{"rendered":"https:\/\/ovelanalista.com\/?p=67949"},"modified":"2023-02-01T14:59:59","modified_gmt":"2023-02-01T21:59:59","slug":"niegan-amparo-al-z-42-exlider-de-los-zetas-contra-captura-por-masacre-en-allende-coahuila","status":"publish","type":"post","link":"https:\/\/ovelanalista.com\/?p=67949","title":{"rendered":"Niegan amparo al \u201cZ-42\u201d, exl\u00edder de Los Zetas, contra captura por masacre en Allende, Coahuila"},"content":{"rendered":"<p>Niegan amparo al \u201cZ-42\u201d, exl\u00edder de Los Zetas, contra captura por masacre en Allende, Coahuila Un juez neg\u00f3 el amparo y protecci\u00f3n de la justicia federal al exl\u00edder de\u00a0<strong>Los Zetas<\/strong>,\u00a0<strong>Oscar Omar Trevi\u00f1o Morales<\/strong>, alias\u00a0<strong>\u201cEl Z42\u201d<\/strong>, preso en el penal del Altiplano,\u00a0 contra la orden de detenci\u00f3n en su contra por el caso de la masacre, secuestro y desaparici\u00f3n de personas en Allende, Coahuila, en marzo de 2011.<\/p>\n<p data-t=\"{&quot;n&quot;:&quot;blueLinks&quot;}\">Abigail Ocampo \u00c1lvarez, secretaria en funciones de jueza Primero de Distrito en Materia de Amparo y Juicios Federales en el Estado de M\u00e9xico, declar\u00f3 infundados los alegatos de Trevi\u00f1o Morales, consistentes en presuntas violaciones al debido proceso, a su derecho de\u00a0 audiencia y a una defensa adecuada en esta acusaci\u00f3n.<\/p>\n<p data-t=\"{&quot;n&quot;:&quot;blueLinks&quot;}\">En septiembre de 2017, el\u00a0 juez Segundo de Primera Instancia en Materia Penal de Distrito judicial de R\u00edo Grande, en Coahuila, orden\u00f3 la captura de \u201cEl Z42\u201d por el delito de secuestro agravado contra m\u00e1s de 40 personas por hechos ocurridos en el municipio de Allende.<\/p>\n<p class=\"continue-read-break\" data-t=\"{&quot;n&quot;:&quot;blueLinks&quot;}\">En marzo de 2011, Oscar Omar Trevi\u00f1o Morales, alias \u201cEl Z42\u201d, y su hermano, Miguel \u00c1ngel Trevi\u00f1o Morales, \u201cEl Z40\u201d, ordenaron a sus sicarios tomar el municipio de Allende en busca de cuatro de sus integrantes quienes supuestamente los traicionaron, y les robaron cinco millones de d\u00f3lares, matando a m\u00e1s de 40 personas en el pueblo.<\/p>\n<p class=\"\" data-t=\"{&quot;n&quot;:&quot;blueLinks&quot;}\">Un grupo de denunciantes, la atribuyen a Oscar Omar Trevi\u00f1o Morales, \u201cEl Z42\u201d, que el 15 de marzo de 2011, siendo jefe del grupo delictivo de Los Zetas, orden\u00f3 al \u201cComandante 7\u201d, \u201cEl Flaca\u201d, \u201cEl Canelo\u201d, \u201cEl P\u00e1jaro\u201d,\u00a0 \u201cEl Pala\u201d y a otros zetas no identificados, secuestrar a integrantes de una familia por haber traicionado a la organizaci\u00f3n criminal, lo cual se realiz\u00f3 el 18, 19 y 20 de marzo de 2011.<\/p>\n<div class=\"article-clear-div\"><\/div>\n<p class=\"\" data-t=\"{&quot;n&quot;:&quot;blueLinks&quot;}\">\u201cCon lujo de violencia procedieron a impedir la deambulaci\u00f3n f\u00edsica de\u2026. acto seguido, siendo aproximadamente entre las veinte horas con treinta minutos y veintiuna horas del veinte de marzo de dos mil once, se encontraban dichas personas presentes en el rancho de \u201cLos Garza\u201d propiedad de ** ** ** ** , ubicado sobre la carretera *** ** *** , aproximadamente en el kil\u00f3metro siete, posteriormente ingresaron a las v\u00edctimas en una bodega del referido rancho, sin que se les permit\u00eda salir y siendo maltratadas por unos encapuchados para despu\u00e9s de que les quitaron la vida, fueron incinerados con combustible tipo di\u00e9sel; siendo que hasta la fecha, los pasivos se encuentran extraviados, sin dato exacto de su ubicaci\u00f3n, por lo que no ha sido posible su localizaci\u00f3n\u201d, declar\u00f3 uno de los agraviados ante el ministerio p\u00fablico.<\/p>\n<p class=\"\" data-t=\"{&quot;n&quot;:&quot;blueLinks&quot;}\">Para controvertir la orden de captura, \u201cEl Z42\u201d, afirm\u00f3 en su demanda de amparo que la autoridad responsable viol\u00f3 en su perjuicio el derecho de audiencia y debido proceso, dado que, al no ser citado a la indagatoria instaurada en su contra, se le priv\u00f3 de ofrecer pruebas y designar defensor.<\/p>\n<p class=\"\" data-t=\"{&quot;n&quot;:&quot;blueLinks&quot;}\">Adem\u00e1s de que el mandamiento judicial no constituye un mandamiento escrito en el que se funde y motive la causa legal del procedimiento, dado que no cometi\u00f3 ninguna conducta il\u00edcita.<\/p>\n<p class=\"\" data-t=\"{&quot;n&quot;:&quot;blueLinks&quot;}\">No obstante, la secretaria en funciones de jueza determin\u00f3 que \u201clos conceptos de violaci\u00f3n antes sintetizados, son infundados, sin que se advierta motivo de queja deficiente que suplir, por lo que procede negar el amparo y protecci\u00f3n solicitado\u201d.<\/p>\n<p class=\"\" data-t=\"{&quot;n&quot;:&quot;blueLinks&quot;}\">En 2015, \u201cEl Z-42\u201d fue detenido en su casa del municipio de San Pedro Garza Garc\u00eda, Nuevo Le\u00f3n, y en 2019 fue sentenciado a 18 a\u00f1os de prisi\u00f3n por el delito de lavado de dinero.<\/p>\n<p data-t=\"{&quot;n&quot;:&quot;blueLinks&quot;}\">\n<p data-t=\"{&quot;n&quot;:&quot;blueLinks&quot;}\">Con informaci\u00f3n de El Universal<\/p>\n","protected":false},"excerpt":{"rendered":"<p>Niegan amparo al \u201cZ-42\u201d, exl\u00edder de Los Zetas, contra captura por masacre en Allende, Coahuila Un juez neg\u00f3 el amparo y protecci\u00f3n de la justicia federal al exl\u00edder de\u00a0Los Zetas,\u00a0Oscar Omar Trevi\u00f1o Morales, alias\u00a0\u201cEl Z42\u201d, preso en el penal del Altiplano,\u00a0 contra la orden de detenci\u00f3n en su contra por el caso de la masacre, secuestro y desaparici\u00f3n de personas en Allende, Coahuila, en marzo de 2011. Abigail Ocampo \u00c1lvarez, secretaria en funciones de jueza Primero de Distrito en Materia de Amparo y Juicios Federales en el Estado de M\u00e9xico, declar\u00f3 infundados los alegatos de Trevi\u00f1o Morales, consistentes en presuntas [&hellip;]<\/p>\n","protected":false},"author":3,"featured_media":67950,"comment_status":"open","ping_status":"open","sticky":false,"template":"","format":"standard","meta":{"_jetpack_newsletter_access":"","_jetpack_dont_email_post_to_subs":false,"_jetpack_newsletter_tier_id":0,"_jetpack_memberships_contains_paywalled_content":false,"_jetpack_feature_clip_id":0,"_jetpack_memberships_contains_paid_content":false,"footnotes":"","jetpack_publicize_message":"","jetpack_publicize_feature_enabled":true,"jetpack_social_post_already_shared":true,"jetpack_social_options":{"image_generator_settings":{"template":"highway","default_image_id":0,"font":"","enabled":false},"version":2},"jetpack_post_was_ever_published":false},"categories":[75,72],"tags":[],"class_list":["post-67949","post","type-post","status-publish","format-standard","has-post-thumbnail","hentry","category-nacional","category-portada","post--single"],"jetpack_publicize_connections":[],"jetpack_featured_media_url":"https:\/\/ovelanalista.com\/wp-content\/uploads\/2023\/02\/Z-42.jpeg","jetpack_sharing_enabled":true,"_links":{"self":[{"href":"https:\/\/ovelanalista.com\/index.php?rest_route=\/wp\/v2\/posts\/67949","targetHints":{"allow":["GET"]}}],"collection":[{"href":"https:\/\/ovelanalista.com\/index.php?rest_route=\/wp\/v2\/posts"}],"about":[{"href":"https:\/\/ovelanalista.com\/index.php?rest_route=\/wp\/v2\/types\/post"}],"author":[{"embeddable":true,"href":"https:\/\/ovelanalista.com\/index.php?rest_route=\/wp\/v2\/users\/3"}],"replies":[{"embeddable":true,"href":"https:\/\/ovelanalista.com\/index.php?rest_route=%2Fwp%2Fv2%2Fcomments&post=67949"}],"version-history":[{"count":1,"href":"https:\/\/ovelanalista.com\/index.php?rest_route=\/wp\/v2\/posts\/67949\/revisions"}],"predecessor-version":[{"id":67951,"href":"https:\/\/ovelanalista.com\/index.php?rest_route=\/wp\/v2\/posts\/67949\/revisions\/67951"}],"wp:featuredmedia":[{"embeddable":true,"href":"https:\/\/ovelanalista.com\/index.php?rest_route=\/wp\/v2\/media\/67950"}],"wp:attachment":[{"href":"https:\/\/ovelanalista.com\/index.php?rest_route=%2Fwp%2Fv2%2Fmedia&parent=67949"}],"wp:term":[{"taxonomy":"category","embeddable":true,"href":"https:\/\/ovelanalista.com\/index.php?rest_route=%2Fwp%2Fv2%2Fcategories&post=67949"},{"taxonomy":"post_tag","embeddable":true,"href":"https:\/\/ovelanalista.com\/index.php?rest_route=%2Fwp%2Fv2%2Ftags&post=67949"}],"curies":[{"name":"wp","href":"https:\/\/api.w.org\/{rel}","templated":true}]}}