{"id":67993,"date":"2023-02-02T15:30:17","date_gmt":"2023-02-02T22:30:17","guid":{"rendered":"https:\/\/ovelanalista.com\/?p=67993"},"modified":"2023-02-02T15:04:48","modified_gmt":"2023-02-02T22:04:48","slug":"ine-presenta-controversia-constitucional-por-plan-b-de-reforma-electoral","status":"publish","type":"post","link":"https:\/\/ovelanalista.com\/?p=67993","title":{"rendered":"INE presenta controversia constitucional por \u2018plan B\u2019 de reforma electoral"},"content":{"rendered":"<p data-t=\"{&quot;n&quot;:&quot;blueLinks&quot;}\">El\u00a0<strong>Instituto Nacional Electoral<\/strong>\u00a0(INE) present\u00f3 ante la\u00a0<strong>Suprema Corte de Justicia de la Naci\u00f3n<\/strong>\u00a0(SCJN) una controversia constitucional en contra de las reformas a la ley general de Comunicaci\u00f3n Social y a la ley general de Responsabilidades Administrativas, que forman parte del \u00a0<a tabindex=\"0\" href=\"https:\/\/www.animalpolitico.com\/politica\/plan-b-elecciones-confrotacion-amlo-ine\" target=\"_blank\" rel=\"noopener\" data-t=\"{&quot;n&quot;:&quot;destination&quot;,&quot;t&quot;:13,&quot;b&quot;:1,&quot;c.t&quot;:7}\">\u201cplan B\u201d de la reforma electoral<\/a>.<\/p>\n<div class=\"article-image-container   \" data-t=\"{&quot;n&quot;:&quot;OpenModal&quot;,&quot;t&quot;:13}\">\n<p data-t=\"{&quot;n&quot;:&quot;blueLinks&quot;}\">El INE argument\u00f3 que dichas modificaciones legislativas que se plantearon en el\u00a0<a tabindex=\"0\" href=\"https:\/\/www.dof.gob.mx\/nota_detalle.php?codigo=5675885&amp;fecha=27\/12\/2022#gsc.tab=0\" target=\"_blank\" rel=\"noopener\" data-t=\"{&quot;n&quot;:&quot;destination&quot;,&quot;t&quot;:13,&quot;b&quot;:1,&quot;c.t&quot;:7}\">decreto<\/a>, publicado el 27 de diciembre de 2022, merman la autonom\u00eda del Instituto y su capacidad para ejercer las funciones.<\/p>\n<p data-t=\"{&quot;n&quot;:&quot;blueLinks&quot;}\">Adem\u00e1s, se\u00f1ala en un comunicado, desequilibra el modelo de comunicaci\u00f3n social y perjudica la equidad en la contienda.<\/p>\n<p data-t=\"{&quot;n&quot;:&quot;blueLinks&quot;}\">\u201cLa Constituci\u00f3n es clara en establecer que las personas servidoras p\u00fablicas deben aplicar los recursos p\u00fablicos con imparcialidad, sin influir en la equidad de la contienda, as\u00ed como que la propaganda gubernamental debe tener car\u00e1cter y contenido institucional, sin poder incluir mensajes o im\u00e1genes que constituyan propaganda personalizada para posicionarse ante el electorado\u201d.<\/p>\n<p data-t=\"{&quot;n&quot;:&quot;blueLinks&quot;}\">A\u00f1ade que \u201cla reforma aprobada desconoce esas prohibiciones y permite que las autoridades puedan intervenir en la contienda, so pretexto de ejercer la libertad de expresi\u00f3n de quienes ostentan los cargos p\u00fablicos, en franca contravenci\u00f3n al derecho de la ciudadan\u00eda de recibir informaci\u00f3n por parte del gobierno, cierta y objetiva\u201d.<\/p>\n<p class=\"\" data-t=\"{&quot;n&quot;:&quot;blueLinks&quot;}\">Advierte que el decreto contraviene el modelo de comunicaci\u00f3n social y propaganda gubernamental establecido en el art\u00edculo 134 Constitucional, con lo cual impide al INE ejercer su funci\u00f3n de salvaguardar, entre otros principios, la imparcialidad y la equidad en la contienda.<\/p>\n<p class=\"\" data-t=\"{&quot;n&quot;:&quot;blueLinks&quot;}\">En la controversia, el organismo electoral reclama diversas violaciones al proceso legislativo \u201cal haberse aprobado apresuradamente y sin cumplir todas las etapas y formalidades, lo que deriv\u00f3 en la falta de una debida discusi\u00f3n\u201d.<\/p>\n<p class=\"\" data-t=\"{&quot;n&quot;:&quot;blueLinks&quot;}\">El consejero presidente del Instituto Nacional Electoral (INE), Lorenzo C\u00f3rdova, ha advertido que de prosperar el\u00a0<a tabindex=\"0\" href=\"https:\/\/www.animalpolitico.com\/politica\/ine-riesgo-elecciones-amlo-plan-b-reforma-electoral\" target=\"_blank\" rel=\"noopener\" data-t=\"{&quot;n&quot;:&quot;destination&quot;,&quot;t&quot;:13,&quot;b&quot;:1,&quot;c.t&quot;:7}\">plan B de reforma electoral<\/a>\u00a0, M\u00e9xico estar\u00eda ante el riesgo de un conflicto pre y postelectoral, lo que podr\u00eda derivar en la anulaci\u00f3n de las elecciones de 2024.<\/p>\n<p data-t=\"{&quot;n&quot;:&quot;blueLinks&quot;}\">En d\u00edas pasados, se dio a conocer un informe, en la sesi\u00f3n extraordinaria del Consejo General del INE, sobre el impacto de las disposiciones transitorias de las reformas del \u201cplan B\u201d que provocar\u00eda, se\u00f1ala, acciones de alto impacto en el funcionamiento del Instituto.<\/p>\n<\/div>\n<p data-t=\"{&quot;n&quot;:&quot;blueLinks&quot;}\">Con informaci\u00f3n de Animal Pol\u00edtico<\/p>\n","protected":false},"excerpt":{"rendered":"<p>El\u00a0Instituto Nacional Electoral\u00a0(INE) present\u00f3 ante la\u00a0Suprema Corte de Justicia de la Naci\u00f3n\u00a0(SCJN) una controversia constitucional en contra de las reformas a la ley general de Comunicaci\u00f3n Social y a la ley general de Responsabilidades Administrativas, que forman parte del \u00a0\u201cplan B\u201d de la reforma electoral. El INE argument\u00f3 que dichas modificaciones legislativas que se plantearon en el\u00a0decreto, publicado el 27 de diciembre de 2022, merman la autonom\u00eda del Instituto y su capacidad para ejercer las funciones. Adem\u00e1s, se\u00f1ala en un comunicado, desequilibra el modelo de comunicaci\u00f3n social y perjudica la equidad en la contienda. \u201cLa Constituci\u00f3n es clara en establecer [&hellip;]<\/p>\n","protected":false},"author":3,"featured_media":51094,"comment_status":"open","ping_status":"open","sticky":false,"template":"","format":"standard","meta":{"_jetpack_newsletter_access":"","_jetpack_dont_email_post_to_subs":false,"_jetpack_newsletter_tier_id":0,"_jetpack_memberships_contains_paywalled_content":false,"_jetpack_feature_clip_id":0,"_jetpack_memberships_contains_paid_content":false,"footnotes":"","jetpack_publicize_message":"","jetpack_publicize_feature_enabled":true,"jetpack_social_post_already_shared":true,"jetpack_social_options":{"image_generator_settings":{"template":"highway","default_image_id":0,"font":"","enabled":false},"version":2},"jetpack_post_was_ever_published":false},"categories":[75,72],"tags":[],"class_list":["post-67993","post","type-post","status-publish","format-standard","has-post-thumbnail","hentry","category-nacional","category-portada","post--single"],"jetpack_publicize_connections":[],"jetpack_featured_media_url":"https:\/\/ovelanalista.com\/wp-content\/uploads\/2022\/08\/INE-.jpeg","jetpack_sharing_enabled":true,"_links":{"self":[{"href":"https:\/\/ovelanalista.com\/index.php?rest_route=\/wp\/v2\/posts\/67993","targetHints":{"allow":["GET"]}}],"collection":[{"href":"https:\/\/ovelanalista.com\/index.php?rest_route=\/wp\/v2\/posts"}],"about":[{"href":"https:\/\/ovelanalista.com\/index.php?rest_route=\/wp\/v2\/types\/post"}],"author":[{"embeddable":true,"href":"https:\/\/ovelanalista.com\/index.php?rest_route=\/wp\/v2\/users\/3"}],"replies":[{"embeddable":true,"href":"https:\/\/ovelanalista.com\/index.php?rest_route=%2Fwp%2Fv2%2Fcomments&post=67993"}],"version-history":[{"count":1,"href":"https:\/\/ovelanalista.com\/index.php?rest_route=\/wp\/v2\/posts\/67993\/revisions"}],"predecessor-version":[{"id":67995,"href":"https:\/\/ovelanalista.com\/index.php?rest_route=\/wp\/v2\/posts\/67993\/revisions\/67995"}],"wp:featuredmedia":[{"embeddable":true,"href":"https:\/\/ovelanalista.com\/index.php?rest_route=\/wp\/v2\/media\/51094"}],"wp:attachment":[{"href":"https:\/\/ovelanalista.com\/index.php?rest_route=%2Fwp%2Fv2%2Fmedia&parent=67993"}],"wp:term":[{"taxonomy":"category","embeddable":true,"href":"https:\/\/ovelanalista.com\/index.php?rest_route=%2Fwp%2Fv2%2Fcategories&post=67993"},{"taxonomy":"post_tag","embeddable":true,"href":"https:\/\/ovelanalista.com\/index.php?rest_route=%2Fwp%2Fv2%2Ftags&post=67993"}],"curies":[{"name":"wp","href":"https:\/\/api.w.org\/{rel}","templated":true}]}}